{"id":51054,"date":"2025-10-02T13:39:19","date_gmt":"2025-10-02T13:39:19","guid":{"rendered":"https:\/\/www.europesays.com\/no\/51054\/"},"modified":"2025-10-02T13:39:19","modified_gmt":"2025-10-02T13:39:19","slug":"namsfogden-sikrer-pant-i-bmw","status":"publish","type":"post","link":"https:\/\/www.europesays.com\/no\/51054\/","title":{"rendered":"Namsfogden sikrer pant i BMW"},"content":{"rendered":"<p class=\"kicker \" style=\"\">Marius Borg H\u00f8iby:<\/p>\n<p>  Namsfogden sikrer seg i kronprinsessens s\u00f8nns BMW.<\/p>\n<p>\n    TATT PANT I BILEN: Namsfogden har tinglyst et utleggspant p\u00e5 bilen til Marius Borg H\u00f8iby. Her er H\u00f8iby avbildet kj\u00f8rende til kronprinsesse Mette-Marits f\u00f8dselsdag i 2023. Foto: Andreas Fadum\/Se og H\u00f8r\n  <\/p>\n<p>19. september tinglyste namsfogden i Oslo, Asker og B\u00e6rum et utleggspant mot Marius Borg H\u00f8iby (28).<\/p>\n<p>    <a itemprop=\"url\" href=\"https:\/\/www.seher.no\/kongelig\/berlin-tur-med-diplomatpass\/83627457\" rel=\"nofollow noopener\" target=\"_blank\"><\/p>\n<p>      <img loading=\"lazy\" decoding=\"async\" src=\"https:\/\/www.europesays.com\/no\/wp-content\/uploads\/2025\/10\/83505470.webp\" width=\"980\" height=\"441\" title=\"Berlin-tur med diplomatpass\" alt=\"\" class=\"lazyload\" style=\"--aspect-ratio-image: 2.22; \"\/><\/p>\n<p>        Berlin-tur med diplomatpass<\/p>\n<p>    <\/a><\/p>\n<p>Kravet kommer fra Trafikkforsikringsforeningen (TFF) og er p\u00e5 21 258 kroner i ubetalte forsikringsregninger.<\/p>\n<p>Det skriver <a href=\"https:\/\/www.tv2.no\/aktualitet\/tvangskrav-mot-hoiby-etter-ubetalte-regninger\/18137175\/\" rel=\"nofollow noopener\" target=\"_blank\">TV 2<\/a>.\u00a0<\/p>\n<p>Bruksforbud\t<\/p>\n<p>Pantet er sikret i H\u00f8ibys BMW, men namsfogden opplyser til TV 2 at pengekravet ikke har noe med denne bilen \u00e5 gj\u00f8re.<\/p>\n<p>N\u00e5r forsikringen ikke blir betalt, f\u00e5r kj\u00f8ret\u00f8yet bruksforbud. Dette betyr ikke at det gjort noe straffbart.<\/p>\n<p>        LOFOTEN: Under en privat reise med kronprins Haakon, skal en av voldtektene Marius Borg H\u00f8iby er tiltalt for skjedd. Video: NTB \/ Instagram: @friflytfilmtour \/\/ Foto: Markus Malmin \/ Lofotposten \/ NTB \/ Se og H\u00f8r \/ Privat \/ Instagram: @trevarefabrikken \/\/ Reporter: H\u00e5vard Bj\u00f8rnerem<\/p>\n<p>\u00abSom L\u00f8s\u00f8reregisteret viser er det etablert pant for \u00e5 sikre et pengekrav\u00bb,\u00a0skriver namsfogd og enhetsleder\u00a0Alexander Dey i en epost til TV 2.<\/p>\n<p>    <a itemprop=\"url\" href=\"https:\/\/www.seher.no\/kongelig\/marius-og-martha-mangler-dommekraft\/83612394\" rel=\"nofollow noopener\" target=\"_blank\"><\/p>\n<p>      <img loading=\"lazy\" decoding=\"async\" src=\"https:\/\/www.europesays.com\/no\/wp-content\/uploads\/2025\/10\/83612877.webp\" width=\"147\" height=\"98\" title=\"- Begge mangler d\u00f8mmekraft\" alt=\"\" class=\"lazyload\" style=\"--aspect-ratio-image: 1.50; \"\/><\/p>\n<p>        &#8211; Begge mangler d\u00f8mmekraft<\/p>\n<p>    <\/a><\/p>\n<p>H\u00f8iby st\u00e5r registrert som eier, medeier eller leasingtaker av fem kj\u00f8ret\u00f8y hos Vegvesenet, if\u00f8lge kanalen. To av bilene hans st\u00e5r oppf\u00f8rt med bruksforbud og er avregistrert &#8211; den ene i mars 2022, den andre i juni 2024.<\/p>\n<p>Tiltalt\t<\/p>\n<p> Kronprinsesse Mette-Marits (53) s\u00f8nn er tiltalt for hele 32 lovbrudd, i varierende alvorlighetsgrad.<\/p>\n<p>De mest omtalte tiltalepunktene er fire voldtekter. Disse skal if\u00f8lge tiltalen ha forekommet mens de forn\u00e6rmede har sovet, og med andre ord har v\u00e6rt ute av stand til \u00e5 samtykke.\u00a0<\/p>\n<p>        BLANDEDE F\u00d8LELSER: Linni Meister avsl\u00f8rte at hun var kalt inn til et nytt Marius-avh\u00f8r. Bare timer senere deltok hun p\u00e5 Viaplays h\u00f8stlansering. Foto\/Video: Se og H\u00f8r \/ NTB \/\/ Klipp: H\u00e5vard Bj\u00f8rnerem<\/p>\n<p>H\u00f8ibys advokater har p\u00e5 sin side uttalt at det i alle de fire tilfellene skal ha startet som frivillig sex, hvor den ene parten har sovnet.<\/p>\n<p>    <a itemprop=\"url\" href=\"https:\/\/www.seher.no\/kjendis\/jeg-onsket-aldri-dette\/83601873\" rel=\"nofollow noopener\" target=\"_blank\"><\/p>\n<p>      <img loading=\"lazy\" decoding=\"async\" src=\"https:\/\/www.europesays.com\/no\/wp-content\/uploads\/2025\/10\/83601967.webp\" width=\"980\" height=\"441\" title=\"- Jeg \u00f8nsket aldri dette\" alt=\"\" class=\"lazyload\" style=\"--aspect-ratio-image: 2.22; \"\/><\/p>\n<p>        &#8211; Jeg \u00f8nsket aldri dette<\/p>\n<p>    <\/a><\/p>\n<p> Nora Haukland (28) og Linni Meister (39) er navngitte forn\u00e6rmede i saken &#8211; H\u00f8iby skal ha utsatt Nora for vold i n\u00e6re relasjoner, og utsatt Linni for sovevoldtekt. <\/p>\n<p>Se og H\u00f8r presiserer at Marius Borg H\u00f8iby som alle andre har krav p\u00e5 \u00e5 bli behandlet og omtalt som uskyldig inntil en eventuell domfellelse.<\/p>\n","protected":false},"excerpt":{"rendered":"Marius Borg H\u00f8iby: Namsfogden sikrer seg i kronprinsessens s\u00f8nns BMW. TATT PANT I BILEN: Namsfogden har tinglyst et&hellip;\n","protected":false},"author":2,"featured_media":51055,"comment_status":"","ping_status":"","sticky":false,"template":"","format":"standard","meta":{"footnotes":""},"categories":[10],"tags":[20,21,24,25,15,2543,76,22,23,400,13,30,28,29,14,16,26,27],"class_list":{"0":"post-51054","1":"post","2":"type-post","3":"status-publish","4":"format-standard","5":"has-post-thumbnail","7":"category-norge","8":"tag-breaking-news","9":"tag-breakingnews","10":"tag-featured-news","11":"tag-featurednews","12":"tag-headlines","13":"tag-kjendisdesken","14":"tag-kongelig","15":"tag-latest-news","16":"tag-latestnews","17":"tag-marius-borg-hoiby","18":"tag-news","19":"tag-no","20":"tag-norge","21":"tag-norway","22":"tag-nyheter","23":"tag-overskrifter","24":"tag-top-stories","25":"tag-topstories"},"share_on_mastodon":{"url":"","error":""},"_links":{"self":[{"href":"https:\/\/www.europesays.com\/no\/wp-json\/wp\/v2\/posts\/51054","targetHints":{"allow":["GET"]}}],"collection":[{"href":"https:\/\/www.europesays.com\/no\/wp-json\/wp\/v2\/posts"}],"about":[{"href":"https:\/\/www.europesays.com\/no\/wp-json\/wp\/v2\/types\/post"}],"author":[{"embeddable":true,"href":"https:\/\/www.europesays.com\/no\/wp-json\/wp\/v2\/users\/2"}],"replies":[{"embeddable":true,"href":"https:\/\/www.europesays.com\/no\/wp-json\/wp\/v2\/comments?post=51054"}],"version-history":[{"count":0,"href":"https:\/\/www.europesays.com\/no\/wp-json\/wp\/v2\/posts\/51054\/revisions"}],"wp:featuredmedia":[{"embeddable":true,"href":"https:\/\/www.europesays.com\/no\/wp-json\/wp\/v2\/media\/51055"}],"wp:attachment":[{"href":"https:\/\/www.europesays.com\/no\/wp-json\/wp\/v2\/media?parent=51054"}],"wp:term":[{"taxonomy":"category","embeddable":true,"href":"https:\/\/www.europesays.com\/no\/wp-json\/wp\/v2\/categories?post=51054"},{"taxonomy":"post_tag","embeddable":true,"href":"https:\/\/www.europesays.com\/no\/wp-json\/wp\/v2\/tags?post=51054"}],"curies":[{"name":"wp","href":"https:\/\/api.w.org\/{rel}","templated":true}]}}