{"id":51060,"date":"2025-10-02T13:42:09","date_gmt":"2025-10-02T13:42:09","guid":{"rendered":"https:\/\/www.europesays.com\/no\/51060\/"},"modified":"2025-10-02T13:42:09","modified_gmt":"2025-10-02T13:42:09","slug":"det-var-et-turbulent-forhold-til-sophie-elise","status":"publish","type":"post","link":"https:\/\/www.europesays.com\/no\/51060\/","title":{"rendered":"\u2013 Det var et turbulent forhold til Sophie Elise"},"content":{"rendered":"\n<p class=\"_lead_1994c_2 _lead_xtcu6_50 layout-component text-serif-m layout-normal text-serif-l layout-component layout-wide layout-padded _wide_17hqh_1 layout-padded\">De m\u00f8ttes igjen p\u00e5 TV-innspilling, ti \u00e5r etter \u00abdramaet\u00bb.<\/p>\n<p><img alt=\" Foto: Hannah Solstad Klepp, VG\" class=\"_image_qp4xg_65 layout-component layout-wide\" data-fullscreen- data-track-element-type=\"Article image fullscreen\" data-track-name=\"ImageFullscreen\" fetchpriority=\"high\" decoding=\"sync\" loading=\"eager\" height=\"1668\" itemprop=\"image\"  src=\"https:\/\/www.europesays.com\/no\/wp-content\/uploads\/2025\/10\/6ad71be9-8f08-49ea-b2f9-6cc26cc5fb49\"  style=\"object-position:56.39999999999999% 48.29136690647482%\" width=\"2500\"\/> Foto: Hannah Solstad Klepp, VGH\u00e5ndverkeren, Oslo sentrum Oppdatert torsdag 2. oktober kl. 15:37     <\/p>\n<p class=\"_paragraph_1994c_4 _paragraph_xtcu6_10 layout-component text-serif-m layout-normal text-serif-m layout-padded\">VG m\u00f8ter komiker<a href=\"https:\/\/www.vg.no\/tag\/henrik-thodesen?utm_source=vg-article&amp;utm_medium=auto-tagger&amp;utm_campaign=PpKpRR\" class=\"_link_1994c_39\" rel=\"nofollow noopener\" target=\"_blank\"> Henrik Thodesen (45) <\/a>og influencer <a href=\"https:\/\/www.vg.no\/tag\/sophie-elise-isachsen?utm_source=vg-article&amp;utm_medium=auto-tagger&amp;utm_campaign=Rzvkea\" class=\"_link_1994c_39\" rel=\"nofollow noopener\" target=\"_blank\">Sophie Elise Isachsen<\/a> (30) rett etter innspillingen av TV-programmet \u00abRetten er satt\u00bb.<\/p>\n<p class=\"_paragraph_1994c_4 _paragraph_xtcu6_10 layout-component text-serif-m layout-normal text-serif-m layout-padded\">Serien er en humoristisk vri av en rettssak hvor kjendiser \u00absaks\u00f8ker\u00bb hverandre etter hendelser som har en rot i virkeligheten.<\/p>\n<p class=\"_paragraph_1994c_4 _paragraph_xtcu6_10 layout-component text-serif-m layout-normal text-serif-m layout-padded\">I programmet som sendes p\u00e5 VGTV 16. oktober hevder Thodesen at han ble uthengt i boken \u00abElsk meg\u00bb og at en karakter i dramaserien \u00abRekviem for Selina\u00bb var basert p\u00e5 ham. Han mener dette har \u00f8delagt for ham. <\/p>\n<p class=\"_paragraph_1994c_4 _paragraph_xtcu6_10 layout-component text-serif-m layout-normal layout-padded\"><strong class=\"_strong_1994c_25\">Les ogs\u00e5:<\/strong> <a href=\"https:\/\/www.vg.no\/i\/PpKpRR\" data-track-element-type=\"Link\" data-track-id=\"link:PpKpRR\" class=\"_link_1994c_39\" rel=\"nofollow noopener\" target=\"_blank\">Humorprogram: Henrik Thodesen \u00absaks\u00f8ker\u00bb Sophie Elise p\u00e5 TV<\/a><\/p>\n<p class=\"_paragraph_1994c_4 _paragraph_xtcu6_10 layout-component text-serif-m layout-normal text-serif-m layout-padded\">\u2013 Hva slags forhold var det mellom dere?<\/p>\n<p class=\"_paragraph_1994c_4 _paragraph_xtcu6_10 layout-component text-serif-m layout-normal text-serif-m layout-padded\">\u2013 Det var faktisk turbulent, sier Thodesen til VG.<\/p>\n<p class=\"_paragraph_1994c_4 _paragraph_xtcu6_10 layout-component text-serif-m layout-normal text-serif-m layout-padded\">Isachsen legger til at det er lenge siden.<\/p>\n<p class=\"_paragraph_1994c_4 _paragraph_xtcu6_10 layout-component text-serif-m layout-normal text-serif-m layout-padded\">\u2013 Det er snart ti \u00e5r siden. Det er vanskelig \u00e5 si hvordan det var, sier hun.<\/p>\n<p class=\"_paragraph_1994c_4 _paragraph_xtcu6_10 layout-component text-serif-m layout-normal text-serif-m layout-padded\">\u2013 Vi snakker hver dag, sier Sophie Elise og ler.<\/p>\n<p class=\"_paragraph_1994c_4 _paragraph_xtcu6_10 layout-component text-serif-m layout-normal text-serif-m layout-padded\">\u2013 Tulla. Vi har ikke et n\u00e6rt vennskap n\u00e5, men vi er ikke uvenner.<\/p>\n<p class=\"_paragraph_1994c_4 _paragraph_xtcu6_10 layout-component text-serif-m layout-normal text-serif-m layout-padded\">I TV-rettssaken er det <a href=\"https:\/\/www.vg.no\/rampelys\/i\/wgwleG\/anne-lindmo-skal-forsvare-sophie-elise-mot-henrik-thodesen-i-retten-er-satt\" data-track-element-type=\"Link\" data-track-id=\"link:wgwleG\" class=\"_link_1994c_39\" rel=\"nofollow noopener\" target=\"_blank\">Anne Lindmo som er Sophie Elises \u00abforsvarer\u00bb<\/a>. P\u00e5 motsatt side f\u00e5r Thodesen st\u00f8tte av komiker og programleder Henrik Fladseth.<\/p>\n<p class=\"_paragraph_1994c_4 _paragraph_xtcu6_10 layout-component text-serif-m layout-normal text-serif-m layout-padded\">I en tidligere omtale av programmet sp\u00f8ker komikeren med at Isachsen \u00abhar skapt et bilde av meg som har \u00f8delagt b\u00e5de karrieren og privatlivet mitt. N\u00e5 er det p\u00e5 tide at jeg f\u00e5r min hevn\u00bb.<\/p>\n<p class=\"_paragraph_1994c_4 _paragraph_xtcu6_10 layout-component text-serif-m layout-normal text-serif-m layout-padded\">Influenceren forteller at hun tenkte det var g\u00f8y med denne \u00abhevnen\u00bb.<\/p>\n<p class=\"_paragraph_1994c_4 _paragraph_xtcu6_10 layout-component text-serif-m layout-normal text-serif-m layout-padded\">\u2013 Henrik er i likhet med meg ganske konfliktsky. Det var imponerende at han tok det opp, tenkte jeg.<\/p>\n<p class=\"_paragraph_1994c_4 _paragraph_xtcu6_10 layout-component text-serif-m layout-normal text-serif-m layout-padded\">I TV-rettssaken hevder komikeren at en karakter i dramaserien \u00abRekviem for Selina\u00bb var basert p\u00e5 ham. Han mener dette har \u00f8delagt for ham.<\/p>\n<p class=\"_paragraph_1994c_4 _paragraph_xtcu6_10 layout-component text-serif-m layout-normal text-serif-m layout-padded\">\u2013 Jeg har sett serien og f\u00f8ler meg st\u00f8tt. Det var litt vondt at det ble dratt opp igjen, det er retraumatiserende, sier han til VG.<\/p>\n","protected":false},"excerpt":{"rendered":"De m\u00f8ttes igjen p\u00e5 TV-innspilling, ti \u00e5r etter \u00abdramaet\u00bb. Foto: Hannah Solstad Klepp, VGH\u00e5ndverkeren, Oslo sentrum Oppdatert torsdag&hellip;\n","protected":false},"author":2,"featured_media":51061,"comment_status":"","ping_status":"","sticky":false,"template":"","format":"standard","meta":{"footnotes":""},"categories":[58],"tags":[71,6717,30,28,29,1444,72],"class_list":{"0":"post-51060","1":"post","2":"type-post","3":"status-publish","4":"format-standard","5":"has-post-thumbnail","7":"category-underholdning","8":"tag-entertainment","9":"tag-henrik-thodesen","10":"tag-no","11":"tag-norge","12":"tag-norway","13":"tag-sophie-elise-isachsen","14":"tag-underholdning"},"share_on_mastodon":{"url":"","error":""},"_links":{"self":[{"href":"https:\/\/www.europesays.com\/no\/wp-json\/wp\/v2\/posts\/51060","targetHints":{"allow":["GET"]}}],"collection":[{"href":"https:\/\/www.europesays.com\/no\/wp-json\/wp\/v2\/posts"}],"about":[{"href":"https:\/\/www.europesays.com\/no\/wp-json\/wp\/v2\/types\/post"}],"author":[{"embeddable":true,"href":"https:\/\/www.europesays.com\/no\/wp-json\/wp\/v2\/users\/2"}],"replies":[{"embeddable":true,"href":"https:\/\/www.europesays.com\/no\/wp-json\/wp\/v2\/comments?post=51060"}],"version-history":[{"count":0,"href":"https:\/\/www.europesays.com\/no\/wp-json\/wp\/v2\/posts\/51060\/revisions"}],"wp:featuredmedia":[{"embeddable":true,"href":"https:\/\/www.europesays.com\/no\/wp-json\/wp\/v2\/media\/51061"}],"wp:attachment":[{"href":"https:\/\/www.europesays.com\/no\/wp-json\/wp\/v2\/media?parent=51060"}],"wp:term":[{"taxonomy":"category","embeddable":true,"href":"https:\/\/www.europesays.com\/no\/wp-json\/wp\/v2\/categories?post=51060"},{"taxonomy":"post_tag","embeddable":true,"href":"https:\/\/www.europesays.com\/no\/wp-json\/wp\/v2\/tags?post=51060"}],"curies":[{"name":"wp","href":"https:\/\/api.w.org\/{rel}","templated":true}]}}