{"id":51063,"date":"2025-10-02T13:47:08","date_gmt":"2025-10-02T13:47:08","guid":{"rendered":"https:\/\/www.europesays.com\/no\/51063\/"},"modified":"2025-10-02T13:47:08","modified_gmt":"2025-10-02T13:47:08","slug":"krim-helgeland-har-pagrepet-tre-tyskere-i-rana-for-ulovlig-droneflygning","status":"publish","type":"post","link":"https:\/\/www.europesays.com\/no\/51063\/","title":{"rendered":"Krim, Helgeland | Har p\u00e5grepet tre tyskere i Rana for ulovlig droneflygning"},"content":{"rendered":"\n<p>\u2013 Politiet jobber med \u00e5 identifisere om observasjonene var droner, eventuelt hvilken type, retning og plassering. Det tas avh\u00f8r av vitner og meldere, opplyser politiadvokat Torbj\u00f8rn Sandbu i en pressemelding.<\/p>\n<p>Bot p\u00e5 12.000 kroner<\/p>\n<p>Ved to anledninger ledet politiets unders\u00f8kelser til p\u00e5gripelse av dronepilot for brudd p\u00e5 luftfartsloven om flyging innen 5 km fra flyplass. Dette gjelder hvor en kinesisk statsborger i et f\u00f8lge p\u00e5 \u00e5tte personer ble innbrakt etter droneflygning ved Helle lufthavn Svolv\u00e6r 1. oktober.<\/p>\n<p>\u2013 Dronepiloten har f\u00e5tt ett forelegg p\u00e5 12.000 kroner, beslaglagt dronen og er gitt et forh\u00e5ndsvarsel om utvisning fra Norge, sier politiadvokat Sandbu.<\/p>\n<p>Tirsdag 30. september p\u00e5grep politiet tre tyske statsborgere ved R\u00f8ssvoll lufthavn Mo I Rana, som f\u00f8lge av ulovlig droneflygning. De tre er n\u00e5 l\u00f8slatt.<\/p>\n<p>\u2013 De er i starten av 20-\u00e5rene og er siktet for flyging innenfor 5 km -sonen fra flyplassen, sier Sandbu i pressemeldingen.<\/p>\n<p>Uavklart i Br\u00f8nn\u00f8ysund<\/p>\n<p>For observasjonene ved Br\u00f8nn\u00f8ysund lufthavn s\u00f8ndag 28. september, s\u00e5 har politiet dessverre ikke avklart om dette var droner og heller ikke kontroll p\u00e5 eventuell dronepilot.<\/p>\n<p>\u2013 Observasjonene var imidlertid av en s\u00e5nn art at politiet har grunn til \u00e5 tro at det var droner som ble observert, sier politiadvokaten.<\/p>\n<p>Han opplyser videre at det er stor oppmerksomhet rundt droner, og flere melder ifra n\u00e5r de ser noe uvanlig. Det betyr ikke n\u00f8dvendigvis at det er flere ulovlige droner, men at det kommer flere tips \u2013 noe som er positivt for sikkerheten.<\/p>\n<p>\u2013 Det er likevel ikke alltid mulig \u00e5 fastsl\u00e5 om det faktisk var en drone. Lys, fugler eller andre objekter kan se like ut. Gode beskrivelser hjelper politiet med \u00e5 sortere ut reelle hendelser, avslutter politiadvokat Torbj\u00f8rn Sandbu i pressemeldingen.<\/p>\n<p>  <a href=\"https:\/\/www.helg.no\/5-24-1099077\" class=\"related-teaser default-story-teaser article--c-eRUmMG article--c-eRUmMG-jKCPdD-design-default article--c-eRUmMG-kpKLOW-cv\" rel=\"nofollow noopener\" target=\"_blank\"><\/p>\n<p>\n            Les ogs\u00e5<\/p>\n<p>              Har iverksatt etterforskning: \u2013 S\u00e5 langt er det ingen som er mistenk\n        <\/p>\n<p>  <\/a><\/p>\n<p>  <a href=\"https:\/\/www.helg.no\/5-24-1098905\" class=\"related-teaser default-story-teaser article--c-eRUmMG article--c-eRUmMG-jKCPdD-design-default article--c-eRUmMG-kpKLOW-cv\" rel=\"nofollow noopener\" target=\"_blank\"><\/p>\n<p>\n            Les ogs\u00e5<\/p>\n<p>              Stengte flyplassen i Br\u00f8nn\u00f8ysund etter melding om mulig drone\n        <\/p>\n<p>  <\/a><\/p>\n<p>  <a href=\"https:\/\/www.helg.no\/5-24-1098717\" class=\"related-teaser default-story-teaser article--c-eRUmMG article--c-eRUmMG-jKCPdD-design-default article--c-eRUmMG-kpKLOW-cv\" rel=\"nofollow noopener\" target=\"_blank\"><\/p>\n<p>\n            Les ogs\u00e5<\/p>\n<p>              Ekstra sikkerhetstiltak ved fire lufthavner i Nordland \u2013 utvider forbudssonene for droner\n        <\/p>\n<p>  <\/a><\/p>\n","protected":false},"excerpt":{"rendered":"\u2013 Politiet jobber med \u00e5 identifisere om observasjonene var droner, eventuelt hvilken type, retning og plassering. Det tas&hellip;\n","protected":false},"author":2,"featured_media":4133,"comment_status":"","ping_status":"","sticky":false,"template":"","format":"standard","meta":{"footnotes":""},"categories":[5],"tags":[36,20,21,24,25,6693,15,2551,19,983,22,23,17,18,13,30,28,29,14,16,1510,26,27],"class_list":{"0":"post-51063","1":"post","2":"type-post","3":"status-publish","4":"format-standard","5":"has-post-thumbnail","7":"category-overskrifter","8":"tag-art","9":"tag-breaking-news","10":"tag-breakingnews","11":"tag-featured-news","12":"tag-featurednews","13":"tag-flytrafikk","14":"tag-headlines","15":"tag-helgeland","16":"tag-hovedoppslag","17":"tag-krim","18":"tag-latest-news","19":"tag-latestnews","20":"tag-main-news","21":"tag-mainnews","22":"tag-news","23":"tag-no","24":"tag-norge","25":"tag-norway","26":"tag-nyheter","27":"tag-overskrifter","28":"tag-story","29":"tag-top-stories","30":"tag-topstories"},"share_on_mastodon":{"url":"","error":""},"_links":{"self":[{"href":"https:\/\/www.europesays.com\/no\/wp-json\/wp\/v2\/posts\/51063","targetHints":{"allow":["GET"]}}],"collection":[{"href":"https:\/\/www.europesays.com\/no\/wp-json\/wp\/v2\/posts"}],"about":[{"href":"https:\/\/www.europesays.com\/no\/wp-json\/wp\/v2\/types\/post"}],"author":[{"embeddable":true,"href":"https:\/\/www.europesays.com\/no\/wp-json\/wp\/v2\/users\/2"}],"replies":[{"embeddable":true,"href":"https:\/\/www.europesays.com\/no\/wp-json\/wp\/v2\/comments?post=51063"}],"version-history":[{"count":0,"href":"https:\/\/www.europesays.com\/no\/wp-json\/wp\/v2\/posts\/51063\/revisions"}],"wp:featuredmedia":[{"embeddable":true,"href":"https:\/\/www.europesays.com\/no\/wp-json\/wp\/v2\/media\/4133"}],"wp:attachment":[{"href":"https:\/\/www.europesays.com\/no\/wp-json\/wp\/v2\/media?parent=51063"}],"wp:term":[{"taxonomy":"category","embeddable":true,"href":"https:\/\/www.europesays.com\/no\/wp-json\/wp\/v2\/categories?post=51063"},{"taxonomy":"post_tag","embeddable":true,"href":"https:\/\/www.europesays.com\/no\/wp-json\/wp\/v2\/tags?post=51063"}],"curies":[{"name":"wp","href":"https:\/\/api.w.org\/{rel}","templated":true}]}}