{"id":51073,"date":"2025-10-02T14:16:49","date_gmt":"2025-10-02T14:16:49","guid":{"rendered":"https:\/\/www.europesays.com\/no\/51073\/"},"modified":"2025-10-02T14:16:49","modified_gmt":"2025-10-02T14:16:49","slug":"har-blitt-foreldre","status":"publish","type":"post","link":"https:\/\/www.europesays.com\/no\/51073\/","title":{"rendered":"Har blitt foreldre:"},"content":{"rendered":"<p class=\"kicker \" style=\"\">Magnus Carlsen<\/p>\n<p>  N\u00e5 deler paret gladnyheten.<\/p>\n<p>\n    FORELDRE: Magnus Carlsen og Ella Victoria Malone har blitt foreldre. Foto: Lars Eivind Bones \/ Dagbladet\n  <\/p>\n<p>I januar giftet sjakkmesteren Magnus Carlsen (34) seg med Ella Victoria Malone (26). N\u00e5 har de f\u00e5tt barn sammen.<\/p>\n<p>    <a itemprop=\"url\" href=\"https:\/\/www.kk.no\/mat\/na-har-denne-kommet-til-norge\/83662823\" rel=\"nofollow noopener\" target=\"_blank\"><\/p>\n<p>      <img loading=\"lazy\" decoding=\"async\" src=\"https:\/\/www.europesays.com\/no\/wp-content\/uploads\/2025\/10\/83662884.webp\" width=\"980\" height=\"441\" title=\"N\u00e5 har denne kommet til Norge:\" alt=\"\" class=\"lazyload\" style=\"--aspect-ratio-image: 2.22; \"\/><\/p>\n<p>        N\u00e5 har denne kommet til Norge: <\/p>\n<p>    <\/a><\/p>\n<p>Deler gladnyhet\t<\/p>\n<p>At de \u00f8nsket seg barn, var noe Ella Victoria Carlsen fortalte om i podkasten<a href=\"https:\/\/open.spotify.com\/episode\/2dNrmB0vsidedtSWAEIw6z?si=oLJ8lWviToWVKZteMzYnwA&amp;nd=1&amp;dlsi=f42a56e44b294c81\" rel=\"nofollow noopener\" target=\"_blank\"> \u00abSjakksnakk\u00bb<\/a> tidligere i \u00e5r.<\/p>\n<p>Der fortalte hun ogs\u00e5 at hun mente ektemannen kom til \u00e5 bli en super pappa:<\/p>\n<p>\u2013 Han blir helt fantastisk. Det er noe jeg virkelig elsker ved ham. Han er s\u00e5 flink med barn. Du b\u00f8r se ham sammen med nev\u00f8ene sine. Han f\u00e5r s\u00e5 mye energi, og er et barn innerst inne, sier hun i podkasten.<\/p>\n<p>    <a itemprop=\"url\" href=\"https:\/\/www.kk.no\/mote\/dukket-opp-som-sine-ikoniske-karakterer-1\/83661551\" rel=\"nofollow noopener\" target=\"_blank\"><\/p>\n<p>      <img loading=\"lazy\" decoding=\"async\" src=\"https:\/\/www.europesays.com\/no\/wp-content\/uploads\/2025\/10\/83661580.webp\" width=\"980\" height=\"441\" title=\"Dukket opp som sine ikoniske karakterer\" alt=\"\" class=\"lazyload\" style=\"--aspect-ratio-image: 2.22; \"\/><\/p>\n<p>        Dukket opp som sine ikoniske karakterer<\/p>\n<p>    <\/a><\/p>\n<p>N\u00e5 har paret f\u00e5tt sitt f\u00f8rste barn. Det deler Ella Victoria Carlsen p\u00e5 sin Instagram-konto.<\/p>\n<p>\u00ab27.09.25\u00bb, st\u00e5r skrevet p\u00e5 et bilde av en baby dekket med et bl\u00e5tt hjerte over ansiktet. Bak barnet ser man ogs\u00e5 Magnus Carlsen. Paret har ikke g\u00e5tt ut med kj\u00f8nnet p\u00e5 babyen, men fargen p\u00e5 hjertet kan muligens v\u00e6re et hint.<\/p>\n<p>    <a itemprop=\"url\" href=\"https:\/\/www.kk.no\/helse\/bare-jeg-skeier-ut-i-en-ukes-tid-gar-jeg-opp-to-kilo\/82815309\" rel=\"nofollow noopener\" target=\"_blank\"><\/p>\n<p>      <img loading=\"lazy\" decoding=\"async\" src=\"https:\/\/www.europesays.com\/no\/wp-content\/uploads\/2025\/10\/82908623.webp\" width=\"980\" height=\"441\" title=\"- Bare jeg skeier ut i en ukes tid, g\u00e5r jeg opp to kilo\" alt=\"\" class=\"lazyload\" style=\"--aspect-ratio-image: 2.22; \"\/><\/p>\n<p>        &#8211; Bare jeg skeier ut i en ukes tid, g\u00e5r jeg opp to kilo <\/p>\n<p>    <\/a><\/p>\n<p>Delte gladnyheten\t<\/p>\n<p>Det var Magnus Carlsen som selv avsl\u00f8rte den store nyheten om at kona var gravid. Da delte han det med sine Instagram-f\u00f8lgere.<\/p>\n<p>\u00abMin vakre, gravide kone\u00bb, skrev sjakkesset den gang om kona som poserte med gravidmagen.<\/p>\n","protected":false},"excerpt":{"rendered":"Magnus Carlsen N\u00e5 deler paret gladnyheten. FORELDRE: Magnus Carlsen og Ella Victoria Malone har blitt foreldre. Foto: Lars&hellip;\n","protected":false},"author":2,"featured_media":51074,"comment_status":"","ping_status":"","sticky":false,"template":"","format":"standard","meta":{"footnotes":""},"categories":[59],"tags":[1301,7854,7855,477,5429,4016,7856,30,28,29,7857,83,82],"class_list":{"0":"post-51073","1":"post","2":"type-post","3":"status-publish","4":"format-standard","5":"has-post-thumbnail","7":"category-sport","8":"tag-barn","9":"tag-deler","10":"tag-ella-carlsen","11":"tag-foreldre","12":"tag-gladnyhet","13":"tag-livet","14":"tag-magnus_carlsen","15":"tag-no","16":"tag-norge","17":"tag-norway","18":"tag-par","19":"tag-sport","20":"tag-sports"},"share_on_mastodon":{"url":"","error":""},"_links":{"self":[{"href":"https:\/\/www.europesays.com\/no\/wp-json\/wp\/v2\/posts\/51073","targetHints":{"allow":["GET"]}}],"collection":[{"href":"https:\/\/www.europesays.com\/no\/wp-json\/wp\/v2\/posts"}],"about":[{"href":"https:\/\/www.europesays.com\/no\/wp-json\/wp\/v2\/types\/post"}],"author":[{"embeddable":true,"href":"https:\/\/www.europesays.com\/no\/wp-json\/wp\/v2\/users\/2"}],"replies":[{"embeddable":true,"href":"https:\/\/www.europesays.com\/no\/wp-json\/wp\/v2\/comments?post=51073"}],"version-history":[{"count":0,"href":"https:\/\/www.europesays.com\/no\/wp-json\/wp\/v2\/posts\/51073\/revisions"}],"wp:featuredmedia":[{"embeddable":true,"href":"https:\/\/www.europesays.com\/no\/wp-json\/wp\/v2\/media\/51074"}],"wp:attachment":[{"href":"https:\/\/www.europesays.com\/no\/wp-json\/wp\/v2\/media?parent=51073"}],"wp:term":[{"taxonomy":"category","embeddable":true,"href":"https:\/\/www.europesays.com\/no\/wp-json\/wp\/v2\/categories?post=51073"},{"taxonomy":"post_tag","embeddable":true,"href":"https:\/\/www.europesays.com\/no\/wp-json\/wp\/v2\/tags?post=51073"}],"curies":[{"name":"wp","href":"https:\/\/api.w.org\/{rel}","templated":true}]}}