{"id":51080,"date":"2025-10-02T14:41:14","date_gmt":"2025-10-02T14:41:14","guid":{"rendered":"https:\/\/www.europesays.com\/no\/51080\/"},"modified":"2025-10-02T14:41:14","modified_gmt":"2025-10-02T14:41:14","slug":"helse-barn-slutt-a%cc%8a-bruk-umiddelbart","status":"publish","type":"post","link":"https:\/\/www.europesays.com\/no\/51080\/","title":{"rendered":"Helse, Barn | \u2013 Slutt a\u030a bruk umiddelbart"},"content":{"rendered":"\n<p>Vippestolen kan i enkelte tilfeller falle sammen na\u030ar barnet sitter i den, if\u00f8lge nettstedet <a href=\"https:\/\/farligeprodukter.no\/produkt\/100629\" rel=\"Follow nofollow noopener\" target=\"_blank\">Farlige produkter<\/a>, som er myndighetenes nettportal for produkter som anses som farlige.<\/p>\n<p>Advarselen gjelder Yngri vippestol for barn opp til 9 kilo fra Barnas Hus, i fargene beige og gr\u00e5, med sm\u00e5 leker. <\/p>\n<p>Vippestolen er solgt i juli-september 2025.<\/p>\n<p><b>\u2013 Slutt a\u030a bruke vippestolen umiddelbart, heter det.<\/b><\/p>\n<p>De som har kj\u00f8pt vippestolen b\u00f8r levere den tilbake til Barnas Hus for \u00e5 f\u00e5 tilbake pengene.<\/p>\n","protected":false},"excerpt":{"rendered":"Vippestolen kan i enkelte tilfeller falle sammen na\u030ar barnet sitter i den, if\u00f8lge nettstedet Farlige produkter, som er&hellip;\n","protected":false},"author":2,"featured_media":51081,"comment_status":"","ping_status":"","sticky":false,"template":"","format":"standard","meta":{"footnotes":""},"categories":[12],"tags":[36,1301,7844,20,21,24,25,15,736,22,23,13,30,28,29,14,16,1510,26,27,42,7845,43,44,45],"class_list":{"0":"post-51080","1":"post","2":"type-post","3":"status-publish","4":"format-standard","5":"has-post-thumbnail","7":"category-verden","8":"tag-art","9":"tag-barn","10":"tag-barnas-hus","11":"tag-breaking-news","12":"tag-breakingnews","13":"tag-featured-news","14":"tag-featurednews","15":"tag-headlines","16":"tag-helse","17":"tag-latest-news","18":"tag-latestnews","19":"tag-news","20":"tag-no","21":"tag-norge","22":"tag-norway","23":"tag-nyheter","24":"tag-overskrifter","25":"tag-story","26":"tag-top-stories","27":"tag-topstories","28":"tag-verden","29":"tag-vippestol","30":"tag-world","31":"tag-world-news","32":"tag-worldnews"},"share_on_mastodon":{"url":"","error":""},"_links":{"self":[{"href":"https:\/\/www.europesays.com\/no\/wp-json\/wp\/v2\/posts\/51080","targetHints":{"allow":["GET"]}}],"collection":[{"href":"https:\/\/www.europesays.com\/no\/wp-json\/wp\/v2\/posts"}],"about":[{"href":"https:\/\/www.europesays.com\/no\/wp-json\/wp\/v2\/types\/post"}],"author":[{"embeddable":true,"href":"https:\/\/www.europesays.com\/no\/wp-json\/wp\/v2\/users\/2"}],"replies":[{"embeddable":true,"href":"https:\/\/www.europesays.com\/no\/wp-json\/wp\/v2\/comments?post=51080"}],"version-history":[{"count":0,"href":"https:\/\/www.europesays.com\/no\/wp-json\/wp\/v2\/posts\/51080\/revisions"}],"wp:featuredmedia":[{"embeddable":true,"href":"https:\/\/www.europesays.com\/no\/wp-json\/wp\/v2\/media\/51081"}],"wp:attachment":[{"href":"https:\/\/www.europesays.com\/no\/wp-json\/wp\/v2\/media?parent=51080"}],"wp:term":[{"taxonomy":"category","embeddable":true,"href":"https:\/\/www.europesays.com\/no\/wp-json\/wp\/v2\/categories?post=51080"},{"taxonomy":"post_tag","embeddable":true,"href":"https:\/\/www.europesays.com\/no\/wp-json\/wp\/v2\/tags?post=51080"}],"curies":[{"name":"wp","href":"https:\/\/api.w.org\/{rel}","templated":true}]}}