{"id":51088,"date":"2025-10-02T14:53:15","date_gmt":"2025-10-02T14:53:15","guid":{"rendered":"https:\/\/www.europesays.com\/no\/51088\/"},"modified":"2025-10-02T14:53:15","modified_gmt":"2025-10-02T14:53:15","slug":"rock-band-4-og-dlc-fjernes-fra-butikker-pa-sondag","status":"publish","type":"post","link":"https:\/\/www.europesays.com\/no\/51088\/","title":{"rendered":"Rock Band 4 og DLC fjernes fra butikker p\u00e5 s\u00f8ndag"},"content":{"rendered":"<p>Rock Band 4 feirer ti\u00e5rsjubileum p\u00e5 mandag, noe man kanskje skulle tro var noe \u00e5 feire, men det er det ikke. Tvert imot, faktisk, for dagen f\u00f8r utl\u00f8per alle lisenser, og spillet og noe DLC vil bli fjernet fra salg for godt.<\/p>\n<p>Etter det vil DLC-pakke etter DLC-pakke forsvinne etter hvert som ti\u00e5rslisensene utl\u00f8per. Men har du kj\u00f8pt spillet eller musikken, er den din i all evighet og kan selvf\u00f8lgelig lastes ned i fremtiden.<\/p>\n<p>Med tanke p\u00e5 at det igjen lanseres plastgitarer, spesielt til Xbox, kan det v\u00e6re en god id\u00e9 \u00e5 kj\u00f8pe Rock Band 4 &#8211; Rivals Bundle hvis du tror at lysten til \u00e5 rocke kan komme tilbake i fremtiden. Pakken inneholder massevis av musikk (men du kan legge til mer hvis du vil) til den latterlig lave prisen av \u00a38\/\u20ac10, og hvis du ikke tar sjansen n\u00e5, vil det v\u00e6re for sent for alltid, noe du kanskje vil angre p\u00e5 hvis du en dag skulle f\u00e5 lyst til \u00e5 skaffe deg en plastgitar og jamme litt med venner og familie.<\/p>\n<p>Rock Band 4 kan spilles p\u00e5 b\u00e5de PlayStation 5 og Xbox Series S\/X, og utviklerne avslutter sitt <a href=\"https:\/\/www.reddit.com\/r\/Rockband\/comments\/1nv83uo\/rock_band_4_game_and_dlc_delisting_information\/\" target=\"_blank\" rel=\"nofollow noopener\">avskjedsbrev<\/a>:<\/p>\n<p>&laquo;Vi er s\u00e5 takknemlige for den lidenskapen dette samfunnet har vist. Det har v\u00e6rt en spesiell opplevelse \u00e5 servere dere Rivals-utfordringer, et superdypt DLC-bibliotek og en bandsimulering i toppklasse. Hvis du har tenkt p\u00e5 \u00e5 f\u00e5 tak i noen av de siste sangene, er det p\u00e5 tide n\u00e5.<\/p>\n<p>Takk skal du ha,<\/p>\n<p>The Rock Band Team&raquo;<\/p>\n<p><img loading=\"lazy\" decoding=\"async\" id=\"img-1878403-1404104\" data-fullsize=\"\/media\/41\/jarokkiso_1404104.png\" data-lazy=\"\" src=\"https:\/\/www.gamereactor.nohttps:\/\/www.gamereactor.no\/media\/41\/jarokkiso_1404104_650x.png\" width=\"650\" onclick=\"if (!window.__cfRLUnblockHandlers) return false; gallery_openmodal('1878403','1404104',false,'d2f9510cd24e0060bc5fd32b24808205');\" height=\"433\" alt=\"Rock Band 4\" class=\"rwd_col_content lazy\" data-cf-modified-d1db1c59368442ade6cf8d1a-=\"\"\/><\/p>\n","protected":false},"excerpt":{"rendered":"Rock Band 4 feirer ti\u00e5rsjubileum p\u00e5 mandag, noe man kanskje skulle tro var noe \u00e5 feire, men det&hellip;\n","protected":false},"author":2,"featured_media":51089,"comment_status":"","ping_status":"","sticky":false,"template":"","format":"standard","meta":{"footnotes":""},"categories":[57],"tags":[30,28,29,65,63,64,66,70,69,67,68],"class_list":{"0":"post-51088","1":"post","2":"type-post","3":"status-publish","4":"format-standard","5":"has-post-thumbnail","7":"category-vitenskap-og-teknologi","8":"tag-no","9":"tag-norge","10":"tag-norway","11":"tag-science","12":"tag-science-and-technology","13":"tag-scienceandtechnology","14":"tag-technology","15":"tag-teknologi","16":"tag-vitenskap","17":"tag-vitenskap-og-teknologi","18":"tag-vitenskapteknologi"},"share_on_mastodon":{"url":"","error":""},"_links":{"self":[{"href":"https:\/\/www.europesays.com\/no\/wp-json\/wp\/v2\/posts\/51088","targetHints":{"allow":["GET"]}}],"collection":[{"href":"https:\/\/www.europesays.com\/no\/wp-json\/wp\/v2\/posts"}],"about":[{"href":"https:\/\/www.europesays.com\/no\/wp-json\/wp\/v2\/types\/post"}],"author":[{"embeddable":true,"href":"https:\/\/www.europesays.com\/no\/wp-json\/wp\/v2\/users\/2"}],"replies":[{"embeddable":true,"href":"https:\/\/www.europesays.com\/no\/wp-json\/wp\/v2\/comments?post=51088"}],"version-history":[{"count":0,"href":"https:\/\/www.europesays.com\/no\/wp-json\/wp\/v2\/posts\/51088\/revisions"}],"wp:featuredmedia":[{"embeddable":true,"href":"https:\/\/www.europesays.com\/no\/wp-json\/wp\/v2\/media\/51089"}],"wp:attachment":[{"href":"https:\/\/www.europesays.com\/no\/wp-json\/wp\/v2\/media?parent=51088"}],"wp:term":[{"taxonomy":"category","embeddable":true,"href":"https:\/\/www.europesays.com\/no\/wp-json\/wp\/v2\/categories?post=51088"},{"taxonomy":"post_tag","embeddable":true,"href":"https:\/\/www.europesays.com\/no\/wp-json\/wp\/v2\/tags?post=51088"}],"curies":[{"name":"wp","href":"https:\/\/api.w.org\/{rel}","templated":true}]}}