{"id":51107,"date":"2025-10-02T15:39:11","date_gmt":"2025-10-02T15:39:11","guid":{"rendered":"https:\/\/www.europesays.com\/no\/51107\/"},"modified":"2025-10-02T15:39:11","modified_gmt":"2025-10-02T15:39:11","slug":"ine-eriksen-soreide-blir-leder-av-utenrikskomiteen-pa-stortinget","status":"publish","type":"post","link":"https:\/\/www.europesays.com\/no\/51107\/","title":{"rendered":"Ine Eriksen S\u00f8reide blir leder av utenrikskomiteen p\u00e5 Stortinget"},"content":{"rendered":"\n<p class=\"_lead_1994c_2 _lead_xtcu6_50 layout-component text-serif-m layout-normal text-serif-l layout-component layout-wide layout-padded _wide_17hqh_1 layout-padded\">Peter Fr\u00f8lich skal ogs\u00e5 inn i utenrikskomiteen p\u00e5 Stortinget, og blir ny forsvarspolitisk talsperson i H\u00f8yre.<\/p>\n<p><img alt=\"Peter Fr\u00f8lich og Ine Eriksen S\u00f8reide Foto: Hallgeir V\u00e5genes \/ VG\" class=\"_image_qp4xg_65 layout-component layout-wide\" data-fullscreen- data-track-element-type=\"Article image fullscreen\" data-track-name=\"ImageFullscreen\" fetchpriority=\"high\" decoding=\"sync\" loading=\"eager\" height=\"3727\" itemprop=\"image\"  src=\"https:\/\/www.europesays.com\/no\/wp-content\/uploads\/2025\/10\/c1441456-4056-47b0-a29d-3d7d98d2a7ed\"  style=\"object-position:0% 0%\" width=\"4499\"\/>Peter Fr\u00f8lich og Ine Eriksen S\u00f8reide Foto: Hallgeir V\u00e5genes \/ VG<\/p>\n<ul aria-hidden=\"true\" class=\"_images_1y6fe_106\">\n<li><a class=\"_link_1y6fe_111\" href=\"https:\/\/www.vg.no\/forfatter\/bjoern-haugan\" style=\"z-index:2\" title=\"Bj\u00f8rn Haugan\" rel=\"nofollow noopener\" target=\"_blank\"><img alt=\"Bilde av Bj\u00f8rn Haugan\" class=\"_image_1y6fe_88\" fetchpriority=\"low\" loading=\"lazy\" decoding=\"async\" itemprop=\"image\"  src=\"https:\/\/www.europesays.com\/no\/wp-content\/uploads\/2025\/10\/6e157728-9e48-4dce-80f0-802581687058\"  width=\"480\"\/><\/a><\/li>\n<li><a class=\"_link_1y6fe_111\" href=\"https:\/\/www.vg.no\/forfatter\/martha-holmes\" style=\"z-index:1\" title=\"Martha C. S. D\u00edaz\" rel=\"nofollow noopener\" target=\"_blank\"><img alt=\"Bilde av Martha C. S. D\u00edaz\" class=\"_image_1y6fe_88\" fetchpriority=\"low\" loading=\"lazy\" decoding=\"async\" itemprop=\"image\"  src=\"https:\/\/www.europesays.com\/no\/wp-content\/uploads\/2025\/10\/1759419549_848_7217e3e9-d2a7-47b8-811c-1e4a0faf868b\"  width=\"480\"\/><\/a><\/li>\n<\/ul>\n<p> Oppdatert torsdag 2. oktober kl. 16:50    <\/p>\n<p class=\"_paragraph_1994c_4 _paragraph_64s2r_81 text-sans-m\">Ine Eriksen S\u00f8reide blir leder i utenrikskomiteen p\u00e5 Stortinget.<\/p>\n<p class=\"_paragraph_1994c_4 _paragraph_64s2r_81 text-sans-m\">Peter Fr\u00f8lich g\u00e5r ogs\u00e5 inn i utenrikskomiteen.<\/p>\n<p>Vis mer <\/p>\n<p class=\"_paragraph_1994c_4 _paragraph_xtcu6_10 layout-component text-serif-m layout-normal text-serif-m layout-padded\">I tillegg skal Erna Solberg, avtroppende H\u00f8yre-leder, sitte i komiteen. S\u00f8reide sier hun ser frem til \u00e5 fortsette arbeidet. <\/p>\n<p class=\"_paragraph_1994c_4 _paragraph_xtcu6_10 layout-component text-serif-m layout-normal text-serif-m layout-padded\">\u2013 Norge og Europa st\u00e5r i en veldig alvorlig sikkerhetspolitisk situasjon og verden er inne i en geopolitisk brytningstid. Det \u00e5 f\u00e5 jobbe med hele fagfeltet utenriks, forsvar og sikkerhetspolitikk er veldig interessant og f\u00f8les viktig og ekstra meningsfullt, sier Ine Eriksen S\u00f8reide. <\/p>\n<p class=\"_paragraph_1994c_4 _paragraph_xtcu6_10 layout-component text-serif-m layout-normal text-serif-m layout-padded\">Hun har ogs\u00e5 v\u00e6rt leder av utenrikskomiteen fra 2021 til 2025, og fra 2009 til 2013. <\/p>\n<p class=\"_paragraph_1994c_4 _paragraph_xtcu6_10 layout-component text-serif-m layout-normal text-serif-m layout-padded\">\u2013 Jeg gleder meg ogs\u00e5 til \u00e5 f\u00e5 Peter med inn i komiteen og fortsette det gode samarbeidet med Erna. P\u00e5 forsvarsfeltet g\u00e5r vi inn i en krevende tid med oppf\u00f8lging og gjennomf\u00f8ring av langtidsplanen, og jeg er trygg p\u00e5 at Peters perspektiver, bakgrunn og sterke engasjement blir viktig i det arbeidet, sier S\u00f8reide. <\/p>\n<p><img alt=\"Foto: Gisle Oddstad \/ VG\" class=\"_image_qp4xg_65 layout-component layout-normal\" data-fullscreen- data-track-element-type=\"Article image fullscreen\" data-track-name=\"ImageFullscreen\" decoding=\"async\" loading=\"lazy\" height=\"5464\" itemprop=\"image\"  src=\"https:\/\/www.europesays.com\/no\/wp-content\/uploads\/2025\/10\/217a04f0-4c33-486c-b705-bd256e4c554a\"  style=\"object-position:0% 0%\" width=\"8192\"\/>Foto: Gisle Oddstad \/ VG<\/p>\n<p class=\"_paragraph_1994c_4 _paragraph_xtcu6_10 layout-component text-serif-m layout-normal text-serif-m layout-padded\">B\u00e5de hun og Peter Fr\u00f8lich <a href=\"https:\/\/www.vg.no\/nyheter\/i\/kwlpjk\/hoeyre-fire-kandidater-til-aa-ta-over-etter-erna-solberg\" data-track-element-type=\"Link\" data-track-id=\"link:kwlpjk\" class=\"_link_1994c_39\" rel=\"nofollow noopener\" target=\"_blank\">er trukket fram som favoritter<\/a> til \u00e5 ta over ledervervet i partiet n\u00e5r Erna Solberg g\u00e5r av og en ny leder skal velges i februar.<\/p>\n<p class=\"_paragraph_1994c_4 _paragraph_xtcu6_10 layout-component text-serif-m layout-normal text-serif-m layout-padded\">Toppvervene de n\u00e5 g\u00e5r inn i p\u00e5 Stortinget, er verken til hinder eller til fordel for ledervervet i H\u00f8yre, men det er nok dem som merker seg at de to velges ut av H\u00f8yre til fremtredende posisjoner for partiet p\u00e5 Stortinget.<\/p>\n<p class=\"_paragraph_1994c_4 _paragraph_xtcu6_10 layout-component text-serif-m layout-normal text-serif-m layout-padded\">Det var ventet at S\u00f8reide ble leder av utenrikskomiteen. <\/p>\n<p><img alt=\"Fr\u00f8lich, S\u00f8reide og avtroppende H\u00f8yre-leder Erna Solberg  Foto: H\u00f8yre\" class=\"_image_qp4xg_65 layout-component layout-normal\" data-fullscreen- data-track-element-type=\"Article image fullscreen\" data-track-name=\"ImageFullscreen\" decoding=\"async\" loading=\"lazy\" height=\"1000\" itemprop=\"image\"  src=\"https:\/\/www.europesays.com\/no\/wp-content\/uploads\/2025\/10\/12a7233d-16e8-4b13-aa2c-d134b73b161b\"  style=\"object-position:0% 0%\" width=\"762\"\/>Fr\u00f8lich, S\u00f8reide og avtroppende H\u00f8yre-leder Erna Solberg  Foto: H\u00f8yre\u2013 Milevis bak<\/p>\n<p class=\"_paragraph_1994c_4 _paragraph_xtcu6_10 layout-component text-serif-m layout-normal text-serif-m layout-padded\">Fr\u00f8lich sier han gleder seg til \u00e5 tre inn i komiteen. <\/p>\n<p class=\"_paragraph_1994c_4 _paragraph_xtcu6_10 layout-component text-serif-m layout-normal text-serif-m layout-padded\">\u2013 Vi er inne i den mest tilspissede verdenssituasjonen siden krigen. Norges forsvar m\u00e5 styrkes kraftig og raskt. Det vil kreve politisk handlekraft og lederskap, sier han. <\/p>\n<p class=\"_paragraph_1994c_4 _paragraph_xtcu6_10 layout-component text-serif-m layout-normal text-serif-m layout-padded\">Han sier det blir mye jobb med \u00e5 f\u00f8lge opp langtidsplanen for Forsvaret og sikre Norges forsvarsevne<\/p>\n<p class=\"_paragraph_1994c_4 _paragraph_xtcu6_10 layout-component text-serif-m layout-normal text-serif-m layout-padded\">\u2013 Vi ligger milevis bak n\u00e5r det kommer til droner, og s\u00e5 langt mangler regjeringen handlekraft i m\u00f8te med denne trusselen.<\/p>\n<p class=\"_paragraph_1994c_4 _paragraph_xtcu6_10 layout-component text-serif-m layout-normal text-serif-m layout-padded\">\u2013 Jeg er stolt av den fornyelsen denne lagoppstillingen viser, sier partileder Erna Solberg:<\/p>\n<p><img alt=\"Foto: Helge Mikalsen \/ VG\" class=\"_image_qp4xg_65 layout-component layout-normal\" data-fullscreen- data-track-element-type=\"Article image fullscreen\" data-track-name=\"ImageFullscreen\" decoding=\"async\" loading=\"lazy\" height=\"5504\" itemprop=\"image\"  src=\"https:\/\/www.europesays.com\/no\/wp-content\/uploads\/2025\/10\/2e6a37fc-e826-4e40-ba0d-7483693f115d\"  style=\"object-position:0% 0%\" width=\"8256\"\/>Foto: Helge Mikalsen \/ VG<\/p>\n<p class=\"_paragraph_1994c_4 _paragraph_xtcu6_10 layout-component text-serif-m layout-normal text-serif-m layout-padded\">\u2013 H\u00f8yre har 24 dyktige stortingsrepresentanter som er klare til innsats. Vi skal v\u00e6re et tydelig og konstruktivt opposisjonsparti. Selv om valget ikke gikk v\u00e5r vei, skal vi jobbe for at velgerne som har stemt H\u00f8yre, skal f\u00e5 gjennomslag for s\u00e5 mye H\u00f8yre-politikk som mulig. Jeg ser frem til \u00e5 lede H\u00f8yres arbeid i Stortinget frem til en ny partiledelse er klar i l\u00f8pet av vinteren, sier hun.<\/p>\n<p class=\"_paragraph_1994c_4 _paragraph_xtcu6_10 layout-component text-serif-m layout-normal text-serif-m layout-padded\">For noen dager siden ble det klart at Erna Solberg<a href=\"https:\/\/www.vg.no\/nyheter\/i\/0VP3Eg\/erna-solberg-fortsetter-som-leder-av-hoeyres-stortingsgruppe\" data-track-element-type=\"Link\" data-track-id=\"link:0VP3Eg\" class=\"_link_1994c_39\" rel=\"nofollow noopener\" target=\"_blank\"> forblir parlamentarisk leder <\/a>frem til en ny partiledelse er klar. H\u00f8yre skal som kjent ha landsm\u00f8te i februar neste \u00e5r.<\/p>\n<p class=\"_paragraph_1994c_4 _paragraph_xtcu6_10 layout-component text-serif-m layout-normal text-serif-m layout-padded\">H\u00f8yres gruppestyre best\u00e5r ellers av: Parlamentarisk 1. nestleder Trond Helleland, parlamentarisk 2. nestleder Henrik Asheim, innpisker Mari Holm L\u00f8nseth og medlemmene Margret Hagerup, Tone Wilhelmsen Tr\u00f8en og Tage Pettersen.<\/p>\n<p class=\"_paragraph_1994c_4 _paragraph_xtcu6_10 layout-component text-serif-m layout-normal text-serif-m layout-padded\">Nestleder i partiet, Henrik Asheim (42), g\u00e5r sammen med Nikolai Astrup (47), inn i den mektige finanskomiteen. Astrup blir der H\u00f8yres fraksjonsleder.<\/p>\n<p><img alt=\"Foto: Gisle Oddstad \/ VG\" class=\"_image_qp4xg_65 layout-component layout-normal\" data-fullscreen- data-track-element-type=\"Article image fullscreen\" data-track-name=\"ImageFullscreen\" decoding=\"async\" loading=\"lazy\" height=\"5464\" itemprop=\"image\"  src=\"https:\/\/www.europesays.com\/no\/wp-content\/uploads\/2025\/10\/6e3e6d85-912a-433d-8ca4-dcc5fb61fc95\"  style=\"object-position:0% 0%\" width=\"8192\"\/>Foto: Gisle Oddstad \/ VG<\/p>\n<p class=\"_paragraph_1994c_4 _paragraph_xtcu6_10 layout-component text-serif-m layout-normal text-serif-m layout-padded\">\u2013 Dette er min id\u00e9, og jeg mener i all ydmykhet at den er ganske god. N\u00e5r tuttifrutti-koalisjonen skal finne sammen om budsjetter, kommer det \u00e5 bli kaos i Stortinget. Da er det en fordel at b\u00e5de Nikolai og jeg har bakgrunn som ledere av finanskomiteen. I tillegg vil arbeidet med v\u00e5re alternative budsjetter v\u00e6re viktig n\u00e5r vi skal utvikle politikk og v\u00e6re et slagkraftig alternativ til venstresiden, sier Asheim.<\/p>\n<p class=\"_paragraph_1994c_4 _paragraph_xtcu6_10 layout-component text-serif-m layout-normal text-serif-m layout-padded\">Vervet som leder av utdannings- og forskningskomiteen g\u00e5r til Mathilde Tybring-Gjedde (32). Hun sier det er en \u00e6re, og at hun gleder seg til \u00e5 jobbe for et kraftl\u00f8ft for l\u00e6ring i norsk skole. <\/p>\n<p><img alt=\"Foto: Anja Ariel T\u00f8rnes Brekke \/ VG\" class=\"_image_qp4xg_65 layout-component layout-normal\" data-fullscreen- data-track-element-type=\"Article image fullscreen\" data-track-name=\"ImageFullscreen\" decoding=\"async\" loading=\"lazy\" height=\"4480\" itemprop=\"image\"  src=\"https:\/\/www.europesays.com\/no\/wp-content\/uploads\/2025\/10\/c1470df9-cad4-41c8-872c-20bfb5778db7\"  style=\"object-position:0% 0%\" width=\"6323\"\/>Foto: Anja Ariel T\u00f8rnes Brekke \/ VG<\/p>\n<p class=\"_paragraph_1994c_4 _paragraph_xtcu6_10 layout-component text-serif-m layout-normal text-serif-m layout-padded\">\u2013 Det viktigste m\u00e5 prioriteres f\u00f8rst: Alle elever m\u00e5 l\u00e6re \u00e5 lese og regne godt. Frav\u00e6ret og br\u00e5k m\u00e5 ned, og vi trenger nok kvalifiserte og faglig sterke l\u00e6rere som har tid og st\u00f8tte til \u00e5 gj\u00f8re jobben sin. Jeg vil jobbe for en skole som l\u00f8fter alle elever tidlig, b\u00e5de de som strever og de som trenger st\u00f8rre utfordringer.\u00a0<\/p>\n<p>Flere H\u00f8yre-verv her:<\/p>\n<p class=\"_paragraph_1994c_4 _paragraph_xtcu6_10 _paragraph_16v91_10 layout-component text-serif-m layout-normal text-sans-m layout-padded\">Anna Molberg (35) fra Hedmark blir ny fraksjonsleder i arbeids- og sosialkomiteen. Aleksander Stokkeb\u00f8 (30) fra Rogaland blir ny fraksjonsleder for energi- og milj\u00f8. Tone Wilhelmsen Tr\u00f8en (59) fra Akershus skal lede H\u00f8yre i familie- og kulturkomiteen.<\/p>\n<p class=\"_paragraph_1994c_4 _paragraph_xtcu6_10 _paragraph_16v91_10 layout-component text-serif-m layout-normal text-sans-m layout-padded\">Videre blir Erlend Svardal B\u00f8e (32) fra Troms ny fraksjonsleder i helse- og omsorgskomiteen, Mari Holm L\u00f8nseth (34) fra Tr\u00f8ndelag fortsetter som fraksjonsleder i justiskomiteen og Mudassar Kapur (48) fra Oslo leder an i kommunal- og forvaltningskomiteen. B\u00e5rd Ludvig Thorheim (48) fra Nordland blir ny fraksjonsleder i n\u00e6ringskomiteen og Trond Helleland (63) fra Buskerud fortsetter som fraksjonsleder i transportkomiteen.<\/p>\n<p class=\"_paragraph_1994c_4 _paragraph_xtcu6_10 _paragraph_16v91_10 layout-component text-serif-m layout-normal text-sans-m layout-padded\">Ove Trellevik (60) fra Hordaland blir H\u00f8yres representant i kontroll- og konstitusjonskomiteen. Han blir ogs\u00e5 H\u00f8yres medlem av Stortingets presidentskap.<\/p>\n<p>Vis mer    <\/p>\n","protected":false},"excerpt":{"rendered":"Peter Fr\u00f8lich skal ogs\u00e5 inn i utenrikskomiteen p\u00e5 Stortinget, og blir ny forsvarspolitisk talsperson i H\u00f8yre. Peter Fr\u00f8lich&hellip;\n","protected":false},"author":2,"featured_media":51108,"comment_status":"","ping_status":"","sticky":false,"template":"","format":"standard","meta":{"footnotes":""},"categories":[5],"tags":[20,21,327,24,25,15,19,3503,22,23,17,18,13,30,28,281,29,14,16,7858,26,27],"class_list":{"0":"post-51107","1":"post","2":"type-post","3":"status-publish","4":"format-standard","5":"has-post-thumbnail","7":"category-overskrifter","8":"tag-breaking-news","9":"tag-breakingnews","10":"tag-erna-solberg","11":"tag-featured-news","12":"tag-featurednews","13":"tag-headlines","14":"tag-hovedoppslag","15":"tag-ine-marie-eriksen-soreide","16":"tag-latest-news","17":"tag-latestnews","18":"tag-main-news","19":"tag-mainnews","20":"tag-news","21":"tag-no","22":"tag-norge","23":"tag-norsk-politikk","24":"tag-norway","25":"tag-nyheter","26":"tag-overskrifter","27":"tag-peter-frolich","28":"tag-top-stories","29":"tag-topstories"},"share_on_mastodon":{"url":"","error":""},"_links":{"self":[{"href":"https:\/\/www.europesays.com\/no\/wp-json\/wp\/v2\/posts\/51107","targetHints":{"allow":["GET"]}}],"collection":[{"href":"https:\/\/www.europesays.com\/no\/wp-json\/wp\/v2\/posts"}],"about":[{"href":"https:\/\/www.europesays.com\/no\/wp-json\/wp\/v2\/types\/post"}],"author":[{"embeddable":true,"href":"https:\/\/www.europesays.com\/no\/wp-json\/wp\/v2\/users\/2"}],"replies":[{"embeddable":true,"href":"https:\/\/www.europesays.com\/no\/wp-json\/wp\/v2\/comments?post=51107"}],"version-history":[{"count":0,"href":"https:\/\/www.europesays.com\/no\/wp-json\/wp\/v2\/posts\/51107\/revisions"}],"wp:featuredmedia":[{"embeddable":true,"href":"https:\/\/www.europesays.com\/no\/wp-json\/wp\/v2\/media\/51108"}],"wp:attachment":[{"href":"https:\/\/www.europesays.com\/no\/wp-json\/wp\/v2\/media?parent=51107"}],"wp:term":[{"taxonomy":"category","embeddable":true,"href":"https:\/\/www.europesays.com\/no\/wp-json\/wp\/v2\/categories?post=51107"},{"taxonomy":"post_tag","embeddable":true,"href":"https:\/\/www.europesays.com\/no\/wp-json\/wp\/v2\/tags?post=51107"}],"curies":[{"name":"wp","href":"https:\/\/api.w.org\/{rel}","templated":true}]}}