{"id":51122,"date":"2025-10-02T16:12:12","date_gmt":"2025-10-02T16:12:12","guid":{"rendered":"https:\/\/www.europesays.com\/no\/51122\/"},"modified":"2025-10-02T16:12:12","modified_gmt":"2025-10-02T16:12:12","slug":"nyhet-krim-stort-beslag-av-handgranater-i-malmo","status":"publish","type":"post","link":"https:\/\/www.europesays.com\/no\/51122\/","title":{"rendered":"Nyhet, Krim | Stort beslag av h\u00e5ndgranater i Malm\u00f6"},"content":{"rendered":"\n<p>\u2013 Med denne innsatsen har vi potensielt forhindret 50 voldshendelser i Sverige, sier Rasem Chebil, operativ sjef for grov kriminalitet i Malm\u00f6, i en pressemelding.<\/p>\n<p>Ingen personer er s\u00e5 langt p\u00e5grepet.<\/p>\n<p>Tidligere opplyste politiet at granatene ble vurdert som skarpe, og at det ble kalt inn bombeteknikere for \u00e5 sikre dem.<\/p>\n<p>Det f\u00f8rste funnet ble gjort i en bil som sto parkert i et parkeringshus i Malm\u00f6. En stund senere gjorde politiet enda et funn \u2013 denne gangen i Arl\u00f6v nord\u00f8st for byen \u2013 som f\u00f8lge av mistanke om at det fantes flere farlige gjenstander i en annen bil.<\/p>\n<p>Politiet hadde p\u00e5 forh\u00e5nd f\u00e5tt opplysninger om at bilene kunne v\u00e6re interessante \u00e5 kontrollere.<\/p>\n<p>  <a href=\"https:\/\/www.sa.no\/5-46-1892368\" class=\"related-teaser has-image default-story-teaser article--c-eRUmMG article--c-eRUmMG-jKCPdD-design-default\" wp_automatic_readability=\"1.5\" rel=\"nofollow noopener\" target=\"_blank\"><\/p>\n<p>    For abonnenter<\/p>\n<p>    <img decoding=\"async\" loading=\"lazy\"  src=\"https:\/\/www.europesays.com\/no\/wp-content\/uploads\/2025\/10\/1759421532_549_983fac18-82f6-44e5-9b34-6dc8cb352129.jpeg\" alt=\"\" class=\"brick-c-cFOWSL\" style=\"\"\/><\/p>\n<p>\n            Les ogs\u00e5<\/p>\n<p>  M\u00e5let for skytingen avviser bestemt \u00e5 v\u00e6re del av en konflikt mellom kriminelle nettverk<\/p>\n<p>  <\/a><\/p>\n<p>  <a href=\"https:\/\/www.sa.no\/5-46-1892098\" class=\"related-teaser has-image default-story-teaser article--c-eRUmMG article--c-eRUmMG-jKCPdD-design-default\" wp_automatic_readability=\"1\" rel=\"nofollow noopener\" target=\"_blank\"><\/p>\n<p>    For abonnenter<\/p>\n<p>    <img decoding=\"async\" loading=\"lazy\"  src=\"https:\/\/www.europesays.com\/no\/wp-content\/uploads\/2025\/10\/20251001-VM_L4376-Enhanced-NR.jpg\" alt=\"\" class=\"brick-c-cFOWSL\" style=\"\"\/><\/p>\n<p>\n            Les ogs\u00e5<\/p>\n<p>  Reagerte p\u00e5 smell etter skyting: \u2013 S\u00f8nnen min kom inn og spurte \u00abvar det et skudd?\u00bb<\/p>\n<p>  <\/a><\/p>\n<p>  <a href=\"https:\/\/www.sa.no\/5-46-1892010\" class=\"related-teaser has-image default-story-teaser article--c-eRUmMG article--c-eRUmMG-jKCPdD-design-default\" wp_automatic_readability=\"1\" rel=\"nofollow noopener\" target=\"_blank\"><\/p>\n<p>    For abonnenter<\/p>\n<p>    <img decoding=\"async\" loading=\"lazy\"  src=\"https:\/\/www.europesays.com\/no\/wp-content\/uploads\/2025\/10\/c35fb6c3-5770-45c8-94fc-5f0ea2d1aa80+%281%29.jpeg\" alt=\"\" class=\"brick-c-cFOWSL\" style=\"\"\/><\/p>\n<p>\n            Les ogs\u00e5<\/p>\n<p>  De siktede guttene er ikke fra Sarpsborg &#8211; politiet peker p\u00e5 Foxtrot<\/p>\n<p>  <\/a><\/p>\n<p>(\u00a9NTB)<\/p>\n","protected":false},"excerpt":{"rendered":"\u2013 Med denne innsatsen har vi potensielt forhindret 50 voldshendelser i Sverige, sier Rasem Chebil, operativ sjef for&hellip;\n","protected":false},"author":2,"featured_media":51123,"comment_status":"","ping_status":"","sticky":false,"template":"","format":"standard","meta":{"footnotes":""},"categories":[12],"tags":[36,20,21,24,25,15,983,3881,22,23,13,30,28,29,447,14,16,254,1510,26,27,42,43,44,45],"class_list":{"0":"post-51122","1":"post","2":"type-post","3":"status-publish","4":"format-standard","5":"has-post-thumbnail","7":"category-verden","8":"tag-art","9":"tag-breaking-news","10":"tag-breakingnews","11":"tag-featured-news","12":"tag-featurednews","13":"tag-headlines","14":"tag-krim","15":"tag-kriminelle-nettverk","16":"tag-latest-news","17":"tag-latestnews","18":"tag-news","19":"tag-no","20":"tag-norge","21":"tag-norway","22":"tag-nyhet","23":"tag-nyheter","24":"tag-overskrifter","25":"tag-politi","26":"tag-story","27":"tag-top-stories","28":"tag-topstories","29":"tag-verden","30":"tag-world","31":"tag-world-news","32":"tag-worldnews"},"share_on_mastodon":{"url":"","error":""},"_links":{"self":[{"href":"https:\/\/www.europesays.com\/no\/wp-json\/wp\/v2\/posts\/51122","targetHints":{"allow":["GET"]}}],"collection":[{"href":"https:\/\/www.europesays.com\/no\/wp-json\/wp\/v2\/posts"}],"about":[{"href":"https:\/\/www.europesays.com\/no\/wp-json\/wp\/v2\/types\/post"}],"author":[{"embeddable":true,"href":"https:\/\/www.europesays.com\/no\/wp-json\/wp\/v2\/users\/2"}],"replies":[{"embeddable":true,"href":"https:\/\/www.europesays.com\/no\/wp-json\/wp\/v2\/comments?post=51122"}],"version-history":[{"count":0,"href":"https:\/\/www.europesays.com\/no\/wp-json\/wp\/v2\/posts\/51122\/revisions"}],"wp:featuredmedia":[{"embeddable":true,"href":"https:\/\/www.europesays.com\/no\/wp-json\/wp\/v2\/media\/51123"}],"wp:attachment":[{"href":"https:\/\/www.europesays.com\/no\/wp-json\/wp\/v2\/media?parent=51122"}],"wp:term":[{"taxonomy":"category","embeddable":true,"href":"https:\/\/www.europesays.com\/no\/wp-json\/wp\/v2\/categories?post=51122"},{"taxonomy":"post_tag","embeddable":true,"href":"https:\/\/www.europesays.com\/no\/wp-json\/wp\/v2\/tags?post=51122"}],"curies":[{"name":"wp","href":"https:\/\/api.w.org\/{rel}","templated":true}]}}