{"id":51124,"date":"2025-10-02T16:13:08","date_gmt":"2025-10-02T16:13:08","guid":{"rendered":"https:\/\/www.europesays.com\/no\/51124\/"},"modified":"2025-10-02T16:13:08","modified_gmt":"2025-10-02T16:13:08","slug":"torbjorn-bongo-54-er-dod","status":"publish","type":"post","link":"https:\/\/www.europesays.com\/no\/51124\/","title":{"rendered":"Torbj\u00f8rn Bongo (54) er d\u00f8d"},"content":{"rendered":"<p>  Fagforeningstoppen\u00a0Torbj\u00f8rn Bongo har g\u00e5tt bort, 54 \u00e5r gammel.<\/p>\n<p>\n    D\u00d8D: Torbj\u00f8rn Bongo, som har v\u00e6rt leder i Norges offisers- og spesialistforbund (NOF) siden 2016, er d\u00f8d, 54 \u00e5r gammel. Foto: Vidar Ruud \/ NTB\n  <\/p>\n<p>Torbj\u00f8rn Bongo, som har v\u00e6rt leder i Norges offisers- og spesialistforbund (NOF) siden 2016, er d\u00f8d, 54 \u00e5r gammel.<\/p>\n<p class=\"font-weight-bold m-font-weight-bold\" data-lab-font_weight=\"font-weight-bold\">Bongo bodde i Troms\u00f8 og hadde bakgrunn fra Sj\u00f8forsvaret. Han d\u00f8de natt til torsdag, skriver\u00a0<a href=\"https:\/\/frifagbevegelse.no\/nyheter\/leder-i-loforbund-er-dod-6.158.1167055.f312d00200\" target=\"_blank\" rel=\"nofollow noopener\">FriFagbevegelse<\/a>.<\/p>\n<p>&#8211; Det er trist \u00e5 h\u00f8re om Torbj\u00f8rn Bongos bortgang. Torbj\u00f8rn har v\u00e6rt en viktig stemme for LO i forsvarssektoren i en urolig tid, sier LO-leder Kine Asper Vistnes til fagbladet.<\/p>\n<p>(NTB)<\/p>\n","protected":false},"excerpt":{"rendered":"Fagforeningstoppen\u00a0Torbj\u00f8rn Bongo har g\u00e5tt bort, 54 \u00e5r gammel. D\u00d8D: Torbj\u00f8rn Bongo, som har v\u00e6rt leder i Norges offisers-&hellip;\n","protected":false},"author":2,"featured_media":51125,"comment_status":"","ping_status":"","sticky":false,"template":"","format":"standard","meta":{"footnotes":""},"categories":[10],"tags":[20,21,576,6854,24,25,15,22,23,13,30,28,29,14,16,26,27,7860],"class_list":{"0":"post-51124","1":"post","2":"type-post","3":"status-publish","4":"format-standard","5":"has-post-thumbnail","7":"category-norge","8":"tag-breaking-news","9":"tag-breakingnews","10":"tag-dodsfall","11":"tag-fagforening","12":"tag-featured-news","13":"tag-featurednews","14":"tag-headlines","15":"tag-latest-news","16":"tag-latestnews","17":"tag-news","18":"tag-no","19":"tag-norge","20":"tag-norway","21":"tag-nyheter","22":"tag-overskrifter","23":"tag-top-stories","24":"tag-topstories","25":"tag-torbjorn-bongo"},"share_on_mastodon":{"url":"","error":""},"_links":{"self":[{"href":"https:\/\/www.europesays.com\/no\/wp-json\/wp\/v2\/posts\/51124","targetHints":{"allow":["GET"]}}],"collection":[{"href":"https:\/\/www.europesays.com\/no\/wp-json\/wp\/v2\/posts"}],"about":[{"href":"https:\/\/www.europesays.com\/no\/wp-json\/wp\/v2\/types\/post"}],"author":[{"embeddable":true,"href":"https:\/\/www.europesays.com\/no\/wp-json\/wp\/v2\/users\/2"}],"replies":[{"embeddable":true,"href":"https:\/\/www.europesays.com\/no\/wp-json\/wp\/v2\/comments?post=51124"}],"version-history":[{"count":0,"href":"https:\/\/www.europesays.com\/no\/wp-json\/wp\/v2\/posts\/51124\/revisions"}],"wp:featuredmedia":[{"embeddable":true,"href":"https:\/\/www.europesays.com\/no\/wp-json\/wp\/v2\/media\/51125"}],"wp:attachment":[{"href":"https:\/\/www.europesays.com\/no\/wp-json\/wp\/v2\/media?parent=51124"}],"wp:term":[{"taxonomy":"category","embeddable":true,"href":"https:\/\/www.europesays.com\/no\/wp-json\/wp\/v2\/categories?post=51124"},{"taxonomy":"post_tag","embeddable":true,"href":"https:\/\/www.europesays.com\/no\/wp-json\/wp\/v2\/tags?post=51124"}],"curies":[{"name":"wp","href":"https:\/\/api.w.org\/{rel}","templated":true}]}}