{"id":51128,"date":"2025-10-02T16:18:57","date_gmt":"2025-10-02T16:18:57","guid":{"rendered":"https:\/\/www.europesays.com\/no\/51128\/"},"modified":"2025-10-02T16:18:57","modified_gmt":"2025-10-02T16:18:57","slug":"selger-flere-og-flere-slike-telefoner-det-har-blitt-en-trend-mn24-no","status":"publish","type":"post","link":"https:\/\/www.europesays.com\/no\/51128\/","title":{"rendered":"Selger flere og flere slike telefoner: \u2013 Det har blitt en trend &#8211; mn24.no"},"content":{"rendered":"<ol>\n<li><a href=\"https:\/\/news.google.com\/rss\/articles\/CBMioAFBVV95cUxQX3l0UzVRVDlaMExOQ1hhM3BNVEhRQlRaaEsxMlFfOWZwaXNYVzkwVjk5OEJNa1NPWmtlYjZWN0x6aU9aSGxtX3JDY083SDNoWllEVDc3Rk9ycENEOC1SWWJxdWo3c3VYbU83c0NxVzRrMTNfWnVoNWVmZjJsLUkzQWNYY0FvemhKRW41dEZrM3BQWDZBdWZJTWZQNDZabVNI?oc=5\" target=\"_blank\" rel=\"nofollow noopener\">Selger flere og flere slike telefoner: \u2013 Det har blitt en trend<\/a>&nbsp;&nbsp;mn24.no<\/li>\n<li><a href=\"https:\/\/news.google.com\/rss\/articles\/CBMikgFBVV95cUxQOGlFNDVsU1Qybm1NTzFBTl9EczlEV0RjaGdTS0w5MDluNEYySlJaQ1kxUGVUbUs0N0cxb0dhMVIxZGlRVnhXRGFjTnBfbXZvdGdvYlZwSUx3Z1RuOTF1b2pGMjdwWWdXd1d4Mk9oSTdjQ3VlamhXb1RRR0FpbmItQzdsTlRkLXY5aVMwaU1mSUNqQQ?oc=5\" target=\"_blank\" rel=\"nofollow noopener\">Klar melding til bransjen: Skrot begrepet dumtelefon<\/a>&nbsp;&nbsp;NRK<\/li>\n<li><a href=\"https:\/\/news.google.com\/rss\/articles\/CBMihAFBVV95cUxNQURHYUh4WXFuZk81SHJWb181RXFDLWlwejZYd09zbUZ3SzNXMnB0UzRvenJtcjZsWGxHSmw1NUZDMGx2SEhwR1Ftd1dvM0tmQ2NkUHo0bWZDZ3dCb21FSTVLbm40dUtrV0tHcl84ZUlGQ3FVYVpEOXNveVlDN04xSkJmbUY?oc=5\" target=\"_blank\" rel=\"nofollow noopener\">\u00d8konomi og n\u00e6ringsliv, Trender | N\u00e5 vil \u00aballe\u00bb ha dette: \u2013 Vi ser en tydelig trend<\/a>&nbsp;&nbsp;Avisa Oslo<\/li>\n<li><a href=\"https:\/\/news.google.com\/rss\/articles\/CBMikAFBVV95cUxNejRLVUZKU2dLNldORWZuZnU5S09wZ3lMLWJvZDhPMzhhZWNaeVJ3V2dwakNLQnM3RzN2VWFORF9KamNhWkZxWEVtMTl3VlpNMDhsRFVjbExxZk05WEc1OGlKbE5ESEFBcVlWMmFjWmw3SlpvaDBOZ0lJV0VBVUxMa2REeWgyRU9PRkFBYjNlTmo?oc=5\" target=\"_blank\" rel=\"nofollow noopener\">DT24, Telefon | Thomas (37) ble nysgjerrig: \u2013 Salget har omtrent eksplodert<\/a>&nbsp;&nbsp;Drammens Tidende<\/li>\n<li><a href=\"https:\/\/news.google.com\/rss\/articles\/CBMipwFBVV95cUxQNlNXUHRYTEFjamdCWEJMN2RmVEduS2RkQ0NQdmU5RWJ0cERRSGV0UndLLUVCQXlKbXFCcHhSTjdaMklPNi03bnRjT2FQMGFvbkhfSXJSRVRNNnZxV044dXlNLUZuV0xmQjJYM1hFZDVRdGhVVHNfTk9PU1FNTHlCTEhCZnRTNXFOdjlCd1BrdjZLVzBuVS04WWhyVWVKUy1fMlNUcGwzRQ?oc=5\" target=\"_blank\" rel=\"nofollow noopener\">\u00abDumtelefon\u00bb: Her f\u00e5r du tak tastetelefoner<\/a>&nbsp;&nbsp;Nettavisen<\/li>\n<\/ol>\n","protected":false},"excerpt":{"rendered":"Selger flere og flere slike telefoner: \u2013 Det har blitt en trend&nbsp;&nbsp;mn24.no Klar melding til bransjen: Skrot begrepet&hellip;\n","protected":false},"author":2,"featured_media":51129,"comment_status":"","ping_status":"","sticky":false,"template":"","format":"standard","meta":{"footnotes":""},"categories":[56],"tags":[60,61,7861,7862,492,62,30,28,29,5351,1702],"class_list":{"0":"post-51128","1":"post","2":"type-post","3":"status-publish","4":"format-standard","5":"has-post-thumbnail","7":"category-naeringsliv","8":"tag-business","9":"tag-economy","10":"tag-elkjop","11":"tag-klapptelefon","12":"tag-levanger","13":"tag-naeringsliv","14":"tag-no","15":"tag-norge","16":"tag-norway","17":"tag-smarttelefon","18":"tag-trend"},"share_on_mastodon":{"url":"","error":""},"_links":{"self":[{"href":"https:\/\/www.europesays.com\/no\/wp-json\/wp\/v2\/posts\/51128","targetHints":{"allow":["GET"]}}],"collection":[{"href":"https:\/\/www.europesays.com\/no\/wp-json\/wp\/v2\/posts"}],"about":[{"href":"https:\/\/www.europesays.com\/no\/wp-json\/wp\/v2\/types\/post"}],"author":[{"embeddable":true,"href":"https:\/\/www.europesays.com\/no\/wp-json\/wp\/v2\/users\/2"}],"replies":[{"embeddable":true,"href":"https:\/\/www.europesays.com\/no\/wp-json\/wp\/v2\/comments?post=51128"}],"version-history":[{"count":0,"href":"https:\/\/www.europesays.com\/no\/wp-json\/wp\/v2\/posts\/51128\/revisions"}],"wp:featuredmedia":[{"embeddable":true,"href":"https:\/\/www.europesays.com\/no\/wp-json\/wp\/v2\/media\/51129"}],"wp:attachment":[{"href":"https:\/\/www.europesays.com\/no\/wp-json\/wp\/v2\/media?parent=51128"}],"wp:term":[{"taxonomy":"category","embeddable":true,"href":"https:\/\/www.europesays.com\/no\/wp-json\/wp\/v2\/categories?post=51128"},{"taxonomy":"post_tag","embeddable":true,"href":"https:\/\/www.europesays.com\/no\/wp-json\/wp\/v2\/tags?post=51128"}],"curies":[{"name":"wp","href":"https:\/\/api.w.org\/{rel}","templated":true}]}}