{"id":5120,"date":"2025-08-11T14:53:12","date_gmt":"2025-08-11T14:53:12","guid":{"rendered":"https:\/\/www.europesays.com\/no\/5120\/"},"modified":"2025-08-11T14:53:12","modified_gmt":"2025-08-11T14:53:12","slug":"matprisene-steg-med-59-prosent-i-juli-uvanlig-hoy-vekst","status":"publish","type":"post","link":"https:\/\/www.europesays.com\/no\/5120\/","title":{"rendered":"Matpri\u00adsene steg med 5,9 prosent i juli: \u2013 Uvan\u00adlig h\u00f8y vekst"},"content":{"rendered":"<p>Ferske tall fra Statistisk sentralbyr\u00e5 (SSB) viser at prisene p\u00e5 mat og alkoholfrie drikkevarer steg med 5,9 prosent i juli. Det er sammenlignet med samme m\u00e5ned i fjor.<\/p>\n<p>Hvis man ser p\u00e5 endringen i matvareprisene fra juni til juli, var \u00f8kningen p\u00e5 4,4 prosent.<\/p>\n<p>\u2013 \u00d8kte matpriser i juli passer godt med m\u00f8nsteret vi har sett over tid, hvor prisendringer fra leverand\u00f8rene innfases denne m\u00e5neden, sier Espen Kristiansen, seksjonssjef i Statistisk sentralbyr\u00e5 (SSB), i en <a href=\"https:\/\/www.ssb.no\/priser-og-prisindekser\/konsumpriser\/statistikk\/konsumprisindeksen\/artikler\/%C3%B8kt-prisvekst-i-juli\" rel=\"noopener nofollow\" target=\"_blank\">uttalelse<\/a>.<\/p>\n<p>I Norge er det vanlig at matvarekjedene og leverand\u00f8rene forhandler om prisjusteringer to ganger i \u00e5ret, 1. februar og 1. juli.<\/p>\n<p>Derfor er pris\u00f8kningen fra juni til juli ofte h\u00f8yere enn andre m\u00e5neder.<\/p>\n<p>\u2013 H\u00f8yeste vi har sett<\/p>\n<p>SSB omtaler tallene som \u00abuvanlig h\u00f8y m\u00e5nedsvekst for mat og drikke\u00bb.<\/p>\n<p>\u2013 Samtidig er \u00e5rets prisvekst i juli blant de h\u00f8yeste vi har sett, til tross for signaler fra bransjen om at de vil bort fra denne ordningen med fast tidspunkt for prisforhandlinger, sier seksjonssjefen.<\/p>\n<p>Den generelle prisveksten <a href=\"https:\/\/e24.no\/norsk-oekonomi\/i\/vgLn4p\/prisvekst-paa-33-prosent-i-juli\" rel=\"noopener nofollow\" target=\"_blank\">kom inn p\u00e5 3,3 prosent i juli<\/a>, et tall som var h\u00f8yere enn ventet p\u00e5 forh\u00e5nd. En unders\u00f8kelse blant \u00f8konomer hadde ansl\u00e5tt at prisveksten ville holde seg i ro p\u00e5 3 prosent, if\u00f8lge Bloomberg.<\/p>\n<p>Kjerneinflasjonen var p\u00e5 3,1 prosent, fortsatt <a href=\"https:\/\/e24.no\/norsk-oekonomi\/i\/Av1weA\/norges-bank-sjokkerer-med-rentekutt\" rel=\"noopener nofollow\" target=\"_blank\">et stykke over Norges Banks inflasjonsm\u00e5l p\u00e5 2 prosent<\/a>.<\/p>\n<p>\u00d8delegger ikke for kutt<\/p>\n<p>Norges Bank skal ha rentem\u00f8te p\u00e5 torsdag, der det er ventet at de vil holde styringsrenten uendret.<\/p>\n<p>Det er st\u00f8rre spenning knyttet til om det blir kutt p\u00e5 rentem\u00f8tet i september.<\/p>\n<p>Seniorstrateg Dane Cekov i Sparebank 1 Markets tror ikke de h\u00f8ye matprisene vil \u00f8delegge for et rentekutt i september. Utviklingen siden juni gir ingen grunn til \u00e5 kutte renten denne uken, tror han.<\/p>\n<p>\u2013 <strong>Vi venter likevel et nytt kutt i september, med mindre inflasjonen skulle overraske betydelig p\u00e5 oppsiden i august, skriver han i et notat.<\/strong><\/p>\n<p>\u2013 Sv\u00e6rt h\u00f8ye<\/p>\n<p>Varene som dro opp matprisene mest i juli, var kaffe, kakao, fisk og kj\u00f8lt frukt, if\u00f8lge SSB.<\/p>\n<p>\u2013 Prisene p\u00e5 kaffe og sjokolade har steget mye de siste m\u00e5nedene. Dette kan sees i sammenheng med utviklingen av r\u00e5vareprisene p\u00e5 kaffe og kakao, som har v\u00e6rt sv\u00e6rt h\u00f8ye gjennom 2025, sier Espen Kristiansen i SSB.<\/p>\n<p>Prisene p\u00e5 kaffe og kakao, som settes i internasjonale markeder, har steget kraftig de siste \u00e5rene. \u00d8kningen i kaffeprisen blir ofte forklart med hvordan klimaendringer, blant annet mer hyppige t\u00f8rker, p\u00e5virker kaffedyrking.<\/p>\n","protected":false},"excerpt":{"rendered":"Ferske tall fra Statistisk sentralbyr\u00e5 (SSB) viser at prisene p\u00e5 mat og alkoholfrie drikkevarer steg med 5,9 prosent&hellip;\n","protected":false},"author":2,"featured_media":5121,"comment_status":"","ping_status":"","sticky":false,"template":"","format":"standard","meta":{"footnotes":""},"categories":[10],"tags":[20,21,24,25,15,1260,22,23,1229,13,30,28,29,14,16,1228,26,27],"class_list":{"0":"post-5120","1":"post","2":"type-post","3":"status-publish","4":"format-standard","5":"has-post-thumbnail","7":"category-norge","8":"tag-breaking-news","9":"tag-breakingnews","10":"tag-featured-news","11":"tag-featurednews","12":"tag-headlines","13":"tag-kakao","14":"tag-latest-news","15":"tag-latestnews","16":"tag-matpriser","17":"tag-news","18":"tag-no","19":"tag-norge","20":"tag-norway","21":"tag-nyheter","22":"tag-overskrifter","23":"tag-statistisk-sentralbyra","24":"tag-top-stories","25":"tag-topstories"},"share_on_mastodon":{"url":"","error":""},"_links":{"self":[{"href":"https:\/\/www.europesays.com\/no\/wp-json\/wp\/v2\/posts\/5120","targetHints":{"allow":["GET"]}}],"collection":[{"href":"https:\/\/www.europesays.com\/no\/wp-json\/wp\/v2\/posts"}],"about":[{"href":"https:\/\/www.europesays.com\/no\/wp-json\/wp\/v2\/types\/post"}],"author":[{"embeddable":true,"href":"https:\/\/www.europesays.com\/no\/wp-json\/wp\/v2\/users\/2"}],"replies":[{"embeddable":true,"href":"https:\/\/www.europesays.com\/no\/wp-json\/wp\/v2\/comments?post=5120"}],"version-history":[{"count":0,"href":"https:\/\/www.europesays.com\/no\/wp-json\/wp\/v2\/posts\/5120\/revisions"}],"wp:featuredmedia":[{"embeddable":true,"href":"https:\/\/www.europesays.com\/no\/wp-json\/wp\/v2\/media\/5121"}],"wp:attachment":[{"href":"https:\/\/www.europesays.com\/no\/wp-json\/wp\/v2\/media?parent=5120"}],"wp:term":[{"taxonomy":"category","embeddable":true,"href":"https:\/\/www.europesays.com\/no\/wp-json\/wp\/v2\/categories?post=5120"},{"taxonomy":"post_tag","embeddable":true,"href":"https:\/\/www.europesays.com\/no\/wp-json\/wp\/v2\/tags?post=5120"}],"curies":[{"name":"wp","href":"https:\/\/api.w.org\/{rel}","templated":true}]}}