{"id":51229,"date":"2025-10-02T18:21:08","date_gmt":"2025-10-02T18:21:08","guid":{"rendered":"https:\/\/www.europesays.com\/no\/51229\/"},"modified":"2025-10-02T18:21:08","modified_gmt":"2025-10-02T18:21:08","slug":"zinedine-zidanes-sonn-kan-fa-landslagsdebuten-for-algerie","status":"publish","type":"post","link":"https:\/\/www.europesays.com\/no\/51229\/","title":{"rendered":"Zinedine Zidanes s\u00f8nn kan f\u00e5 landslagsdebuten \u2013 for Algerie"},"content":{"rendered":"\n<p class=\"_lead_1994c_2 _lead_xtcu6_50 layout-component text-serif-m layout-normal text-serif-l layout-component layout-wide layout-padded _wide_17hqh_1 layout-padded\">Zinedine Zidanes (53) s\u00f8nn Luca (27) har mange kamper p\u00e5 aldersbestemte landslag for Frankrike. N\u00e5 har keeperen blitt tatt ut p\u00e5 Algeries A-landslag.<\/p>\n<ul class=\"_gallery_1qa3s_23\" tabindex=\"0\">\n<li class=\"_item_1qa3s_37\" data-index=\"0\"><img fetchpriority=\"high\" decoding=\"async\" class=\"_image_foru8_23 _introGallery_foru8_43\" data-fullscreen- width=\"3040\" height=\"4669\" itemprop=\"image\" loading=\"eager\"  src=\"https:\/\/www.europesays.com\/no\/wp-content\/uploads\/2025\/10\/4497b779-0351-4a2d-9d4c-adae5a8b8761\"  style=\"object-position:50% 50%;aspect-ratio:var(--gallery-aspect-ratio, 16 \/ 9)\"\/>Luca Zidane fikk to ligakamper fra start for Real Madrid.  Foto: Bernat Armangue \/ AP \/ NTB<\/li>\n<li class=\"_item_1qa3s_37\" data-index=\"1\"><img decoding=\"async\" class=\"_image_foru8_23 _introGallery_foru8_43\" data-fullscreen- width=\"3592\" height=\"2394\" itemprop=\"image\" loading=\"lazy\"  src=\"https:\/\/www.europesays.com\/no\/wp-content\/uploads\/2025\/10\/62757809-72cc-4656-bf38-b697506cf7c9\"  style=\"object-position:50% 50%;aspect-ratio:var(--gallery-aspect-ratio, 16 \/ 9)\"\/>Zin\u00e9dine Zidane valgte i sin tid, med hell, \u00e5 spille for Frankrike framfor Algerie. N\u00e5 kan s\u00f8nnen Luca f\u00e5 sjansen til \u00e5 representere Algerie.  Foto: Miguel Morenatti \/ AP \/ NTB<\/li>\n<\/ul>\n<p>Luca Zidane fikk to ligakamper fra start for Real Madrid.  Foto: Bernat Armangue \/ AP \/ NTB<\/p>\n<ul aria-hidden=\"true\" class=\"_images_1y6fe_106\">\n<li><a class=\"_link_1y6fe_111\" href=\"https:\/\/www.vg.no\/forfatter\/ntb\" style=\"z-index:1\" title=\"NTB\" rel=\"nofollow noopener\" target=\"_blank\"><img alt=\"Bilde av NTB\" class=\"_image_1y6fe_88\" fetchpriority=\"low\" loading=\"lazy\" decoding=\"async\" itemprop=\"image\"  src=\"https:\/\/www.europesays.com\/no\/wp-content\/uploads\/2025\/10\/1759429268_502_c33980b0-5d07-4027-84a1-813f90a7c8d6\"  width=\"480\"\/><\/a><\/li>\n<\/ul>\n<p> Oppdatert torsdag 2. oktober kl. 20:18    <\/p>\n<ul class=\"_list_1994c_3 _list_64s2r_85 _unordered_1994c_105 text-sans-m\">\n<li class=\"_item_1994c_30\">Luca Zidane er tatt ut p\u00e5 Algeries A-landslag etter 30 U-landskamper for Frankrike uten A-debut.<\/li>\n<li class=\"_item_1994c_30\">Algerie m\u00f8ter Somalia og Uganda i VM-kvalik; seier i \u00e9n kamp sikrer VM 2026-plass.<\/li>\n<li class=\"_item_1994c_30\">Pappa Zidane pekes ut som favoritt til \u00e5 ta over Frankrike etter VM neste sommer.<\/li>\n<\/ul>\n<p>Vis mer <\/p>\n<p class=\"_paragraph_1994c_4 _paragraph_xtcu6_10 layout-component text-serif-m layout-normal text-serif-m layout-padded\">Luca Zidane spilte til sammen 30 kamper for Frankrike p\u00e5 forskjellige aldersbestemte landslag, men 27-\u00e5ringen fikk aldri sjansen p\u00e5 A-landslaget.<\/p>\n<p class=\"_paragraph_1994c_4 _paragraph_xtcu6_10 layout-component text-serif-m layout-normal text-serif-m layout-padded\">Han har n\u00e5 blitt tatt ut til Algeries tropp som skal m\u00f8te Somalia og Uganda i VM-kvalifiseringen de kommende ukene. Ved seier i en av kampene vil Algerie sikre plass i fotball-VM i 2026.<\/p>\n<p><img alt=\"KJENT NAVN: Luca Zidane har et etternavn som forplikter. Her fra tiden i Real Madrid.   Foto: JAVIER SORIANO \/ AFP \/ NTB\" class=\"_image_qp4xg_65 layout-component layout-normal\" data-fullscreen- data-track-element-type=\"Article image fullscreen\" data-track-name=\"ImageFullscreen\" decoding=\"async\" loading=\"lazy\" height=\"1215\" itemprop=\"image\"  src=\"https:\/\/www.europesays.com\/no\/wp-content\/uploads\/2025\/10\/dadc7c8b-58c4-4caf-9218-660dc95b46af\"  style=\"object-position:0% 0%\" width=\"2161\"\/>KJENT NAVN: Luca Zidane har et etternavn som forplikter. Her fra tiden i Real Madrid.   Foto: JAVIER SORIANO \/ AFP \/ NTB<\/p>\n<p class=\"_paragraph_1994c_4 _paragraph_xtcu6_10 layout-component text-serif-m layout-normal text-serif-m layout-padded\">Keeperen sto to ligakamper for Real Madrid i 2018 og 2019. N\u00e5 spiller 27-\u00e5ringen til daglig for Granada p\u00e5 nest \u00f8verste niv\u00e5 i Spania.<\/p>\n<p class=\"_paragraph_1994c_4 _paragraph_xtcu6_10 layout-component text-serif-m layout-normal text-serif-m layout-padded\"><strong class=\"_strong_1994c_25\">Pappa Zidane spilte over 100 landskamper for Frankrike og ble verdensmester i 1998 og europamester i 1998. Begge foreldrene til Zin\u00e9dine Zidane kommer fra Algerie, men den tidligere Ballon d&#8217;Or-vinneren valgte \u00e5 representere Frankrike. <\/strong><\/p>\n<p class=\"_paragraph_1994c_4 _paragraph_xtcu6_10 layout-component text-serif-m layout-normal text-serif-m layout-padded\">Pappa Zidane er den st\u00f8rste favoritten til \u00e5 ta over som fransk landslagstrener n\u00e5r n\u00e5v\u00e6rende trener Didier Deschamps takker for seg i rollen etter VM neste sommer.<\/p>\n<p class=\"_paragraph_1994c_4 _paragraph_xtcu6_10 layout-component text-serif-m layout-normal text-serif-m layout-padded\">Den ikoniske midtbaneeleganten har st\u00e5tt uten trenerjobb siden han ga seg etter sin andre periode som Real Madrid-trener i 2021.<\/p>\n","protected":false},"excerpt":{"rendered":"Zinedine Zidanes (53) s\u00f8nn Luca (27) har mange kamper p\u00e5 aldersbestemte landslag for Frankrike. N\u00e5 har keeperen blitt&hellip;\n","protected":false},"author":2,"featured_media":51230,"comment_status":"","ping_status":"","sticky":false,"template":"","format":"standard","meta":{"footnotes":""},"categories":[59],"tags":[7871,92,30,28,29,5130,83,82,7870],"class_list":{"0":"post-51229","1":"post","2":"type-post","3":"status-publish","4":"format-standard","5":"has-post-thumbnail","7":"category-sport","8":"tag-algeries-herrelandslag-fotball","9":"tag-fotball","10":"tag-no","11":"tag-norge","12":"tag-norway","13":"tag-real-madrid","14":"tag-sport","15":"tag-sports","16":"tag-zinedine-zidane"},"share_on_mastodon":{"url":"","error":""},"_links":{"self":[{"href":"https:\/\/www.europesays.com\/no\/wp-json\/wp\/v2\/posts\/51229","targetHints":{"allow":["GET"]}}],"collection":[{"href":"https:\/\/www.europesays.com\/no\/wp-json\/wp\/v2\/posts"}],"about":[{"href":"https:\/\/www.europesays.com\/no\/wp-json\/wp\/v2\/types\/post"}],"author":[{"embeddable":true,"href":"https:\/\/www.europesays.com\/no\/wp-json\/wp\/v2\/users\/2"}],"replies":[{"embeddable":true,"href":"https:\/\/www.europesays.com\/no\/wp-json\/wp\/v2\/comments?post=51229"}],"version-history":[{"count":0,"href":"https:\/\/www.europesays.com\/no\/wp-json\/wp\/v2\/posts\/51229\/revisions"}],"wp:featuredmedia":[{"embeddable":true,"href":"https:\/\/www.europesays.com\/no\/wp-json\/wp\/v2\/media\/51230"}],"wp:attachment":[{"href":"https:\/\/www.europesays.com\/no\/wp-json\/wp\/v2\/media?parent=51229"}],"wp:term":[{"taxonomy":"category","embeddable":true,"href":"https:\/\/www.europesays.com\/no\/wp-json\/wp\/v2\/categories?post=51229"},{"taxonomy":"post_tag","embeddable":true,"href":"https:\/\/www.europesays.com\/no\/wp-json\/wp\/v2\/tags?post=51229"}],"curies":[{"name":"wp","href":"https:\/\/api.w.org\/{rel}","templated":true}]}}