{"id":51270,"date":"2025-10-02T19:29:14","date_gmt":"2025-10-02T19:29:14","guid":{"rendered":"https:\/\/www.europesays.com\/no\/51270\/"},"modified":"2025-10-02T19:29:14","modified_gmt":"2025-10-02T19:29:14","slug":"barn-rekrutteres-via-qr-koder","status":"publish","type":"post","link":"https:\/\/www.europesays.com\/no\/51270\/","title":{"rendered":"Barn rekrutteres via QR-koder"},"content":{"rendered":"<p>    Kort fortalt<\/p>\n<ul lang=\"nb-NO\">\n<li>Barn rekrutteres til kriminalitet via sosiale medier som Instagram og Snapchat, hvor kriminelle legger ut videoer for \u00e5 lokke dem til \u00e5 utf\u00f8re oppdrag.\u00a0<\/li>\n<li>Kriminelle bruker QR-koder og\u00a0\u00abjobbannonser\u00bb i kontakten med barna.\u00a0<\/li>\n<li>Kripos forteller at rekrutteringen foreg\u00e5r i fire niv\u00e5er &#8211; med en oppdragsgiver, en rekrutterer, en tilrettelegger og utf\u00f8reren (barna).\u00a0<\/li>\n<li>Kripos har opprettet et nasjonalt prosjekt for \u00e5 bekjempe fenomenet, og regjeringen vurderer strengere lovverk for \u00e5 hindre rekruttering av barn til kriminalitet.<\/li>\n<\/ul>\n<p class=\"italic ai-disclaimer\" data-lab-italic=\"italic\">Sammendraget er laget av ChatGPT og godkjent av Dagbladet.<\/p>\n<p>      Vis mer<br \/>\n      Vis mindre<\/p>\n<p>Oslo-politiet etterforsker \u00e5tte barn i forbindelse med <a href=\"https:\/\/www.dagbladet.no\/nyheter\/ny-utvikling-svaert-svaert-alvorlig\/83667319\" rel=\"nofollow noopener\" target=\"_blank\">granateksplosjonen i Pilestredet og en skyting i Sarpsborg<\/a>. Hypotesen er at barna har gjort dette p\u00e5 bestilling fra organiserte kriminelle, og politiet ser mot den svenske kriminelle gjengen Foxtrot.\u00a0<\/p>\n<ul>\n<li class=\"lab-bodytext-line\">To 13-\u00e5ringer er mistenkt for \u00e5 ha kastet granater i Pilestredet. En av disse har forklart politiet at han skulle f\u00e5 30 000 kroner for oppdraget.<\/li>\n<li class=\"lab-bodytext-line\">To 15-\u00e5ringer er siktet for medvirkning til grov ulovlig befatning med eksplosiver etter hendelsen i Pilestredet.<\/li>\n<li class=\"lab-bodytext-line\">Tirsdag ble en tolv\u00e5ring, en 13-\u00e5ring og en 14-\u00e5ring innbragt etter skyting mot en bolig i Sarpsborg.<\/li>\n<li class=\"lab-bodytext-line\">Onsdag ble en 15-\u00e5ring siktet i forbindelse med skytingen.\u00a0<\/li>\n<\/ul>\n<p>&#8211; Barn er aktive p\u00e5 sosiale medier, hvor de utsettes for propaganda fra<br \/>\norganiserte kriminelle nettverk. De bruker Instagram, Snapchat og TikTok, sier Elin Sylte Eikrem, avsnittsleder ved Seksjon for organisert kriminalitet i Kripos, til Dagbladet.<\/p>\n<p>          <img loading=\"lazy\" decoding=\"async\" src=\"https:\/\/www.europesays.com\/no\/wp-content\/uploads\/2025\/10\/83673160.webp\" width=\"980\" height=\"559\" title=\"EKSEMPEL: Her er et eksempel p\u00e5 en jobbannonse i sosiale medier. Foto: Kripos\" alt=\"\" class=\"\" style=\"--aspect-ratio-image: 1.75; \"\/><\/p>\n<p>\n          EKSEMPEL: Her er et eksempel p\u00e5 en jobbannonse i sosiale medier. Foto: Kripos\n      <\/p>\n<p>I Instagram-reels og p\u00e5 my story p\u00e5 Snapchat legger kriminelle ut videoer av v\u00e5pen, granater og seddelbunker &#8211; og skriver at \u00abjobb finnes\u00bb. Noen ganger blir man bedt om \u00e5 scanne en QR-kode for kontakt.\u00a0<\/p>\n<p>&#8211; Den st\u00f8rste motivasjonen er lettjente penger. Mens noen har en tiltrekning mot svenske kriminelle og nettverk, forklarer hun.\u00a0<\/p>\n<p>Slik foreg\u00e5r\u00a0\u00abhandelen\u00bb\t<\/p>\n<p>F\u00f8rste steg, if\u00f8lge Kripos, er ofte at barna blir utsatt for videoer som glorifiserer livet som kriminell eller voldsvideoer p\u00e5 sosiale medier, og som f\u00f8rer dem inn i mer av den type innhold.\u00a0<\/p>\n<p>&#8211; Organiserte kriminelle legger ut QR-koder p\u00e5 Instagram, TikTok og Snapchat, som lokker barna over til andre krypterte plattformer som for eksempel Telegram og Signal. I\u00a0det siste har vi sett at jobbannonser ogs\u00e5 blir lagt ut direkte p\u00e5 Snapchat og Instagram, sier avsnittslederen.<\/p>\n<p>Det er jobbannonser for alt fra trusler, salg av v\u00e5pen og eksplosiver til drap. Her st\u00e5r det som oftest en pris for oppdraget.\u00a0<\/p>\n<p>        SARPSBORG: Tre unge gutter er innbrakt etter hendelse i Saprsborg &#8211; politiet mener de avverget nytt granatangrep. Reporter: Edward Stenlund. Video: NTB<\/p>\n<p>Den som p\u00e5tar seg oppdraget, kan sende en direktemelding til den som har lagt ut annonsen. Dette skjer i en mindre gruppe, stor sett p\u00e5 Signal, hvor selve planleggingen skjer.\u00a0<\/p>\n<p>&#8211; Det f\u00f8rste<br \/>\nsom da skjer er at vedkommende m\u00e5 vise ID til oppdragsgiver. Det er for \u00e5 sikre hvem som skal utf\u00f8re dette, men ogs\u00e5 for \u00e5 se at det ikke er en rivaliserende gjeng som<br \/>\ngj\u00f8r det. Deretter settes det opp en videosamtale hvor vedkommende holder opp IDen sin mot ansiktet &#8211; som<br \/>\nen verifisering. N\u00e5r de ser at det er en reell person, starter planleggingen av oppdraget. Hvor det skal skje, hvem som er m\u00e5let, og hvordan de skal f\u00e5 tak i v\u00e5pen, forklarer Eikrem.<\/p>\n<p>    Fire ulike roller<\/p>\n<p>Slik fordeles rollene i rekrutteringen:<\/p>\n<ul>\n<li>Oppdragsgiveren:\u00a0Dette er en person som har en konflikt og trenger et voldsoppdrag. Denne personen tar s\u00e5 kontakt med en rekrutterer.\u00a0<\/li>\n<li>Rekruttereren:\u00a0Dette er en person som er spesialisert p\u00e5 \u00e5 organisere voldsoppdrag. Rekruttereren lager en annonse og legger ut p\u00e5 sosiale medier, hvor s\u00e5rbare barn og unge blir lokket til \u00e5 gjennomf\u00f8re et oppdrag.\u00a0<\/li>\n<li>Tilretteleggeren:\u00a0For at barna skal klare \u00e5 utf\u00f8re oppdraget, trenger de en tilrettelegger. De har naturlig nok verken f\u00f8rerkort eller v\u00e5pen, kanskje heller ikke penger til bussbillett, og trenger en del hjelp. Det er tilretteleggerens rolle.\u00a0<\/li>\n<li>Utf\u00f8rer:\u00a0Dette er barna som p\u00e5tar seg oppdraget.<\/li>\n<\/ul>\n<p>      Vis mer<br \/>\n      Vis mindre<\/p>\n<p>M\u00e5 bevise vellykket oppdrag\t<\/p>\n<p>Etter oppdraget er utf\u00f8rt, m\u00e5 det gis dokumentasjon p\u00e5 hvordan<br \/>\ndet har skjedd &#8211; gjerne med et bilde eller en video som viser at man har lykkes med oppdraget.<\/p>\n<p>&#8211; Om man ikke lykkes, eller trekker seg, st\u00e5r man i \u00abbad standing\u00bb hos rekrutterer.<br \/>\nDa kan de bli utsatt for trusler eller selv skadd eller at familien kan utsettes for noe. Det ser vi fra Sverige, at den som ikke lykkes med et oppdrag eller har trukket seg, har blitt utsatt<br \/>\nfor kriminelle handlinger, sier Eikrem.\u00a0<\/p>\n<p>          <img loading=\"lazy\" decoding=\"async\" src=\"https:\/\/www.europesays.com\/no\/wp-content\/uploads\/2025\/10\/83673440.webp\" width=\"686\" height=\"529\" title=\"BRUKES I SVERIGE: I Sverige har man sett flere eksempler av rekruttering av barn til kriminalitet, s\u00e6rlig brukt av Foxtrot. Det er uklart hva som er omstendighetene i dette eksemplet. Foto: Kripos\" alt=\"\" class=\"\" style=\"--aspect-ratio-image: 1.30; \"\/><\/p>\n<p>\n          BRUKES I SVERIGE: I Sverige har man sett flere eksempler av rekruttering av barn til kriminalitet, s\u00e6rlig brukt av Foxtrot. Det er uklart hva som er omstendighetene i dette eksemplet. Foto: Kripos\n      <\/p>\n<p>De kriminelle gjengene bruker p\u00e5 denne m\u00e5ten vold som handelsvare, og dette m\u00e5 sees i sammenheng med annen organisert kriminalitet, forklarer avsnittslederen. Det er dette politiet kaller\u00a0\u00abcrime as a service\u00bb.\u00a0<\/p>\n<p>&#8211; De<br \/>\ner opptatt av \u00e5 tjene penger, ofte via narkotikakriminalitet. Det er s\u00e6rlig med denne typen kriminalitet at det oppst\u00e5r konflikt i alt fra betaling og kvaliteten p\u00e5 produktet til rivalisering mellom gjengene og de som de vil hevne seg p\u00e5. F\u00f8r var det de kriminelle medlemmene selv som begikk denne hevnen, men det vi har sett de siste par \u00e5ra er at de heller setter ut oppdraget, sier Eikrem.\u00a0<\/p>\n<p>    <a itemprop=\"url\" href=\"https:\/\/www.dagbladet.no\/nyheter\/drastisk-endring-utrolig-attraktivt\/83642444\" rel=\"nofollow noopener\" target=\"_blank\"><\/p>\n<p>      <img loading=\"lazy\" decoding=\"async\" src=\"https:\/\/www.europesays.com\/no\/wp-content\/uploads\/2025\/10\/83647971.webp\" width=\"980\" height=\"441\" title=\"Drastisk endring: - Utrolig attraktivt\" alt=\"\" class=\"lazyload\" style=\"--aspect-ratio-image: 2.22; \"\/><\/p>\n<p>        Drastisk endring: &#8211; Utrolig attraktivt<\/p>\n<p>    <\/a><\/p>\n<p>Foxtrot: &#8211; Veldig aktive\t<\/p>\n<p> At det oppst\u00e5r konflikt i kriminelle milj\u00f8er, er ikke nytt.\u00a0<\/p>\n<p>&#8211; Det som er nytt er at det legges ut voldsoppdrag p\u00e5 sosiale medier for \u00e5 lokke unge utf\u00f8rere til \u00e5 ta p\u00e5 seg oppdragene. Foxtrot er en gjeng som fremst\u00e5r som veldig aktive i denne fremgangsm\u00e5ten, men det finnes andre kriminelle gjenger som vi mener benytter seg av dette, sier avsnittslederen.\u00a0<\/p>\n<p>H\u00f8sten i fjor opprettet Kripos et nasjonalt prosjekt med fokus p\u00e5 \u00e5 bekjempe dette fenomenet. Siden den gang har de sett en tydelig \u00f8kning av barn &#8211; ned i 13-\u00e5rsalderen &#8211; som rekrutteres.\u00a0<\/p>\n<p>&#8211; Det viktigste for de kriminelle er \u00e5 bruke noen som ikke har tilknytning<br \/>\ntil nettverket fra f\u00f8r. Barna er s\u00e5rbare bytter for \u00e5 p\u00e5ta seg oppdraget, de krever ikke<br \/>\nmye betaling og kan heller ikke straffes.<\/p>\n<p> Kripos p\u00e5peker at mange heller aldri f\u00e5r betaling, nettopp fordi de blir tatt av politiet. <\/p>\n<p>          <img loading=\"lazy\" decoding=\"async\" src=\"https:\/\/www.europesays.com\/no\/wp-content\/uploads\/2025\/10\/83673340.webp\" width=\"980\" height=\"559\" title=\"KRIPOS: Kripos er politiets nasjonale enhet for bekjempelse av organisert og annen alvorlig kriminalitet, og har hovedkvarter p\u00e5 Bryn i Oslo. Foto: Jonas F\u00e6ste Laksekj\u00f8n \/ NTB\" alt=\"\" class=\"\" style=\"--aspect-ratio-image: 1.75; \"\/><\/p>\n<p>\n          KRIPOS: Kripos er politiets nasjonale enhet for bekjempelse av organisert og annen alvorlig kriminalitet, og har hovedkvarter p\u00e5 Bryn i Oslo. Foto: Jonas F\u00e6ste Laksekj\u00f8n \/ NTB\n      <\/p>\n<p>&#8211; Vi f\u00f8lger med\t<\/p>\n<p>QR-kodene som benyttes kan ligge \u00e5pent p\u00e5 sosiale medier tilgjengelig for<br \/>\nmange &#8211; ogs\u00e5 politiet.\u00a0<\/p>\n<p>&#8211; Vi f\u00f8lger med p\u00e5 disse gruppene, men det dukker stadig opp<br \/>\nnye. Kriminelle er ogs\u00e5 kjent med at politiet f\u00f8lger med p\u00e5 mange av disse<br \/>\ngruppene, men vi ser ikke hvem personene er. Selv om det er lagt ut et oppdrag,<br \/>\ner det mange sp\u00f8rsm\u00e5l som m\u00e5 besvares.\u00a0<\/p>\n<p class=\"italic m-italic\" data-lab-italic=\"italic\">&#8211; Hva gj\u00f8r man for \u00e5 forhindre dette?\u00a0<\/p>\n<p>&#8211; Som sagt s\u00e5 satte vi i gang et prosjekt p\u00e5 dette. Vi jobber med \u00e5 avverge og forebygge organisert kriminalitet, og f\u00f8lger gruppene hvor det skjer for \u00e5 avverge og avdekke. Vi starter etterforskning av de som bestiller oppdragene, organiserte kriminelle bakmenn. Vel s\u00e5 viktig er hva andre offentlige etater som har kontakt med barn gj\u00f8r, og foreldre.\u00a0<\/p>\n<p>          <img loading=\"lazy\" decoding=\"async\" src=\"https:\/\/www.europesays.com\/no\/wp-content\/uploads\/2025\/10\/83673451.webp\" width=\"686\" height=\"1222\" title=\"F\u00d8LGER MED: Politiet f\u00f8lger med i kanaler hvor rekruttering av barn foreg\u00e5r. Foto: Kripos\" alt=\"\" class=\"\" style=\"--aspect-ratio-image: 0.56; \"\/><\/p>\n<p>\n          F\u00d8LGER MED: Politiet f\u00f8lger med i kanaler hvor rekruttering av barn foreg\u00e5r. Foto: Kripos\n      <\/p>\n<p>Ser p\u00e5 nytt lovverk<\/p>\n<p>Regjeringen ser p\u00e5\u00a0lovverket for \u00e5 hindre rekruttering av barn til \u00e5 beg\u00e5 kriminalitet.<\/p>\n<p>&#8211; Vi har foresl\u00e5tt en egen straffebestemmelse som gj\u00f8r det straffbart \u00e5 involvere barn i kriminalitet. Vi har sendt et h\u00f8ringsbrev der vi har bedt om innspill p\u00e5 om strafferammen b\u00f8r v\u00e6re h\u00f8yere n\u00e5r barnet er under 15 \u00e5r. Begrunnelsen er b\u00e5de at yngre barn\u00a0kan ha\u00a0krav p\u00e5 et sterkere vern, og at politiet rapporterer at kyniske kriminelle bevisst retter seg mot sv\u00e6rt unge barn, sier\u00a0justis- og beredskapsminister Astri Aas-Hansen til Dagbladet.<\/p>\n<p>          <img loading=\"lazy\" decoding=\"async\" src=\"https:\/\/www.europesays.com\/no\/wp-content\/uploads\/2025\/10\/83673300.webp\" width=\"686\" height=\"481\" title=\"I M\u00d8TE MED POLITIET: Statsminister Jonas Gahr St\u00f8re og justis- og beredskapsminister Astri Aas-Hansen deltok denne uka p\u00e5 et m\u00f8te med politiet i Oslo, om gjengkriminalitet og rekruttering av barn. Foto: J\u00f8rn H. Moen \/ Dagbladet\" alt=\"\" class=\"\" style=\"--aspect-ratio-image: 1.43; \"\/><\/p>\n<p>\n          I M\u00d8TE MED POLITIET: Statsminister Jonas Gahr St\u00f8re og justis- og beredskapsminister Astri Aas-Hansen deltok denne uka p\u00e5 et m\u00f8te med politiet i Oslo, om gjengkriminalitet og rekruttering av barn. Foto: J\u00f8rn H. Moen \/ Dagbladet\n      <\/p>\n<p>I lovforslaget Justisdepartementet sendte p\u00e5 h\u00f8ring 2. september, foresl\u00e5s det at strafferammen for involvering av mindre\u00e5rige i kriminalitet skal v\u00e6re fengsel inntil 3 \u00e5r. H\u00f8ringsfristen er 1. desember, og etter dette vil regjeringen utarbeide et endelig lovforslag som tas videre til Stortinget.<\/p>\n<p>    N\u00e6rmere om forslaget<\/p>\n<ul>\n<li>Strafferammen for involvering av mindre\u00e5rige i kriminalitet skal v\u00e6re fengsel inntil 3 \u00e5r.\u00a0 H\u00f8ringen reiser imidlertid sp\u00f8rsm\u00e5let om det for visse alvorlige overtredelser kan v\u00e6re behov for en h\u00f8yere strafferamme, for eksempel der den mindre\u00e5rige er under den kriminelle lavalderen.<\/li>\n<li>Straffansvar forutsetter at gjerningspersonen har utvist forsett. Det vil imidlertid v\u00e6re tilstrekkelig for straffansvar at gjerningspersonen var uaktsom med hensyn til den mindre\u00e5riges alder.<\/li>\n<li>Fors\u00f8k p\u00e5 og medvirkning til involvering av mindre\u00e5rige i kriminalitet vil ogs\u00e5 v\u00e6re straffbart.<\/li>\n<li>Straffebestemmelsen vil ogs\u00e5 kunne ramme tilfeller hvor en mindre\u00e5rig involverer en jevnaldrende i kriminalitet.<\/li>\n<\/ul>\n<p>      Vis mer<br \/>\n      Vis mindre<\/p>\n<p class=\"italic m-italic\" data-lab-italic=\"italic\">&#8211; S\u00e5 dere vurderer \u00e5 skjerpe straffen for rekruttering av barn til kriminalitet?\u00a0<\/p>\n<p>&#8211; Ja, vi \u00f8nsker en egen lovbestemmelse som sl\u00e5r fast at det \u00e5 involvere et barn &#8211; for eksempel ved \u00e5 gi barnet et voldsoppdrag &#8211; i seg selv skal v\u00e6re straffbart. S\u00e5nn er det ikke i dag. Poenget er at man ikke bare skal kunne stoppe en voksen f\u00f8r det straffbare forholdet faktisk har funnet sted, men ogs\u00e5 kunne d\u00f8mme vedkommende. Det handler om \u00e5 beskytte barna best mulig.<\/p>\n","protected":false},"excerpt":{"rendered":"Kort fortalt Barn rekrutteres til kriminalitet via sosiale medier som Instagram og Snapchat, hvor kriminelle legger ut videoer&hellip;\n","protected":false},"author":2,"featured_media":51271,"comment_status":"","ping_status":"","sticky":false,"template":"","format":"standard","meta":{"footnotes":""},"categories":[10],"tags":[20,21,24,25,15,2539,22,23,13,30,28,29,14,16,26,27],"class_list":{"0":"post-51270","1":"post","2":"type-post","3":"status-publish","4":"format-standard","5":"has-post-thumbnail","7":"category-norge","8":"tag-breaking-news","9":"tag-breakingnews","10":"tag-featured-news","11":"tag-featurednews","12":"tag-headlines","13":"tag-innenriks","14":"tag-latest-news","15":"tag-latestnews","16":"tag-news","17":"tag-no","18":"tag-norge","19":"tag-norway","20":"tag-nyheter","21":"tag-overskrifter","22":"tag-top-stories","23":"tag-topstories"},"share_on_mastodon":{"url":"","error":""},"_links":{"self":[{"href":"https:\/\/www.europesays.com\/no\/wp-json\/wp\/v2\/posts\/51270","targetHints":{"allow":["GET"]}}],"collection":[{"href":"https:\/\/www.europesays.com\/no\/wp-json\/wp\/v2\/posts"}],"about":[{"href":"https:\/\/www.europesays.com\/no\/wp-json\/wp\/v2\/types\/post"}],"author":[{"embeddable":true,"href":"https:\/\/www.europesays.com\/no\/wp-json\/wp\/v2\/users\/2"}],"replies":[{"embeddable":true,"href":"https:\/\/www.europesays.com\/no\/wp-json\/wp\/v2\/comments?post=51270"}],"version-history":[{"count":0,"href":"https:\/\/www.europesays.com\/no\/wp-json\/wp\/v2\/posts\/51270\/revisions"}],"wp:featuredmedia":[{"embeddable":true,"href":"https:\/\/www.europesays.com\/no\/wp-json\/wp\/v2\/media\/51271"}],"wp:attachment":[{"href":"https:\/\/www.europesays.com\/no\/wp-json\/wp\/v2\/media?parent=51270"}],"wp:term":[{"taxonomy":"category","embeddable":true,"href":"https:\/\/www.europesays.com\/no\/wp-json\/wp\/v2\/categories?post=51270"},{"taxonomy":"post_tag","embeddable":true,"href":"https:\/\/www.europesays.com\/no\/wp-json\/wp\/v2\/tags?post=51270"}],"curies":[{"name":"wp","href":"https:\/\/api.w.org\/{rel}","templated":true}]}}