{"id":51272,"date":"2025-10-02T19:30:11","date_gmt":"2025-10-02T19:30:11","guid":{"rendered":"https:\/\/www.europesays.com\/no\/51272\/"},"modified":"2025-10-02T19:30:11","modified_gmt":"2025-10-02T19:30:11","slug":"vaer-mosjoen-dette-har-ikke-skjedd-siden-90-tallet-nord-norge-blir-mest-oppvarmet","status":"publish","type":"post","link":"https:\/\/www.europesays.com\/no\/51272\/","title":{"rendered":"V\u00e6r, Mosj\u00f8en | Dette har ikke skjedd siden 90-tallet: \u2013 Nord-Norge blir mest oppvarmet"},"content":{"rendered":"\n<p>I september ble det satt over 80 stasjonsrekorder for h\u00f8y m\u00e5nedstemperatur, og 12 rekorder for maksimumstemperatur. Landstemperaturen endte 2,2 grader over normalen i m\u00e5leserien som g\u00e5r tilbake til 1901. Fra grensa til Tr\u00f8ndelag og nordover var september \u00abEkstremt varm\u00bb.<\/p>\n<p>\u2013 Alt v\u00e6r har et element av klimaendringer i seg n\u00e5. Vi kan for eksempel tydelig se at sommervarmen strekker seg inn i h\u00f8stsesongen, samtidig som vinteren krymper, sier klimaforsker Hans Olav Hygen i en pressemelding.<\/p>\n<p>Nesten alle  kom p\u00e5 lista over stasjoner med september-rekord for h\u00f8y m\u00e5nedesmiddeltemperatur. Den eneste som ikke hadde rekord i september var Leirfjord.<\/p>\n<p>\u2013 Klimaendringene rammer ikke likt over hele kloden. Vi ser at Norge er ett av landene som har raskest temperatur\u00f8kning, og i Norge er det Nord-Norge som blir varmet mest, sier Hygen.<\/p>\n<p>Blant v\u00e5re dekningskommuner er det Hattfjelldal som har den eldste gjennomsnittlige varmerekorden i september, satt i Varntresk i 1999. Denne er n\u00e5 sl\u00e5tt, men de ferske gjennomsnittsrekordene viser st\u00f8rre utslag:<\/p>\n<ul>\n<li><b>Varntresk (Hattfjelldal): <\/b>Ny rekord p\u00e5 10,6 grader. Den gamle var 10,3 grader i 1999.<\/li>\n<li>\n<p><b>Majavatn V (Grane): <\/b>Slo sin forrige rekord fra 2016 med hele 1,3 grader. Den nye rekorden er n\u00e5 11,3 grader.<\/p>\n<\/li>\n<li><b>Mosj\u00f8en lufthavn (Vefsn):<\/b> Har f\u00e5tt ny rekord p\u00e5 11,8 grader. Den gamle fra 2006 var 11 grader.<\/li>\n<li><b>Alstahaug: <\/b>B\u00e5de stasjonen p\u00e5 Tj\u00f8tta og Sandnessj\u00f8en lufthavn har satt nye rekorder. Begge slo sine forrige rekorder fra 2017. Ved Tj\u00f8tta \u00f8kte temperaturen fra 12,9 til 13,7 grader, mens flyplassen har en \u00f8kning fra 12,8 til 13,8 grader siden da.<\/li>\n<\/ul>\n<p>   <img decoding=\"async\" width=\"4032\" height=\"3024\" fetchpriority=\"low\"  loading=\"lazy\"  src=\"https:\/\/www.europesays.com\/no\/wp-content\/uploads\/2025\/10\/1759433410_799_photo.jpg\" alt=\"\" class=\"brick-c-cFOWSL\" style=\"--brick-image-ratio: 4032 \/ 3024;\"\/><\/p>\n<p>    ALSTAHAUG: Det har v\u00e6rt b\u00e5de varme og fine dager p\u00e5 Helgeland i september. Dette bildet er tatt fra Karvestrand, som ligger i n\u00e6rheten av Sandnessj\u00f8en lufthavn.<br \/>\n    Foto: Stine Aleksandersen\n  <\/p>\n<p>  Stasjoner med september-rekord for h\u00f8y m\u00e5nedsmiddeltemperatur i Nordland:<\/p>\n<p>Data fra v\u00e6r- og nedb\u00f8rstasjoner som rapporterer daglig, og som har v\u00e6rt i drift femten \u00e5r eller mer. \u00abStart\u00bb angir f\u00f8rste \u00e5r med lokale septemberm\u00e5linger.<\/p>\n<p>   <img decoding=\"async\" width=\"794\" height=\"628\" fetchpriority=\"low\"  loading=\"lazy\"  src=\"https:\/\/www.europesays.com\/no\/wp-content\/uploads\/2025\/10\/G2PlNUDXYAE7Ibs.jpg\" alt=\"\" class=\"brick-c-cFOWSL\" style=\"--brick-image-ratio: 794 \/ 628;\"\/><\/p>\n<p>    VARMT: I Tr\u00f8ndelag og Nord-Norge har 85 av 103 stasjoner med mer enn 15 \u00e5rs drift registrert sin varmeste september.<br \/>\n    Foto: Meteorologisk institutt\n  <\/p>\n","protected":false},"excerpt":{"rendered":"I september ble det satt over 80 stasjonsrekorder for h\u00f8y m\u00e5nedstemperatur, og 12 rekorder for maksimumstemperatur. Landstemperaturen endte&hellip;\n","protected":false},"author":2,"featured_media":51273,"comment_status":"","ping_status":"","sticky":false,"template":"","format":"standard","meta":{"footnotes":""},"categories":[5],"tags":[2486,36,20,21,24,25,2450,197,15,19,22,23,17,18,1068,13,30,28,29,14,16,1953,1510,26,27,553,1203],"class_list":{"0":"post-51272","1":"post","2":"type-post","3":"status-publish","4":"format-standard","5":"has-post-thumbnail","7":"category-overskrifter","8":"tag-alstahaug","9":"tag-art","10":"tag-breaking-news","11":"tag-breakingnews","12":"tag-featured-news","13":"tag-featurednews","14":"tag-grane","15":"tag-hattfjelldal","16":"tag-headlines","17":"tag-hovedoppslag","18":"tag-latest-news","19":"tag-latestnews","20":"tag-main-news","21":"tag-mainnews","22":"tag-mosjoen","23":"tag-news","24":"tag-no","25":"tag-norge","26":"tag-norway","27":"tag-nyheter","28":"tag-overskrifter","29":"tag-sandnessjoen","30":"tag-story","31":"tag-top-stories","32":"tag-topstories","33":"tag-vaer","34":"tag-vefsn"},"share_on_mastodon":{"url":"","error":""},"_links":{"self":[{"href":"https:\/\/www.europesays.com\/no\/wp-json\/wp\/v2\/posts\/51272","targetHints":{"allow":["GET"]}}],"collection":[{"href":"https:\/\/www.europesays.com\/no\/wp-json\/wp\/v2\/posts"}],"about":[{"href":"https:\/\/www.europesays.com\/no\/wp-json\/wp\/v2\/types\/post"}],"author":[{"embeddable":true,"href":"https:\/\/www.europesays.com\/no\/wp-json\/wp\/v2\/users\/2"}],"replies":[{"embeddable":true,"href":"https:\/\/www.europesays.com\/no\/wp-json\/wp\/v2\/comments?post=51272"}],"version-history":[{"count":0,"href":"https:\/\/www.europesays.com\/no\/wp-json\/wp\/v2\/posts\/51272\/revisions"}],"wp:featuredmedia":[{"embeddable":true,"href":"https:\/\/www.europesays.com\/no\/wp-json\/wp\/v2\/media\/51273"}],"wp:attachment":[{"href":"https:\/\/www.europesays.com\/no\/wp-json\/wp\/v2\/media?parent=51272"}],"wp:term":[{"taxonomy":"category","embeddable":true,"href":"https:\/\/www.europesays.com\/no\/wp-json\/wp\/v2\/categories?post=51272"},{"taxonomy":"post_tag","embeddable":true,"href":"https:\/\/www.europesays.com\/no\/wp-json\/wp\/v2\/tags?post=51272"}],"curies":[{"name":"wp","href":"https:\/\/api.w.org\/{rel}","templated":true}]}}