{"id":51314,"date":"2025-10-02T21:08:15","date_gmt":"2025-10-02T21:08:15","guid":{"rendered":"https:\/\/www.europesays.com\/no\/51314\/"},"modified":"2025-10-02T21:08:15","modified_gmt":"2025-10-02T21:08:15","slug":"ny-nesespray-flaske-skaper-reaksjoner","status":"publish","type":"post","link":"https:\/\/www.europesays.com\/no\/51314\/","title":{"rendered":"Ny nesespray-flaske skaper reaksjoner"},"content":{"rendered":"\n<ul class=\"_list_1994c_3 _list_64s2r_85 _unordered_1994c_105 text-sans-m\">\n<li class=\"_item_1994c_30\">Nesespray-brukere raser mot Otrivins nye flaske, spesielt for den nye \u00abmist-spray\u00bb-tuten.<\/li>\n<li class=\"_item_1994c_30\">Malin Saur Solstad og Mali Strand deler sin frustrasjon p\u00e5 TikTok med tusenvis av visninger.<\/li>\n<li class=\"_item_1994c_30\">Produsenten Haleon forklarer at den nye designen skal v\u00e6re mer brukervennlig og behagelig.<\/li>\n<li class=\"_item_1994c_30\">Apotek 1 og Vitusapotek vil fortsatt tilby den gamle nesesprayflasken.<\/li>\n<\/ul>\n<p>Vis mer <\/p>\n<p class=\"_paragraph_1994c_4 _paragraph_xtcu6_10 layout-component text-serif-m layout-normal text-serif-m layout-padded\">Malin Saur Solstad (38) har v\u00e6rt nesespray-avhengig i 15 \u00e5r.<\/p>\n<p class=\"_paragraph_1994c_4 _paragraph_xtcu6_10 layout-component text-serif-m layout-normal text-serif-m layout-padded\">\u2013 Det g\u00e5r fort en flaske i uken. <\/p>\n<p class=\"_paragraph_1994c_4 _paragraph_xtcu6_10 layout-component text-serif-m layout-normal text-serif-m layout-padded\">Hun er en av dem som har reagert negativt p\u00e5 Otrivin sin nye nesesprayflaske. <\/p>\n<p class=\"_paragraph_1994c_4 _paragraph_xtcu6_10 layout-component text-serif-m layout-normal text-serif-m layout-padded\">I flere TikTok-videoer ytrer folk sin frustrasjon over s\u00e6rlig tuten p\u00e5 den nye flasken, som ser betydelig annerledes ut enn den forrige. <\/p>\n<p><img alt=\"Foto: Elise Alexandra Gulbrandsen \/ VG\" class=\"_image_qp4xg_65 layout-component layout-normal\" data-fullscreen- data-track-element-type=\"Article image fullscreen\" data-track-name=\"ImageFullscreen\" decoding=\"async\" loading=\"lazy\" height=\"4032\" itemprop=\"image\"  src=\"https:\/\/www.europesays.com\/no\/wp-content\/uploads\/2025\/10\/845e6a34-3521-426b-994d-a678032c8249\"  style=\"object-position:0% 0%\" width=\"3024\"\/>Foto: Elise Alexandra Gulbrandsen \/ VG<\/p>\n<p class=\"_paragraph_1994c_4 _paragraph_xtcu6_10 layout-component text-serif-m layout-normal text-serif-m layout-padded\">Da Solstad f\u00f8rst s\u00e5 den nye flasken tenkte hun bekymret p\u00e5 hvordan fremtiden ville bli for nesesprayen.<\/p>\n<p class=\"_paragraph_1994c_4 _paragraph_xtcu6_10 layout-component text-serif-m layout-normal text-serif-m layout-padded\"><strong class=\"_strong_1994c_25\">\u2013 Den nye flasken er vanskelig \u00e5 f\u00e5 inn i nesen, det kommer bare en liten sprut, og det renner ut igjen.<\/strong><\/p>\n<p class=\"_paragraph_1994c_4 _paragraph_xtcu6_10 layout-component text-serif-m layout-normal text-serif-m layout-padded\">Hun tror den nye flasken er laget for at folk skal bruke mindre nesespray, men for henne har det motsatt effekt.<\/p>\n<p class=\"_paragraph_1994c_4 _paragraph_xtcu6_10 layout-component text-serif-m layout-normal text-serif-m layout-padded\">\u2013 Virkningen er d\u00e5rligere enn den var. Man bruker mer n\u00e5r virkningen ikke er like effektiv.<\/p>\n<p><img alt=\"Malin Saur Solstad har brukt nesespray i 15 \u00e5r. Den nye flasken har hun lite til overs for.   Foto: Privat\" class=\"_image_qp4xg_65 layout-component layout-normal\" data-fullscreen- data-track-element-type=\"Article image fullscreen\" data-track-name=\"ImageFullscreen\" decoding=\"async\" loading=\"lazy\" height=\"2208\" itemprop=\"image\"  src=\"https:\/\/www.europesays.com\/no\/wp-content\/uploads\/2025\/10\/cedf58b2-cd6a-41c6-a452-fa8d2f2ea616\"  style=\"object-position:0% 0%\" width=\"1242\"\/>Malin Saur Solstad har brukt nesespray i 15 \u00e5r. Den nye flasken har hun lite til overs for.   Foto: Privat<\/p>\n<p class=\"_paragraph_1994c_4 _paragraph_xtcu6_10 layout-component text-serif-m layout-normal text-serif-m layout-padded\">Solstad har lett i b\u00e5de matbutikker og p\u00e5 apotek etter den gamle flasken, men n\u00e5 f\u00e5r hun bare tak i den nye typen, sier hun til VG.<\/p>\n<p class=\"_paragraph_1994c_4 _paragraph_xtcu6_10 layout-component text-serif-m layout-normal text-serif-m layout-padded\">N\u00e5 har hun imidlertid funnet en kreativ l\u00f8sning p\u00e5 problemet.<\/p>\n<p class=\"_paragraph_1994c_4 _paragraph_xtcu6_10 layout-component text-serif-m layout-normal text-serif-m layout-padded\">\u2013 Jeg har en gammel flaske som jeg heller det tilbake i. Det h\u00f8res helt spr\u00f8tt ut, innr\u00f8mmer Solstad.<\/p>\n<p class=\"_paragraph_1994c_4 _paragraph_xtcu6_10 layout-component text-serif-m layout-normal text-serif-m layout-padded\">Solstad har ogs\u00e5 lagt ut en video p\u00e5 TikTok om den nye nesesprayflasken, som har f\u00e5tt tusenvis av visninger. <\/p>\n<p class=\"_paragraph_1994c_4 _paragraph_xtcu6_10 layout-component text-serif-m layout-normal text-serif-m layout-padded\">\u2013 Jeg tror jeg har truffet spikeren der alts\u00e5, sier hun. <\/p>\n<p><img alt=\"Malin Saur Solstad heller nesespray fra den nye flasken over i den gamle. Tipset fikk hun i kommentarfeltet p\u00e5 TikTok.  Foto: Malin Saur Solstad \/ Privat\" class=\"_image_qp4xg_65 layout-component layout-normal\" data-fullscreen- data-track-element-type=\"Article image fullscreen\" data-track-name=\"ImageFullscreen\" decoding=\"async\" loading=\"lazy\" height=\"4032\" itemprop=\"image\"  src=\"https:\/\/www.europesays.com\/no\/wp-content\/uploads\/2025\/10\/8835ede9-601d-4334-bdd3-662567d6f51d\"  style=\"object-position:0% 0%\" width=\"3024\"\/>Malin Saur Solstad heller nesespray fra den nye flasken over i den gamle. Tipset fikk hun i kommentarfeltet p\u00e5 TikTok.  Foto: Malin Saur Solstad \/ Privat \u2013 Om det er m\u00e5let, har de lykkes<\/p>\n<p class=\"_paragraph_1994c_4 _paragraph_xtcu6_10 layout-component text-serif-m layout-normal text-serif-m layout-padded\">Mali Strand (20) har ogs\u00e5 delt sin nesespray-frustrasjon p\u00e5 TikTok.<\/p>\n<p class=\"_paragraph_1994c_4 _paragraph_xtcu6_10 layout-component text-serif-m layout-normal text-serif-m layout-padded\">\u2013 Jeg la det ut for g\u00f8y, fordi jeg var s\u00e5 irritert. Jeg var s\u00e5 tett i nesen, s\u00e5 fikk den plutselig over 100.000 visninger og de siste dagene har det bare \u00f8kt.<\/p>\n<p class=\"_paragraph_1994c_4 _paragraph_xtcu6_10 layout-component text-serif-m layout-normal text-serif-m layout-padded\">Hun er ikke fan av den nye flasken.<\/p>\n<p class=\"_paragraph_1994c_4 _paragraph_xtcu6_10 layout-component text-serif-m layout-normal text-serif-m layout-padded\">\u2013 N\u00e5r jeg sprayer, renner det rett ut. Den blir bare feil. Jeg savner den gamle, sier hun til VG.<\/p>\n<p><img alt=\"Den nye flasken gj\u00f8r at Mali Strand har lagt fra seg nesesprayen.   Foto: Privat\" class=\"_image_qp4xg_65 layout-component layout-normal\" data-fullscreen- data-track-element-type=\"Article image fullscreen\" data-track-name=\"ImageFullscreen\" decoding=\"async\" loading=\"lazy\" height=\"3088\" itemprop=\"image\"  src=\"https:\/\/www.europesays.com\/no\/wp-content\/uploads\/2025\/10\/baa8676d-441b-4e9b-9bcb-59c4296cf9f9\"  style=\"object-position:0% 0%\" width=\"2316\"\/>Den nye flasken gj\u00f8r at Mali Strand har lagt fra seg nesesprayen.   Foto: Privat<\/p>\n<p class=\"_paragraph_1994c_4 _paragraph_xtcu6_10 layout-component text-serif-m layout-normal text-serif-m layout-padded\">Strand har tidligere v\u00e6rt nesesprayavhengig. Men den nye nesesprayen har hatt en effekt.   <\/p>\n<p class=\"_paragraph_1994c_4 _paragraph_xtcu6_10 layout-component text-serif-m layout-normal text-serif-m layout-padded\">\u2013 Det nye designet gj\u00f8r at jeg legger den fra meg, s\u00e5 det har g\u00e5tt over. Om det er m\u00e5let, har de lykkes, sier hun.<\/p>\n<p>  \u2013 Enklere \u00e5 bruke<\/p>\n<p class=\"_paragraph_1994c_4 _paragraph_xtcu6_10 layout-component text-serif-m layout-normal text-serif-m layout-padded\">\u2013 Komfort og brukervennlighet er hovedm\u00e5let med den nye Otrivin.<\/p>\n<p class=\"_paragraph_1994c_4 _paragraph_xtcu6_10 layout-component text-serif-m layout-normal text-serif-m layout-padded\">Det sier Barbara Powell, nordisk kommunikasjonsansvarlig i Haleon, som produserer Otrivin. <\/p>\n<p><img decoding=\"async\" alt=\"Bilde av  Barbara Powell, nordisk kommunikasjonsansvarlig i Haleon.\" class=\"_image_ygndg_42\" height=\"44\" itemprop=\"image\" loading=\"lazy\"  src=\"https:\/\/www.europesays.com\/no\/wp-content\/uploads\/2025\/10\/94bbba12-606e-4fa8-bc13-cd8dd62141ab\"  width=\"40\"\/><strong class=\"_name_ygndg_51 title-serif-xs\"> Barbara Powell, nordisk kommunikasjonsansvarlig i Haleon.<\/strong><\/p>\n<p class=\"_paragraph_1994c_4 _paragraph_xtcu6_10 layout-component text-serif-m layout-normal text-serif-m layout-padded\">\u2013 Basert p\u00e5 globale forbrukerinnsikter har vi sett at mange brukere mener sprayen kunne v\u00e6rt bedre utformet. Vi har lyttet til dette og utviklet en pumpe som er enklere \u00e5 bruke, den er lettere \u00e5 trykke ned og gir en mildere spray, sier hun til VG, og legger til:<\/p>\n<p class=\"_paragraph_1994c_4 _paragraph_xtcu6_10 layout-component text-serif-m layout-normal text-serif-m layout-padded\">\u2013 Det korte munnstykket er utformet for \u00f8kt komfort og den nye pumpen gj\u00f8r det dessuten enklere for foreldre \u00e5 behandle barn p\u00e5 en mer sk\u00e5nsom m\u00e5te, for eksempel ved tett nese, sier hun til VG. <\/p>\n<p class=\"_paragraph_1994c_4 _paragraph_xtcu6_10 layout-component text-serif-m layout-normal text-serif-m layout-padded\">Den gamle nesesprayflasken vil likevel beholdes inntil videre, understreker Powell.<\/p>\n<p class=\"_paragraph_1994c_4 _paragraph_xtcu6_10 layout-component text-serif-m layout-normal text-serif-m layout-padded\">\u2013 Slik kan hver forbruker selv velge den som passer best. <\/p>\n<p> Kjent med reaksjoner<\/p>\n<p class=\"_paragraph_1994c_4 _paragraph_xtcu6_10 layout-component text-serif-m layout-normal text-serif-m layout-padded\">Heidi Reinertsen, farmas\u00f8yt hos Apotek 1, sier til VG at kjeden er kjent med at enkelte synes den nye nesespray-flasken er vanskeligere \u00e5 bruke enn den gamle. <\/p>\n<p class=\"_paragraph_1994c_4 _paragraph_xtcu6_10 layout-component text-serif-m layout-normal text-serif-m layout-padded\">\u2013 Dette er nok fordi mange er vant til \u00e5 f\u00e5 en kraftigere spray lenger opp i nesen, mens p\u00e5 den nye sprayen f\u00e5r man en mykere og mer behagelig \u00abmist-spray.\u00bb<\/p>\n<p><img decoding=\"async\" alt=\"Bilde av Farmas\u00f8yt Heidi Reinertsen i Apotek 1.\" class=\"_image_ygndg_42\" height=\"53\" itemprop=\"image\" loading=\"lazy\"  src=\"https:\/\/www.europesays.com\/no\/wp-content\/uploads\/2025\/10\/204339c2-de8f-43a1-8cc8-b0ee97cf4d63\"  width=\"40\"\/><strong class=\"_name_ygndg_51 title-serif-xs\">Farmas\u00f8yt Heidi Reinertsen i Apotek 1.<\/strong><\/p>\n<p class=\"_paragraph_1994c_4 _paragraph_xtcu6_10 layout-component text-serif-m layout-normal text-serif-m layout-padded\">Den nye sprayen er designet for \u00e5 virke direkte p\u00e5 tette og inflammerte inflammerte Betyr at et omr\u00e5de i kroppen er betent eller irritert, ofte med hevelse, r\u00f8dhet og smerte.omr\u00e5der i nesen, i stedet for \u00e5 renne ned i svelget slik som den gamle i mange tilfeller gjorde, sier Reinertsen.<\/p>\n<p class=\"_paragraph_1994c_4 _paragraph_xtcu6_10 layout-component text-serif-m layout-normal text-serif-m layout-padded\">Men det finnes kunder som ikke \u00f8nsker endringer, if\u00f8lge farmas\u00f8yten:<\/p>\n<p class=\"_paragraph_1994c_4 _paragraph_xtcu6_10 layout-component text-serif-m layout-normal text-serif-m layout-padded\">\u2013 Jeg hadde en dame innom som kj\u00f8rte en time fordi hun var redd for at den gamle flasken skulle g\u00e5 ut.<\/p>\n<p> Vil fremdeles v\u00e6re tilgjengelig<\/p>\n<p class=\"_paragraph_1994c_4 _paragraph_xtcu6_10 layout-component text-serif-m layout-normal text-serif-m layout-padded\">\u2013 Vil den gamle nesespray-flasken fremdeles v\u00e6re tilgjengelig i apotekene?<\/p>\n<p class=\"_paragraph_1994c_4 _paragraph_xtcu6_10 layout-component text-serif-m layout-normal text-serif-m layout-padded\">\u2013 Vi kommer til \u00e5 beholde den gamle variantenden gamle variantenFarmas\u00f8yten viser her til Otrivin 1 mg nesespray for voksne en god stund, med mindre det kommer endringer, og det er kun apotek som tilbyr denne fremover. Da kan de som ikke \u00f8nsker \u00e5 g\u00e5 over til den nye flasken, kj\u00f8pe den gamle hos oss, sier Reinertsen, og legger til:<\/p>\n<p class=\"_paragraph_1994c_4 _paragraph_xtcu6_10 layout-component text-serif-m layout-normal text-serif-m layout-padded\">\u2013 Bruker du den gamle varianten er det viktig at du ikke dytter den for langt opp i nesen eller sprayer direkte i neseskilleveggenneseskilleveggenNeseskilleveggen er veggen som deler nesen i to nesebor.. <\/p>\n<p class=\"_paragraph_1994c_4 _paragraph_xtcu6_10 layout-component text-serif-m layout-normal text-serif-m layout-padded\">Kommunikasjonsr\u00e5dgiver Nina S\u00f8rlie Nilssen i Vitusapotek sier de ogs\u00e5 vil beholde den gamle nesesprayflasken, og svarer f\u00f8lgende p\u00e5 sp\u00f8rsm\u00e5l om eventuelle reaksjoner fra kunder:<\/p>\n<p class=\"_paragraph_1994c_4 _paragraph_xtcu6_10 layout-component text-serif-m layout-normal text-serif-m layout-padded\">\u2013 N\u00e5r et produkt som mange har kjennskap til endres, er erfaringen at det er blandet mottagelse, b\u00e5de positive og negative. Om noen trenger hjelp med den nye varianten, veileder v\u00e5re apotekansatte gjerne, sier hun til VG.<\/p>\n<p><img decoding=\"async\" alt=\"Bilde av Kommunikasjonsr\u00e5dgiver Nina S\u00f8rlie Nilssen i Vitusapotek.\" class=\"_image_ygndg_42\" height=\"49\" itemprop=\"image\" loading=\"lazy\"  src=\"https:\/\/www.europesays.com\/no\/wp-content\/uploads\/2025\/10\/e05a8cb9-ad55-4a7d-8c68-38f78535b446\"  width=\"40\"\/><strong class=\"_name_ygndg_51 title-serif-xs\">Kommunikasjonsr\u00e5dgiver Nina S\u00f8rlie Nilssen i Vitusapotek.<\/strong> Bruke nesesprayen riktig<\/p>\n<p class=\"_paragraph_1994c_4 _paragraph_xtcu6_10 layout-component text-serif-m layout-normal text-serif-m layout-padded\">Uansett hvilken variant man bruker, p\u00e5peker farmas\u00f8yt Heidi Reinertsen hos Apotek 1 at det er viktig \u00e5 bruke nesespray riktig.<\/p>\n<p class=\"_paragraph_1994c_4 _paragraph_xtcu6_10 layout-component text-serif-m layout-normal text-serif-m layout-padded\">\u2013 Det skal kun brukes 3 ganger daglig i korte perioder, og maks 10 dager i strekk for voksne og 5 dager i strekk for barn. Vi anbefaler folk \u00e5 r\u00e5df\u00f8re seg med apoteket n\u00e5r det gjelder nesespray, for det er lett \u00e5 bli avhengig, sier Reinertsen.<\/p>\n<p class=\"_paragraph_1994c_4 _paragraph_xtcu6_10 layout-component text-serif-m layout-normal text-serif-m layout-padded\">\u2013 Det er et \u00f8kende problem, fordi mange tenker at det ikke er s\u00e5 farlig n\u00e5r nesesprayen ikke er reseptpliktig. I noen tilfeller kan ogs\u00e5 saltvann v\u00e6re et alternativ.<\/p>\n<p>Tips ved bruk av nesespray<\/p>\n<ul class=\"_list_1994c_3 _list_xtcu6_9 _list_16v91_9 _unordered_1994c_105 layout-component text-serif-m layout-normal text-sans-m layout-padded\">\n<li class=\"_item_1994c_30\">Reseptfri nesespray fungerer p\u00e5 slimhinnene i nesenslimhinnene i nesen&raquo;Slimhinneavsvellende nesespray&raquo; f\u00e5r slimhinnen i nesen til \u00e5 trekke seg sammen slik at hevelsen i nesen g\u00e5r ned, og man kan puste lettere..<\/li>\n<li class=\"_item_1994c_30\">Det finnes ulike styrker tilpasset barn og voksne p\u00e5 apoteket. <\/li>\n<li class=\"_item_1994c_30\">Disse er beregnet til korttidsbruk, og maksimal behandlingstid er 10 dager for voksne og 5 dager for barn.<\/li>\n<li class=\"_item_1994c_30\">For at man skal f\u00e5 best mulig effekt av nesesprayen, er det viktig \u00e5 bruke den riktig.<\/li>\n<\/ul>\n<p class=\"_paragraph_1994c_4 _paragraph_xtcu6_10 _paragraph_16v91_10 layout-component text-serif-m layout-normal text-sans-m layout-padded\"><strong class=\"_strong_1994c_25\">F\u00f8r bruk av nesesprayen, er det lurt \u00e5 skylle med saltvann. <\/strong><\/p>\n<p class=\"_paragraph_1994c_4 _paragraph_xtcu6_10 _paragraph_16v91_10 layout-component text-serif-m layout-normal text-sans-m layout-padded\"><strong class=\"_strong_1994c_25\">Deretter gj\u00f8r du som f\u00f8lger:<\/strong><\/p>\n<ol class=\"_list_1994c_3 _list_xtcu6_9 _list_16v91_9 _ordered_1994c_79 layout-component text-serif-m layout-normal text-sans-m layout-padded\">\n<li class=\"_item_1994c_30\">Start med \u00e5 pusse nesen. Om du fjerner sn\u00f8rr og slim f\u00f8rst, vil nesesprayen komme i bedre kontakt med neseslimhinnen og fungere bedre.<\/li>\n<li class=\"_item_1994c_30\">B\u00f8y hodet fremover. Spray anbefalte dose nesespray i hvert nesebor.<\/li>\n<li class=\"_item_1994c_30\">Pust inn med nesen.<\/li>\n<\/ol>\n<ul class=\"_list_1994c_3 _list_xtcu6_9 _list_16v91_9 _unordered_1994c_105 layout-component text-serif-m layout-normal text-sans-m layout-padded\">\n<li class=\"_item_1994c_30\">Det er mulig \u00e5 bli avhengig av nesespray.<\/li>\n<li class=\"_item_1994c_30\">Voksne skal derfor ikke bruke nesespray som inneholder slimhinneavsvellende virkestoff i mer enn 7\u201310 dager sammenhengende. <\/li>\n<li class=\"_item_1994c_30\">Barn skal ikke bruke disse legemidlene i mer enn 5 dager sammenhengende. <\/li>\n<li class=\"_item_1994c_30\">Det b\u00f8r ogs\u00e5 g\u00e5 minst 2 uker mellom hver behandlingsperiode med slimhinneavsvellende nesespray. <\/li>\n<li class=\"_item_1994c_30\">Les alltid pakningsvedlegget f\u00f8r bruk, og f\u00f8lg anbefalte dosering og maksimal behandlingstid.<\/li>\n<li class=\"_item_1994c_30\">Kontakt lege ved vedvarende og\/eller stadig tilbakevendende tett nese.<\/li>\n<\/ul>\n<p class=\"_paragraph_1994c_4 _paragraph_xtcu6_10 _paragraph_16v91_10 layout-component text-serif-m layout-normal text-sans-m layout-padded\">Kilde: Vitus Apotek<\/p>\n<p>Vis mer<img alt=\"Foto: Elise Alexandra Gulbrandsen \/ VG\" class=\"_image_qp4xg_65 layout-component layout-normal\" data-fullscreen- data-track-element-type=\"Article image fullscreen\" data-track-name=\"ImageFullscreen\" decoding=\"async\" loading=\"lazy\" height=\"4032\" itemprop=\"image\"  src=\"https:\/\/www.europesays.com\/no\/wp-content\/uploads\/2025\/10\/5a7baf13-9f2d-4ef6-87b5-e052156b2922\"  style=\"object-position:0% 0%\" width=\"3024\"\/>Foto: Elise Alexandra Gulbrandsen \/ VG Nesten 700.000 avhengige av nesespray<\/p>\n<p class=\"_paragraph_1994c_4 _paragraph_xtcu6_10 layout-component text-serif-m layout-normal text-serif-m layout-padded\"><a href=\"https:\/\/www.farmatid.no\/aktuelt\/nyheter\/700-000-nordmenn-avhengig-av-nesespray-ifolge-ny-undersokelse\" class=\"_link_1994c_39\" rel=\"nofollow noopener\" target=\"_blank\">Nesten 700.000 nordmenn er avhengige av nesespray<\/a>, if\u00f8lge en unders\u00f8kelse gjort av Norstat.<\/p>\n<p class=\"_paragraph_1994c_4 _paragraph_xtcu6_10 layout-component text-serif-m layout-normal text-serif-m layout-padded\">I s\u00e5 fall blir hver \u00e5ttende nordmann som har brukt nesespray sammenhengende i minst 10 dager, avhengige. <\/p>\n<p class=\"_paragraph_1994c_4 _paragraph_xtcu6_10 layout-component text-serif-m layout-normal text-serif-m layout-padded\">Og selv om de fleste av oss er klare over risikoen, sliter mange med \u00e5 bli kvitt avhengigheten, viser unders\u00f8kelsen.<\/p>\n<p class=\"_paragraph_1994c_4 _paragraph_xtcu6_10 layout-component text-serif-m layout-normal text-serif-m layout-padded\">Feil bruk av nesespray kan gi langvarig skade i neseslimhinnen neseslimhinnen P\u00e5 innsiden av nesen, er det en fuktig hinne som kalles neseslimhinnen.og gj\u00f8re tetthet i nesen verre, if\u00f8lge <a href=\"https:\/\/www.fhi.no\/nyheter\/2025\/salget-av-nesespray-flater-ut--dagligvarehandelen-star-for-mesteparten-av-salget\/\" class=\"_link_1994c_39\" rel=\"nofollow noopener\" target=\"_blank\">FHI<\/a>.<\/p>\n<p class=\"_paragraph_1994c_4 _paragraph_xtcu6_10 layout-component text-serif-m layout-normal text-serif-m layout-padded\">De opplyser at salget av reseptfri nesespray, deriblant Otrivin, har stabilisert seg etter \u00e5 ha v\u00e6rt \u00f8kende over flere \u00e5r.<\/p>\n<p class=\"_paragraph_1994c_4 _paragraph_xtcu6_10 layout-component text-serif-m layout-normal text-serif-m layout-padded\">Men \u2013 en st\u00f8rre andel av salget skjer n\u00e5 utenfor apotek, hovedsakelig i dagligvarebutikk, informerer FHI.<\/p>\n<p>Hovedfunn i nesespray-unders\u00f8kelsen<\/p>\n<p class=\"_paragraph_1994c_4 _paragraph_xtcu6_10 _paragraph_16v91_10 layout-component text-serif-m layout-normal text-sans-m layout-padded\">Unders\u00f8kelsen ble gjennomf\u00f8rt av Norstat, p\u00e5 oppdrag for Pharma Nordic:Pharma Nordic:Pharma Nordic er et legemiddelselskap, som blant annet st\u00e5r bak nesesprayen Proponent.<\/p>\n<ul class=\"_list_1994c_3 _list_xtcu6_9 _list_16v91_9 _unordered_1994c_105 layout-component text-serif-m layout-normal text-sans-m layout-padded\">\n<li class=\"_item_1994c_30\">I unders\u00f8kelsen er det samlet inn data fra 1047 personer over 15 \u00e5r1047 personer over 15 \u00e5rResultatene er vektet basert p\u00e5 kj\u00f8nn, alder og geografi for \u00e5 sikre et representativt utvalg..<\/li>\n<li class=\"_item_1994c_30\">Hovedfunn i unders\u00f8kelsen, viser at 40 prosent av befolkningen har brukt nesespray det siste \u00e5ret. <\/li>\n<li class=\"_item_1994c_30\">Det er blant kvinner (46 prosent) og i aldersgruppen 30\u201339 \u00e5r (54 prosent) at bruken er h\u00f8yest.<\/li>\n<li class=\"_item_1994c_30\">Nesespray-bruken er h\u00f8yest i Oslo (49 prosent) og lavest i Midt-Norge (35 prosent).<\/li>\n<li class=\"_item_1994c_30\">Men \u2013 i Midt-Norge rapporteres det om h\u00f8yest langvarig bruk av nesespray.<\/li>\n<li class=\"_item_1994c_30\">20 prosent av de spurte personene, sier de har brukt nesespray sammenhengene i minst 10 dager. Av disse sier 58 prosent at de har f\u00f8lt seg avhengige av nesespray.<\/li>\n<li class=\"_item_1994c_30\">I aldersgruppen 30\u201339 \u00e5r sier 6 prosent av de spurte at de har blitt \u00absv\u00e6rt avhengige\u00bb av nesespray. Det mot 10 prosent i aldersgruppen 40\u201349 \u00e5r.<\/li>\n<li class=\"_item_1994c_30\">Blant dem som brukte nesespray i mer enn 10 dager, \u00f8ker andelen dramatisk.<\/li>\n<li class=\"_item_1994c_30\">\u00c5tte av ti nordmenn sier de er klare over risikoen for avhengighet n\u00e5r man bruker nesespray. Kjennskapen er lavest blant eldre over 60 \u00e5r, viser unders\u00f8kelsen.<\/li>\n<\/ul>\n<p class=\"_paragraph_1994c_4 _paragraph_xtcu6_10 _paragraph_16v91_10 layout-component text-serif-m layout-normal text-sans-m layout-padded\">Kilde: <a href=\"https:\/\/pharmanordic.no\/ny-undersokelse-bekrefter-alarmerende-helseproblem-nesten-700-000-nordmenn-avhengige-av-nesespray\/\" class=\"_link_1994c_39\" rel=\"nofollow noopener\" target=\"_blank\">Pharma Nordic<\/a><\/p>\n<p>Vis mer<\/p>\n<p class=\"_paragraph_1994c_4 _paragraph_xtcu6_10 layout-component text-serif-m layout-normal text-serif-m layout-padded\">Vil du lese mer om helse og trening? VGs magasin Helse best\u00e5r av 100 sider om kroppen, formen og hodet \u2013 og kan kj\u00f8pes i <a href=\"https:\/\/butikk.vg.no\/products\/vg-helse-september-2025\" class=\"_link_1994c_39\" rel=\"nofollow noopener\" target=\"_blank\">v\u00e5r nettbutikk (fri frakt!)<\/a><\/p>\n<p><img alt=\"\" class=\"_image_qp4xg_65 layout-component layout-normal\" data-fullscreen- data-track-element-type=\"Article image fullscreen\" data-track-name=\"ImageFullscreen\" decoding=\"async\" loading=\"lazy\" height=\"798\" itemprop=\"image\"  src=\"https:\/\/www.europesays.com\/no\/wp-content\/uploads\/2025\/10\/e676cdf9-42d5-4add-a58c-ffd29b94146b\"  style=\"object-position:0% 0%\" width=\"620\"\/>    <\/p>\n","protected":false},"excerpt":{"rendered":"Nesespray-brukere raser mot Otrivins nye flaske, spesielt for den nye \u00abmist-spray\u00bb-tuten. Malin Saur Solstad og Mali Strand deler&hellip;\n","protected":false},"author":2,"featured_media":51315,"comment_status":"","ping_status":"","sticky":false,"template":"","format":"standard","meta":{"footnotes":""},"categories":[5],"tags":[5987,20,21,24,25,15,19,22,23,17,18,7881,13,30,28,29,14,16,26,27,1995],"class_list":{"0":"post-51314","1":"post","2":"type-post","3":"status-publish","4":"format-standard","5":"has-post-thumbnail","7":"category-overskrifter","8":"tag-apotek","9":"tag-breaking-news","10":"tag-breakingnews","11":"tag-featured-news","12":"tag-featurednews","13":"tag-headlines","14":"tag-hovedoppslag","15":"tag-latest-news","16":"tag-latestnews","17":"tag-main-news","18":"tag-mainnews","19":"tag-nesespray","20":"tag-news","21":"tag-no","22":"tag-norge","23":"tag-norway","24":"tag-nyheter","25":"tag-overskrifter","26":"tag-top-stories","27":"tag-topstories","28":"tag-vghelseoglivet"},"share_on_mastodon":{"url":"","error":""},"_links":{"self":[{"href":"https:\/\/www.europesays.com\/no\/wp-json\/wp\/v2\/posts\/51314","targetHints":{"allow":["GET"]}}],"collection":[{"href":"https:\/\/www.europesays.com\/no\/wp-json\/wp\/v2\/posts"}],"about":[{"href":"https:\/\/www.europesays.com\/no\/wp-json\/wp\/v2\/types\/post"}],"author":[{"embeddable":true,"href":"https:\/\/www.europesays.com\/no\/wp-json\/wp\/v2\/users\/2"}],"replies":[{"embeddable":true,"href":"https:\/\/www.europesays.com\/no\/wp-json\/wp\/v2\/comments?post=51314"}],"version-history":[{"count":0,"href":"https:\/\/www.europesays.com\/no\/wp-json\/wp\/v2\/posts\/51314\/revisions"}],"wp:featuredmedia":[{"embeddable":true,"href":"https:\/\/www.europesays.com\/no\/wp-json\/wp\/v2\/media\/51315"}],"wp:attachment":[{"href":"https:\/\/www.europesays.com\/no\/wp-json\/wp\/v2\/media?parent=51314"}],"wp:term":[{"taxonomy":"category","embeddable":true,"href":"https:\/\/www.europesays.com\/no\/wp-json\/wp\/v2\/categories?post=51314"},{"taxonomy":"post_tag","embeddable":true,"href":"https:\/\/www.europesays.com\/no\/wp-json\/wp\/v2\/tags?post=51314"}],"curies":[{"name":"wp","href":"https:\/\/api.w.org\/{rel}","templated":true}]}}