{"id":51403,"date":"2025-10-03T03:31:11","date_gmt":"2025-10-03T03:31:11","guid":{"rendered":"https:\/\/www.europesays.com\/no\/51403\/"},"modified":"2025-10-03T03:31:11","modified_gmt":"2025-10-03T03:31:11","slug":"usa-snur-lite-sannsynlig","status":"publish","type":"post","link":"https:\/\/www.europesays.com\/no\/51403\/","title":{"rendered":"USA snur: &#8211; Lite sannsynlig"},"content":{"rendered":"<p class=\"kicker \" style=\"\">Kilder:<\/p>\n<p>  Det er lite sannsynlig at Ukraina vil f\u00e5 Tomahawk-missiler fra USA, if\u00f8lge kilder til amerikanske medier.<\/p>\n<p>\n    ARKIVFOTO: Et Tomahawk kryssmissil blir avfyrt fra USS Cape St. George, 23. mars, 2003. Foto: REUTERS\/U.S. Navy\/Intelligence Specialist 1st Class Kenneth Moll\/File Photo\n  <\/p>\n<p>Trump-administrasjonen har tidligere <a href=\"https:\/\/www.bbc.com\/news\/articles\/cly6r1mg34yo\" rel=\"nofollow noopener\" target=\"_blank\">bekreftet at de vurderer en foresp\u00f8rsel fra Ukraina<\/a> om \u00e5 motta langtrekkende Tomahawk-missiler.<\/p>\n<p>Missilene har en rekkevidde p\u00e5 opp mot 2500 kilometer, som vil si at de kan n\u00e5 b\u00e5de Moskva og mesteparten av det europeiske Russland hvis de blir avfyrt fra Ukraina.<\/p>\n<p>N\u00e5 melder flere anonyme tjenestepersoner at det er lite sannsynlig at planene om en leveranse holder fram.<\/p>\n<p>    <a itemprop=\"url\" href=\"https:\/\/www.dagbladet.no\/nyheter\/farlig-eskalering\/83673615\" rel=\"nofollow noopener\" target=\"_blank\"><\/p>\n<p>      <img loading=\"lazy\" decoding=\"async\" src=\"https:\/\/www.europesays.com\/no\/wp-content\/uploads\/2025\/10\/83673620.webp\" width=\"980\" height=\"441\" title=\"- Farlig eskalering\" alt=\"\" class=\"lazyload\" style=\"--aspect-ratio-image: 2.22; \"\/><\/p>\n<p>        &#8211; Farlig eskalering<\/p>\n<p>    <\/a><\/p>\n<p>\u00abFarlig eskalering\u00bb\t<\/p>\n<p>\u00c5rsaken skal v\u00e6re at missilene er bundet til den amerikanske marinen, og at de har andre bruksomr\u00e5der, if\u00f8lge kilder til <a href=\"https:\/\/www.reuters.com\/business\/aerospace-defense\/us-tomahawk-missile-shipments-ukraine-unlikely-sources-say-2025-10-02\/\" rel=\"nofollow noopener\" target=\"_blank\">nyhetsbyr\u00e5et Reuters<\/a>.<\/p>\n<p>Kildene hevder at USA heller vil vurdere \u00e5 la europeiske allierte kj\u00f8pe andre langtrekkende v\u00e5pen, og levere disse til Ukraina, men at en leveranse av Tomahawk-missiler er \u00abusannsynlig\u00bb.<\/p>\n<p>        AZOVHAVET: Ukrainas milit\u00e6re etterretningstjeneste skriver at de angrep et russisk missilskip torsdag 28. august. Video: Telegram<\/p>\n<p class=\"font-weight-bold m-font-weight-bold\" data-lab-font_weight=\"font-weight-bold\">Kreml sa torsdag denne uka at dersom USA leverer Tomahawk-missiler til Ukraina, vil det utl\u00f8se en ny runde med farlig eskalering mellom Russland og Vesten.<\/p>\n<p class=\"font-weight-normal m-font-weight-normal\" data-lab-font_weight=\"font-weight-normal\">&#8211; Hvis dette skjer, vil det bli en ny alvorlig runde med spenninger, som vil kreve en tilstrekkelig respons fra russisk side, sa Kremls talsperson Dmitrij Peskov.<\/p>\n<p>          <img loading=\"lazy\" decoding=\"async\" src=\"https:\/\/www.europesays.com\/no\/wp-content\/uploads\/2025\/10\/83674819.webp\" width=\"980\" height=\"559\" title=\"TRUER: Kremls talsperson Dmitrij Peskov advarte USA og Vesten om \u00e5 gi Tomahawk-missiler til Ukraina torsdag kveld. Foto: NTB \/ Reuters\" alt=\"\" class=\"\" style=\"--aspect-ratio-image: 1.75; \"\/><\/p>\n<p>\n          TRUER: Kremls talsperson Dmitrij Peskov advarte USA og Vesten om \u00e5 gi Tomahawk-missiler til Ukraina torsdag kveld. Foto: NTB \/ Reuters\n      <\/p>\n<p>If\u00f8lge Pentagons budsjettdokumenter har den amerikanske marinen til sammen kj\u00f8pt 8959 Tomahawk-missiler, med en gjennomsnittspris p\u00e5 1,3 millioner dollar.<\/p>\n<p>Det tilsvarer nesten 13 millioner norske kroner per missil.<\/p>\n<p>    <a itemprop=\"url\" href=\"https:\/\/www.dagbladet.no\/nyheter\/vurderes-av-usa-kan-ramme-russland-presist\/83658315\" rel=\"nofollow noopener\" target=\"_blank\"><\/p>\n<p>      <img loading=\"lazy\" decoding=\"async\" src=\"https:\/\/www.europesays.com\/no\/wp-content\/uploads\/2025\/10\/83658330.webp\" width=\"980\" height=\"441\" title=\"Vurderes av USA: - Kan ramme Russland presist\" alt=\"\" class=\"lazyload\" style=\"--aspect-ratio-image: 2.22; \"\/><\/p>\n<p>        Vurderes av USA: &#8211; Kan ramme Russland presist<\/p>\n<p>    <\/a><\/p>\n<p>Deler etterretning\t<\/p>\n<p>Onsdag rapporterte Reuters at USA vil gi Ukraina ny etterretning om infrastrukturm\u00e5l p\u00e5 russisk jord.<\/p>\n<p>President Donald Trump skal selv ha godkjent \u00e5 dele m\u00e5lrettet data om russisk infrastruktur med Ukraina og Volodymyr Zelenskyj.\u00a0<\/p>\n<p>          <img loading=\"lazy\" decoding=\"async\" src=\"https:\/\/www.europesays.com\/no\/wp-content\/uploads\/2025\/10\/83674817.webp\" width=\"980\" height=\"559\" title=\"BIST\u00c5R ZELENSKYJ: Etterretning fra USA vil trolig gj\u00f8re det lettere for Ukraina \u00e5 gjennomf\u00f8re m\u00e5lrettede angrep i Russland. Foto: Handout \/ UKRAINIAN PRESIDENTIAL PRESS SERVICE \/ AFP\" alt=\"\" class=\"\" style=\"--aspect-ratio-image: 1.75; \"\/><\/p>\n<p>\n          BIST\u00c5R ZELENSKYJ: Etterretning fra USA vil trolig gj\u00f8re det lettere for Ukraina \u00e5 gjennomf\u00f8re m\u00e5lrettede angrep i Russland. Foto: Handout \/ UKRAINIAN PRESIDENTIAL PRESS SERVICE \/ AFP\n      <\/p>\n<p>Det hevder tjenestemenn overfor storavisa <a href=\"https:\/\/www.wsj.com\/world\/europe\/u-s-to-provide-ukraine-with-intelligence-for-missile-strikes-deep-inside-russia-ca7b2276\" rel=\"nofollow noopener\" target=\"_blank\">Wall Street Journal<\/a>. USA ber ogs\u00e5 NATO-allierte om \u00e5 gi lignende st\u00f8tte, if\u00f8lge kildene.<\/p>\n<p>Washington har lenge delt etterretning med Kyiv, men n\u00e5 vil det bli lettere for Ukraina \u00e5 angripe infrastruktur som raffinerier, r\u00f8rledninger og kraftverk, med sikte p\u00e5 \u00e5 svekke inntektene til Kreml, if\u00f8lge nyhetsbyr\u00e5et Reuters.<\/p>\n","protected":false},"excerpt":{"rendered":"Kilder: Det er lite sannsynlig at Ukraina vil f\u00e5 Tomahawk-missiler fra USA, if\u00f8lge kilder til amerikanske medier. ARKIVFOTO:&hellip;\n","protected":false},"author":2,"featured_media":51404,"comment_status":"","ping_status":"","sticky":false,"template":"","format":"standard","meta":{"footnotes":""},"categories":[12],"tags":[20,21,55,24,25,15,22,23,13,30,28,29,14,16,4422,188,7896,26,27,489,50,412,42,186,488,43,44,45],"class_list":{"0":"post-51403","1":"post","2":"type-post","3":"status-publish","4":"format-standard","5":"has-post-thumbnail","7":"category-verden","8":"tag-breaking-news","9":"tag-breakingnews","10":"tag-donald-trump","11":"tag-featured-news","12":"tag-featurednews","13":"tag-headlines","14":"tag-latest-news","15":"tag-latestnews","16":"tag-news","17":"tag-no","18":"tag-norge","19":"tag-norway","20":"tag-nyheter","21":"tag-overskrifter","22":"tag-pentagon","23":"tag-russland","24":"tag-tomahawk","25":"tag-top-stories","26":"tag-topstories","27":"tag-ukraina","28":"tag-usa","29":"tag-utenriks","30":"tag-verden","31":"tag-vladimir-putin","32":"tag-volodymyr-zelenskyj","33":"tag-world","34":"tag-world-news","35":"tag-worldnews"},"share_on_mastodon":{"url":"","error":""},"_links":{"self":[{"href":"https:\/\/www.europesays.com\/no\/wp-json\/wp\/v2\/posts\/51403","targetHints":{"allow":["GET"]}}],"collection":[{"href":"https:\/\/www.europesays.com\/no\/wp-json\/wp\/v2\/posts"}],"about":[{"href":"https:\/\/www.europesays.com\/no\/wp-json\/wp\/v2\/types\/post"}],"author":[{"embeddable":true,"href":"https:\/\/www.europesays.com\/no\/wp-json\/wp\/v2\/users\/2"}],"replies":[{"embeddable":true,"href":"https:\/\/www.europesays.com\/no\/wp-json\/wp\/v2\/comments?post=51403"}],"version-history":[{"count":0,"href":"https:\/\/www.europesays.com\/no\/wp-json\/wp\/v2\/posts\/51403\/revisions"}],"wp:featuredmedia":[{"embeddable":true,"href":"https:\/\/www.europesays.com\/no\/wp-json\/wp\/v2\/media\/51404"}],"wp:attachment":[{"href":"https:\/\/www.europesays.com\/no\/wp-json\/wp\/v2\/media?parent=51403"}],"wp:term":[{"taxonomy":"category","embeddable":true,"href":"https:\/\/www.europesays.com\/no\/wp-json\/wp\/v2\/categories?post=51403"},{"taxonomy":"post_tag","embeddable":true,"href":"https:\/\/www.europesays.com\/no\/wp-json\/wp\/v2\/tags?post=51403"}],"curies":[{"name":"wp","href":"https:\/\/api.w.org\/{rel}","templated":true}]}}