{"id":51457,"date":"2025-10-03T05:47:49","date_gmt":"2025-10-03T05:47:49","guid":{"rendered":"https:\/\/www.europesays.com\/no\/51457\/"},"modified":"2025-10-03T05:47:49","modified_gmt":"2025-10-03T05:47:49","slug":"sjefen-uenig-med-haaland","status":"publish","type":"post","link":"https:\/\/www.europesays.com\/no\/51457\/","title":{"rendered":"Sjefen uenig med Haaland"},"content":{"rendered":"<p>  Erling Braut Haaland og Manchester Citys manager Pep Guardiola satt igjen med ulike inntrykk etter 2-2-oppgj\u00f8ret mot Monaco.<\/p>\n<p>\n    Pep Guardiola s\u00e5 Erling Braut Haaland score to m\u00e5l mot Monaco. Foto: Alexandre Dimou \/ Reuters \/ NTB\n  <\/p>\n<p>Manchester City var p\u00e5 vei mot sin f\u00f8rste borteseier i Champions League p\u00e5 nesten ett \u00e5r, men i sluttminuttene kom utligningen. Den ble satt inn p\u00e5 et straffespark.<\/p>\n<p>I intervjusonen var tom\u00e5lsscorer Haaland kritisk til det han hadde v\u00e6rt med p\u00e5.<\/p>\n<p>\u2013 Selvsagt f\u00f8les det ikke bra at vi ikke vant. Vi gj\u00f8r noe un\u00f8dvendig i andre omgang, og jeg synes ikke vi spilte godt nok. Vi fortjente ikke \u00e5 vinne, sa j\u00e6rbuen til\u00a0<a href=\"https:\/\/www.tntsports.co.uk\/football\/champions-league\/2025-2026\/live-as-monaco-manchester-city_mtc1601101\/live-commentary.shtml\" target=\"_blank\" rel=\"nofollow noopener\">TNT Sports.<\/a><\/p>\n<p>    <a itemprop=\"url\" href=\"https:\/\/sol.no\/nyheter\/prisene-stiger-for-over-en-million-nordmenn\/83669593\" rel=\"nofollow noopener\" target=\"_blank\"><\/p>\n<p>      <img loading=\"lazy\" decoding=\"async\" src=\"https:\/\/www.europesays.com\/no\/wp-content\/uploads\/2025\/10\/83669599.webp\" width=\"980\" height=\"441\" title=\"Prisene stiger for over \u00e9n million nordmenn\" alt=\"\" class=\"lazyload\" style=\"--aspect-ratio-image: 2.22; \"\/><\/p>\n<p>        Prisene stiger for over \u00e9n million nordmenn<\/p>\n<p>sol.no<\/p>\n<p>    <\/a><\/p>\n<p>Han savnet energi og intensitet i City-laget etter pause.<\/p>\n<p>\u2013 Det er ikke godt nok.<\/p>\n<p>Guardiola s\u00e5 derimot mye positivt.<\/p>\n<p>\u2013 Vi spilte en veldig god kamp. Det er min f\u00f8lelse. Vi pr\u00f8ver \u00e5 skape flere sjanser og slippe til f\u00e6rre, og det var det som skjedde. Vi forsvarte oss ikke godt nok p\u00e5 frisparket, og s\u00e5 slapp vi inn straffen, sa Manchester City-sjefen.<\/p>\n<p>    <a itemprop=\"url\" href=\"https:\/\/sol.no\/nyheter\/listhaug-utfordrer-ap-ingen-unnskyldning\/83669647\" rel=\"nofollow noopener\" target=\"_blank\"><\/p>\n<p>      <img loading=\"lazy\" decoding=\"async\" src=\"https:\/\/www.europesays.com\/no\/wp-content\/uploads\/2025\/10\/83669653.webp\" width=\"980\" height=\"441\" title=\"Listhaug utfordrer Ap: \u2013 Ingen unnskyldning\" alt=\"\" class=\"lazyload\" style=\"--aspect-ratio-image: 2.22; \"\/><\/p>\n<p>        Listhaug utfordrer Ap: \u2013 Ingen unnskyldning<\/p>\n<p>sol.no<\/p>\n<p>    <\/a><\/p>\n<p>\u2013 Hvis du analyserer oppgj\u00f8ret, var det p\u00e5 mange omr\u00e5der veldig bra. Steg for steg blir vi bedre, la spanjolen til.<\/p>\n<p>Manchester City st\u00e5r med fire poeng etter to kamper i ligafasen av den nye CL-sesongen. S\u00f8ndag skal Haaland og co. m\u00f8te Brentford p\u00e5 bortebane i Premier League.<\/p>\n","protected":false},"excerpt":{"rendered":"Erling Braut Haaland og Manchester Citys manager Pep Guardiola satt igjen med ulike inntrykk etter 2-2-oppgj\u00f8ret mot Monaco.&hellip;\n","protected":false},"author":2,"featured_media":51458,"comment_status":"","ping_status":"","sticky":false,"template":"","format":"standard","meta":{"footnotes":""},"categories":[59],"tags":[706,810,92,671,30,28,29,14,2124,83,82],"class_list":{"0":"post-51457","1":"post","2":"type-post","3":"status-publish","4":"format-standard","5":"has-post-thumbnail","7":"category-sport","8":"tag-champions-league","9":"tag-erling-braut-haaland","10":"tag-fotball","11":"tag-manchester-city","12":"tag-no","13":"tag-norge","14":"tag-norway","15":"tag-nyheter","16":"tag-pep-guardiola","17":"tag-sport","18":"tag-sports"},"share_on_mastodon":{"url":"","error":""},"_links":{"self":[{"href":"https:\/\/www.europesays.com\/no\/wp-json\/wp\/v2\/posts\/51457","targetHints":{"allow":["GET"]}}],"collection":[{"href":"https:\/\/www.europesays.com\/no\/wp-json\/wp\/v2\/posts"}],"about":[{"href":"https:\/\/www.europesays.com\/no\/wp-json\/wp\/v2\/types\/post"}],"author":[{"embeddable":true,"href":"https:\/\/www.europesays.com\/no\/wp-json\/wp\/v2\/users\/2"}],"replies":[{"embeddable":true,"href":"https:\/\/www.europesays.com\/no\/wp-json\/wp\/v2\/comments?post=51457"}],"version-history":[{"count":0,"href":"https:\/\/www.europesays.com\/no\/wp-json\/wp\/v2\/posts\/51457\/revisions"}],"wp:featuredmedia":[{"embeddable":true,"href":"https:\/\/www.europesays.com\/no\/wp-json\/wp\/v2\/media\/51458"}],"wp:attachment":[{"href":"https:\/\/www.europesays.com\/no\/wp-json\/wp\/v2\/media?parent=51457"}],"wp:term":[{"taxonomy":"category","embeddable":true,"href":"https:\/\/www.europesays.com\/no\/wp-json\/wp\/v2\/categories?post=51457"},{"taxonomy":"post_tag","embeddable":true,"href":"https:\/\/www.europesays.com\/no\/wp-json\/wp\/v2\/tags?post=51457"}],"curies":[{"name":"wp","href":"https:\/\/api.w.org\/{rel}","templated":true}]}}