{"id":51461,"date":"2025-10-03T05:51:08","date_gmt":"2025-10-03T05:51:08","guid":{"rendered":"https:\/\/www.europesays.com\/no\/51461\/"},"modified":"2025-10-03T05:51:08","modified_gmt":"2025-10-03T05:51:08","slug":"tronskifte-i-luxembourg-storhertugen-abdiserer","status":"publish","type":"post","link":"https:\/\/www.europesays.com\/no\/51461\/","title":{"rendered":"Tronskifte i Luxembourg \u2013 storhertugen abdiserer"},"content":{"rendered":"\n<p class=\"_lead_1994c_2 _lead_xtcu6_50 layout-component text-serif-m layout-normal text-serif-l layout-component layout-wide layout-padded _wide_17hqh_1 layout-padded\">Etter 25 \u00e5r p\u00e5 tronen abdiserer Luxembourgs storhertug Henri og overlater jobben som statsoverhode til sin eldste s\u00f8nn, Guillaume.<\/p>\n<p><img alt=\"Storhertug Henri av Luxembourg (til venstre) overlater fredag tronen til sin eldste s\u00f8nn Guillaume.  Foto: Rafiq Maqbool og Franck Robichon \/ AP \/ NTB\" class=\"_image_qp4xg_65 layout-component layout-wide\" data-fullscreen- data-track-element-type=\"Article image fullscreen\" data-track-name=\"ImageFullscreen\" fetchpriority=\"high\" decoding=\"sync\" loading=\"eager\" height=\"2000\" itemprop=\"image\"  src=\"https:\/\/www.europesays.com\/no\/wp-content\/uploads\/2025\/10\/63d29885-5e27-44b3-8397-11e8c8e0e39a\"  style=\"object-position:0% 0%\" width=\"3000\"\/>Storhertug Henri av Luxembourg (til venstre) overlater fredag tronen til sin eldste s\u00f8nn Guillaume.  Foto: Rafiq Maqbool og Franck Robichon \/ AP \/ NTB<\/p>\n<ul aria-hidden=\"true\" class=\"_images_1y6fe_106\">\n<li><a class=\"_link_1y6fe_111\" href=\"https:\/\/www.vg.no\/forfatter\/ntb\" style=\"z-index:1\" title=\"NTB\" rel=\"nofollow noopener\" target=\"_blank\"><img alt=\"Bilde av NTB\" class=\"_image_1y6fe_88\" fetchpriority=\"low\" loading=\"lazy\" decoding=\"async\" itemprop=\"image\"  src=\"https:\/\/www.europesays.com\/no\/wp-content\/uploads\/2025\/10\/1759470668_998_c33980b0-5d07-4027-84a1-813f90a7c8d6\"  width=\"480\"\/><\/a><\/li>\n<\/ul>\n<p> Oppdatert fredag 3. oktober kl. 06:43     <\/p>\n<p class=\"_paragraph_1994c_4 _paragraph_xtcu6_10 layout-component text-serif-m layout-normal text-serif-m layout-padded\">I likhet med resten av Europas monarker, er ogs\u00e5 storhertugen f\u00f8rst og fremst en symbolsk og seremoniell. I likhet med nabolandene Belgia og Nederland har det utviklet seg en viss tradisjon for at statsoverhodet abdiserer i stedet for \u00e5 bli p\u00e5 tronen livet ut.<\/p>\n<p class=\"_paragraph_1994c_4 _paragraph_xtcu6_10 layout-component text-serif-m layout-normal text-serif-m layout-padded\">Den avtroppende Henri har med sin cubanskf\u00f8dte kone Maria Teresa ved sin side v\u00e6rt overhodet i det lille landet i hjerte av Vest-Europa gjennom urolige \u00e5r, inkludert pandemien og finanskrisen i 2008. Sistnevnte var det st\u00f8rste sjokket <a href=\"https:\/\/www.vg.no\/tag\/luxembourg?utm_source=vg-article&amp;utm_medium=auto-tagger&amp;utm_campaign=bmRywg\" class=\"_link_1994c_39\" rel=\"nofollow noopener\" target=\"_blank\">Luxembourgs<\/a> \u00f8konomi har v\u00e6rt utsatt for siden 1970-tall.<\/p>\n<p class=\"_paragraph_1994c_4 _paragraph_xtcu6_10 layout-component text-serif-m layout-normal text-serif-m layout-padded\">Eplet faller ikke alltid veldig langt fra stammen, og den 43 \u00e5r gamle nye storhertugen Guillaume har i likhet med sin 70 \u00e5r gamle far utdannelse fra Frankrike, Sveits og Storbritannia, inkludert den velrenommerte britiske krigsskolen Sandhurst. <\/p>\n<p class=\"_paragraph_1994c_4 _paragraph_xtcu6_10 layout-component text-serif-m layout-normal text-serif-m layout-padded\">Etter den formelle abdikasjonen, skal Guillaume krones og sverge troskap til grunnloven foran landets 60 parlamentarikere. Deretter blir det en kort rundreise i landet \u2013 som ikke er mye st\u00f8rre enn Vestfold fylke \u2013 f\u00f8r tronskiftehelgen avsluttes med messe i den katolske katedralen i hovedstaden Luxembourg p\u00e5 s\u00f8ndag.<\/p>\n","protected":false},"excerpt":{"rendered":"Etter 25 \u00e5r p\u00e5 tronen abdiserer Luxembourgs storhertug Henri og overlater jobben som statsoverhode til sin eldste s\u00f8nn,&hellip;\n","protected":false},"author":2,"featured_media":51462,"comment_status":"","ping_status":"","sticky":false,"template":"","format":"standard","meta":{"footnotes":""},"categories":[12],"tags":[20,21,24,25,15,22,23,2640,13,30,28,29,14,16,26,27,42,43,44,45],"class_list":{"0":"post-51461","1":"post","2":"type-post","3":"status-publish","4":"format-standard","5":"has-post-thumbnail","7":"category-verden","8":"tag-breaking-news","9":"tag-breakingnews","10":"tag-featured-news","11":"tag-featurednews","12":"tag-headlines","13":"tag-latest-news","14":"tag-latestnews","15":"tag-luxembourg","16":"tag-news","17":"tag-no","18":"tag-norge","19":"tag-norway","20":"tag-nyheter","21":"tag-overskrifter","22":"tag-top-stories","23":"tag-topstories","24":"tag-verden","25":"tag-world","26":"tag-world-news","27":"tag-worldnews"},"share_on_mastodon":{"url":"","error":""},"_links":{"self":[{"href":"https:\/\/www.europesays.com\/no\/wp-json\/wp\/v2\/posts\/51461","targetHints":{"allow":["GET"]}}],"collection":[{"href":"https:\/\/www.europesays.com\/no\/wp-json\/wp\/v2\/posts"}],"about":[{"href":"https:\/\/www.europesays.com\/no\/wp-json\/wp\/v2\/types\/post"}],"author":[{"embeddable":true,"href":"https:\/\/www.europesays.com\/no\/wp-json\/wp\/v2\/users\/2"}],"replies":[{"embeddable":true,"href":"https:\/\/www.europesays.com\/no\/wp-json\/wp\/v2\/comments?post=51461"}],"version-history":[{"count":0,"href":"https:\/\/www.europesays.com\/no\/wp-json\/wp\/v2\/posts\/51461\/revisions"}],"wp:featuredmedia":[{"embeddable":true,"href":"https:\/\/www.europesays.com\/no\/wp-json\/wp\/v2\/media\/51462"}],"wp:attachment":[{"href":"https:\/\/www.europesays.com\/no\/wp-json\/wp\/v2\/media?parent=51461"}],"wp:term":[{"taxonomy":"category","embeddable":true,"href":"https:\/\/www.europesays.com\/no\/wp-json\/wp\/v2\/categories?post=51461"},{"taxonomy":"post_tag","embeddable":true,"href":"https:\/\/www.europesays.com\/no\/wp-json\/wp\/v2\/tags?post=51461"}],"curies":[{"name":"wp","href":"https:\/\/api.w.org\/{rel}","templated":true}]}}