{"id":51481,"date":"2025-10-03T06:08:10","date_gmt":"2025-10-03T06:08:10","guid":{"rendered":"https:\/\/www.europesays.com\/no\/51481\/"},"modified":"2025-10-03T06:08:10","modified_gmt":"2025-10-03T06:08:10","slug":"ange-postecoglou-under-press-i-nottingham-forest","status":"publish","type":"post","link":"https:\/\/www.europesays.com\/no\/51481\/","title":{"rendered":"Ange Postecoglou under press i Nottingham Forest"},"content":{"rendered":"\n<p class=\"_lead_1994c_2 _lead_xtcu6_50 layout-component text-serif-m layout-normal text-serif-l layout-component layout-wide layout-padded _wide_17hqh_1 layout-padded\">Australieren har mistet supporternes st\u00f8tte p\u00e5 under en m\u00e5ned i sjefsstolen.<\/p>\n<p><img alt=\" Foto: Joe Giddens \/ Pa Photos \/ NTB\" class=\"_image_qp4xg_65 layout-component layout-wide\" data-fullscreen- data-track-element-type=\"Article image fullscreen\" data-track-name=\"ImageFullscreen\" fetchpriority=\"high\" decoding=\"sync\" loading=\"eager\" height=\"2129\" itemprop=\"image\"  src=\"https:\/\/www.europesays.com\/no\/wp-content\/uploads\/2025\/10\/510966d8-b01f-43cc-946b-0ff60b66433e\"  style=\"object-position:0% 0%\" width=\"3109\"\/> Foto: Joe Giddens \/ Pa Photos \/ NTB<\/p>\n<ul aria-hidden=\"true\" class=\"_images_1y6fe_106\">\n<li><a class=\"_link_1y6fe_111\" href=\"https:\/\/www.vg.no\/forfatter\/andreas-hopen\" style=\"z-index:1\" title=\"Andreas Hopen\" rel=\"nofollow noopener\" target=\"_blank\"><img alt=\"Bilde av Andreas Hopen\" class=\"_image_1y6fe_88\" fetchpriority=\"low\" loading=\"lazy\" decoding=\"async\" itemprop=\"image\"  src=\"https:\/\/www.europesays.com\/no\/wp-content\/uploads\/2025\/10\/1759471690_107_8d697287-ea03-4d54-ab67-6d65b82629eb\"  width=\"480\"\/><\/a><\/li>\n<\/ul>\n<p> Oppdatert fredag 3. oktober kl. 07:41    <\/p>\n<ul class=\"_list_1994c_3 _list_64s2r_85 _unordered_1994c_105 text-sans-m\">\n<li class=\"_item_1994c_30\">Nottingham Forest-fansen viste sin frustrasjon med rop om \u00e5 sparke manager Postecoglou.<\/li>\n<li class=\"_item_1994c_30\">Dette skjedde etter Forests 2\u20133 nederlag mot Midtjylland i Europa League.<\/li>\n<li class=\"_item_1994c_30\">Postecoglou har g\u00e5tt seks kamper uten seier siden han startet 9. september.<\/li>\n<li class=\"_item_1994c_30\">Supporterne buet og lengtet etter hans forgjenger, Nuno Esp\u00edrito Santo.<\/li>\n<\/ul>\n<p>Vis mer <\/p>\n<p class=\"_paragraph_1994c_4 _paragraph_xtcu6_10 layout-component text-serif-m layout-normal text-serif-m layout-padded\">\u00abSacked in the morningSacked in the morningDu blir sparket i morgen.\u00bb runget utover City Ground torsdag kveld i det Nottingham Forest tapte 2\u20133 mot danske Midtjylland i Europa League.<\/p>\n<p class=\"_paragraph_1994c_4 _paragraph_xtcu6_10 layout-component text-serif-m layout-normal text-serif-m layout-padded\">Det var derimot ikke de tilreisende supporterne som sang, men Forest-supporterne som sang til sin egen manager Ange Postecoglou.<\/p>\n<p class=\"_paragraph_1994c_4 _paragraph_xtcu6_10 layout-component text-serif-m layout-normal text-serif-m layout-padded\">Den tidligere Tottenham-manageren har n\u00e5 ledet laget i seks kamper uten seier siden han overtok jobben 9. september. Det gj\u00f8r ham til den f\u00f8rste permanente Forest-manageren p\u00e5 100 \u00e5r som ikke har vunnet noen av sine f\u00f8rste seks kamper, melder\u00a0<a href=\"https:\/\/www.skysports.com\/football\/news\/11727\/13443251\/ange-postecoglou-sacked-chants-nottingham-forest-boss-says-team-on-right-track-amid-fan-backlash\" class=\"_link_1994c_39\" rel=\"nofollow noopener\" target=\"_blank\">Sky Sports<\/a>.<\/p>\n<p class=\"_paragraph_1994c_4 _paragraph_xtcu6_10 layout-component text-serif-m layout-normal text-serif-m layout-padded\">\u2013 Supporterne er skuffet, de har rett til \u00e5 ha en mening om det, og jeg h\u00f8rte deres mening, sa Postecoglou etter kampen f\u00f8r han la til:<\/p>\n<p class=\"_paragraph_1994c_4 _paragraph_xtcu6_10 layout-component text-serif-m layout-normal text-serif-m layout-padded\">\u2013 Ingenting overrasker meg lenger i fotball. Jeg antar det bare er klimaet vi er i og det ser ut til at det er veien vi g\u00e5r, fortsatte australieren om supporternes misn\u00f8ye.<\/p>\n<p class=\"_paragraph_1994c_4 _paragraph_xtcu6_10 layout-component text-serif-m layout-normal text-serif-m layout-padded\">P\u00e5 pressekonferansen etter nederlaget ble australieren spurt om han har troen p\u00e5 at han kan snu den begredelige formen.<\/p>\n<p class=\"_paragraph_1994c_4 _paragraph_xtcu6_10 layout-component text-serif-m layout-normal text-serif-m layout-padded\">\u2013 Ja, det tror jeg. Ingenting jeg s\u00e5 (torsdag) endrer p\u00e5 det, sa Postecoglou.<\/p>\n<p class=\"_paragraph_1994c_4 _paragraph_xtcu6_10 layout-component text-serif-m layout-normal text-serif-m layout-padded\">Postecoglou er n\u00e5 oddsfavoritt til \u00e5 v\u00e6re neste manager som f\u00e5r sparken if\u00f8lge flere tilbydere. Flere britiske spillsider har gjennom natten fjernet oddsen p\u00e5 at australieren mister jobben.<\/p>\n<p class=\"_paragraph_1994c_4 _paragraph_xtcu6_10 layout-component text-serif-m layout-normal text-serif-m layout-padded\">Fansen buet ogs\u00e5 da Postecoglou gikk ned i tunnelen etter kampslutt. Mange sang til og med lovord om hans forgjenger Nuno Esp\u00edrito Santo, som n\u00e5 er manager i West Ham.<\/p>\n<p class=\"_paragraph_1994c_4 _paragraph_xtcu6_10 layout-component text-serif-m layout-normal text-serif-m layout-padded\">Ange Postecoglou fikk sparken i Tottenham i sommer etter \u00e5 ha vunnet Europa League med London-klubben, samtidig som klubben endte p\u00e5 17. plass i <a href=\"https:\/\/www.vg.no\/tag\/premier-league?utm_source=vg-article&amp;utm_medium=auto-tagger&amp;utm_campaign=dR6xBo\" class=\"_link_1994c_39\" rel=\"nofollow noopener\" target=\"_blank\">Premier League<\/a>.<\/p>\n","protected":false},"excerpt":{"rendered":"Australieren har mistet supporternes st\u00f8tte p\u00e5 under en m\u00e5ned i sjefsstolen. Foto: Joe Giddens \/ Pa Photos \/&hellip;\n","protected":false},"author":2,"featured_media":51482,"comment_status":"","ping_status":"","sticky":false,"template":"","format":"standard","meta":{"footnotes":""},"categories":[59],"tags":[86,92,30,28,29,2894,161,83,82,46],"class_list":{"0":"post-51481","1":"post","2":"type-post","3":"status-publish","4":"format-standard","5":"has-post-thumbnail","7":"category-sport","8":"tag-europa-league","9":"tag-fotball","10":"tag-no","11":"tag-norge","12":"tag-norway","13":"tag-nottingham-forest-fc","14":"tag-premier-league","15":"tag-sport","16":"tag-sports","17":"tag-vgai"},"share_on_mastodon":{"url":"","error":""},"_links":{"self":[{"href":"https:\/\/www.europesays.com\/no\/wp-json\/wp\/v2\/posts\/51481","targetHints":{"allow":["GET"]}}],"collection":[{"href":"https:\/\/www.europesays.com\/no\/wp-json\/wp\/v2\/posts"}],"about":[{"href":"https:\/\/www.europesays.com\/no\/wp-json\/wp\/v2\/types\/post"}],"author":[{"embeddable":true,"href":"https:\/\/www.europesays.com\/no\/wp-json\/wp\/v2\/users\/2"}],"replies":[{"embeddable":true,"href":"https:\/\/www.europesays.com\/no\/wp-json\/wp\/v2\/comments?post=51481"}],"version-history":[{"count":0,"href":"https:\/\/www.europesays.com\/no\/wp-json\/wp\/v2\/posts\/51481\/revisions"}],"wp:featuredmedia":[{"embeddable":true,"href":"https:\/\/www.europesays.com\/no\/wp-json\/wp\/v2\/media\/51482"}],"wp:attachment":[{"href":"https:\/\/www.europesays.com\/no\/wp-json\/wp\/v2\/media?parent=51481"}],"wp:term":[{"taxonomy":"category","embeddable":true,"href":"https:\/\/www.europesays.com\/no\/wp-json\/wp\/v2\/categories?post=51481"},{"taxonomy":"post_tag","embeddable":true,"href":"https:\/\/www.europesays.com\/no\/wp-json\/wp\/v2\/tags?post=51481"}],"curies":[{"name":"wp","href":"https:\/\/api.w.org\/{rel}","templated":true}]}}