{"id":51509,"date":"2025-10-03T06:36:13","date_gmt":"2025-10-03T06:36:13","guid":{"rendered":"https:\/\/www.europesays.com\/no\/51509\/"},"modified":"2025-10-03T06:36:13","modified_gmt":"2025-10-03T06:36:13","slug":"blusser-opp-igjen","status":"publish","type":"post","link":"https:\/\/www.europesays.com\/no\/51509\/","title":{"rendered":"Blusser opp igjen"},"content":{"rendered":"<p>  Ny ordkrig mellom Ole Klemetsen og Frank L\u00f8ke. &#8211; Dette har jeg ikke tid eller overskudd til, sier Cecilia Br\u00e6khus.<\/p>\n<p>\n    N\u00c5DEL\u00d8S: Ole Klemetsen vil ikke v\u00e6re i samme rom som Frank L\u00f8ke. Foto: Carina Johansen \/ NTB\n  <\/p>\n<p>LILLESTR\u00d8M (Dagbladet): &#8211; Frank L\u00f8ke har 190 000 prosent ingenting i boksesporten \u00e5 gj\u00f8re, sier Ole Klemetsen.<\/p>\n<p>Onsdag kveld avsl\u00f8rte han overfor Dagbladet: Han kommer definitivt ikke p\u00e5 avskjedskampen til Cecilia Br\u00e6khus (44) i Lillestr\u00f8m l\u00f8rdag kveld.<\/p>\n<p>    <a itemprop=\"url\" href=\"https:\/\/www.dagbladet.no\/sport\/har-romt-norge\/83668353\" rel=\"nofollow noopener\" target=\"_blank\"><\/p>\n<p>      <img loading=\"lazy\" decoding=\"async\" src=\"https:\/\/www.europesays.com\/no\/wp-content\/uploads\/2025\/10\/1759473370_647_83668607.webp\" width=\"980\" height=\"441\" title=\"Har r\u00f8mt Norge\" alt=\"\" class=\"lazyload\" style=\"--aspect-ratio-image: 2.22; \"\/><\/p>\n<p>        Har r\u00f8mt Norge<\/p>\n<p>    <\/a><\/p>\n<p>\u00c5rsak: Klemetsen vil ikke v\u00e6re i samme rom som L\u00f8ke.\u00a0<\/p>\n<p>Han mener kampen mellom de to for snart 14 dager siden var en skam for boksesporten.<\/p>\n<p>          <img loading=\"lazy\" decoding=\"async\" src=\"https:\/\/www.europesays.com\/no\/wp-content\/uploads\/2025\/10\/83674704.webp\" width=\"686\" height=\"1016\" title=\"REAGERER: Frank L\u00f8ke la ut denne meldingen p\u00e5 Instagram story torsdag kveld. Han mener Ole Klemetsen pisser p\u00e5 Cecilia Br\u00e6khus. Foto: Skjermdump\" alt=\"\" class=\"\" style=\"--aspect-ratio-image: 0.68; \"\/><\/p>\n<p>\n          REAGERER: Frank L\u00f8ke la ut denne meldingen p\u00e5 Instagram story torsdag kveld. Han mener Ole Klemetsen pisser p\u00e5 Cecilia Br\u00e6khus. Foto: Skjermdump\n      <\/p>\n<p>L\u00f8ke er blitt engasjert som motivator for bokseren Ole Laache under Br\u00e6khus-stevnet. Dagbladets artikkel &#8211; om at Klemetsen ikke\u00a0 kommer &#8211; ble fanget opp av L\u00f8ke i g\u00e5r kveld:<\/p>\n<p>&#8211; Tenk at Ole ikke dukker opp p\u00e5 Br\u00e6khus&#8217; siste kamp fordi jeg er treneren til Ole Laache. Snakk om \u00e5 pisse p\u00e5 boksesporten og Br\u00e6khus.<\/p>\n<p>L\u00f8ke fyrer l\u00f8s p\u00e5 Instagram:<\/p>\n<p>&#8211; Ta med deg pengene du fikk og kom deg tilbake til casinoet og r\u00f8dvinen din i Spania.<\/p>\n<p>        Frank L\u00f8ke dukket opp som motivator p\u00e5 en pressekonferanse f\u00f8r boksestevnet \u00abThe Final Bell\u00bb.<\/p>\n<p>Til Dagbladet sier Klemetsen:<\/p>\n<p>&#8211; Jeg hadde tenkt meg p\u00e5 kampen og gledet meg. Men n\u00e5r Frank L\u00f8ke kommer og skal pisse p\u00e5 Bokse-Norge igjen, dropper jeg det.<\/p>\n<p>L\u00f8kes svar:<\/p>\n<p>&#8211; Pisse p\u00e5 boksesporten? Den eneste jeg pisset p\u00e5 var Ole. Han er en redd kylling.<\/p>\n<p>          <img loading=\"lazy\" decoding=\"async\" src=\"https:\/\/www.europesays.com\/no\/wp-content\/uploads\/2025\/10\/83674708.webp\" width=\"686\" height=\"440\" title=\"AVSKJED: Cecilia Br\u00e6khus g\u00e5r mot Ema Kozin i den aller siste kampen i karrieren. Foto: Jonas Been Henriksen \/ NTB\" alt=\"\" class=\"\" style=\"--aspect-ratio-image: 1.56; \"\/><\/p>\n<p>\n          AVSKJED: Cecilia Br\u00e6khus g\u00e5r mot Ema Kozin i den aller siste kampen i karrieren. Foto: Jonas Been Henriksen \/ NTB\n      <\/p>\n<p>Cecilia Br\u00e6khus har f\u00e5tt med seg de verbale bombene Klemetsen og L\u00f8ke kaster mot hverandre.<\/p>\n<p>Dagbladet sp\u00f8r hva hun synes om at Klemetsen ikke kommer p\u00e5 avskjedskampen hennes mot Ema Kozin fra Slovenia.<\/p>\n<p>    <a itemprop=\"url\" href=\"https:\/\/www.dagbladet.no\/sport\/ryktene-svirrer\/83652354\" rel=\"nofollow noopener\" target=\"_blank\"><\/p>\n<p>      <img loading=\"lazy\" decoding=\"async\" src=\"https:\/\/www.europesays.com\/no\/wp-content\/uploads\/2025\/10\/1759473372_725_83652360.webp\" width=\"147\" height=\"98\" title=\"Ryktene svirrer\" alt=\"\" class=\"lazyload\" style=\"--aspect-ratio-image: 1.50; \"\/><\/p>\n<p>        Ryktene svirrer<\/p>\n<p>    <\/a><\/p>\n<p>&#8211; Dette har jeg ikke tid eller overskudd til. Dette er mitt farvel med boksesporten. Jeg er veldig glad i Ole. Han har v\u00e6rt med p\u00e5 flere \u00abcamper\u00bb. Jeg h\u00e5per virkelig at han sitter ringside p\u00e5 l\u00f8rdag, sier Br\u00e6khus.<\/p>\n<p>&#8211; Vi har et helt fint forhold. Vi snakker begge rett fra levra. Han hjalp meg i forbindelse med et par \u00abcamper\u00bb i Spania. Vi begynte litt \u00abrocky\u00bb. Per dags dato er vi veldig p\u00e5 god fot. S\u00e5 jeg h\u00e5per at han kommer. Han er boksehistorie.<\/p>\n<p>          <img loading=\"lazy\" decoding=\"async\" src=\"https:\/\/www.europesays.com\/no\/wp-content\/uploads\/2025\/10\/83674710.webp\" width=\"686\" height=\"453\" title=\"SAMARBEID: Ole Klemetsen har hjulpet Cecilia Br\u00e6khus tidligere i karrieren. Bildet er fra T\u00f8nsberg i 2017. Foto: Lise \u00c5serud \/ NTB\" alt=\"\" class=\"\" style=\"--aspect-ratio-image: 1.51; \"\/><\/p>\n<p>\n          SAMARBEID: Ole Klemetsen har hjulpet Cecilia Br\u00e6khus tidligere i karrieren. Bildet er fra T\u00f8nsberg i 2017. Foto: Lise \u00c5serud \/ NTB\n      <\/p>\n<p>Klemetsen vil ikke fortelle hvor i verden han er. Men enkelte observasjoner g\u00e5r ut p\u00e5 at han befinner seg rundt Middelhavet.<\/p>\n<p>Selv hadde Br\u00e6khus et helt annet fokus enn Klemetsen og L\u00f8ke i g\u00e5r. Fredag ettermiddag er det innveiing f\u00f8r kampen i morgen.\u00a0<\/p>\n<p>&#8211; Fram til klokka 15.00 fredag blir det ikke mye spising. Det blir vel et eple eller to. S\u00e5 blir det \u00e5 f\u00e5 massasje, sove godt og starte prosessen inn mot l\u00f8rdag kveld, sier Br\u00e6khus.<\/p>\n<p>        Bokseren Ole Laache har f\u00e5tt med seg Frank L\u00f8ke i teamet. Video: Skingen\/Dagbladet TV-sporten<\/p>\n<p>Det er ventet mellom 2500 og 3000 tilskuere i NOVA Spektrum i Lillestr\u00f8m.<\/p>\n","protected":false},"excerpt":{"rendered":"Ny ordkrig mellom Ole Klemetsen og Frank L\u00f8ke. &#8211; Dette har jeg ikke tid eller overskudd til, sier&hellip;\n","protected":false},"author":2,"featured_media":51510,"comment_status":"","ping_status":"","sticky":false,"template":"","format":"standard","meta":{"footnotes":""},"categories":[59],"tags":[1563,1561,30,28,29,1562,83,82],"class_list":{"0":"post-51509","1":"post","2":"type-post","3":"status-publish","4":"format-standard","5":"has-post-thumbnail","7":"category-sport","8":"tag-boksing","9":"tag-frank-loke","10":"tag-no","11":"tag-norge","12":"tag-norway","13":"tag-ole-klemetsen","14":"tag-sport","15":"tag-sports"},"share_on_mastodon":{"url":"","error":""},"_links":{"self":[{"href":"https:\/\/www.europesays.com\/no\/wp-json\/wp\/v2\/posts\/51509","targetHints":{"allow":["GET"]}}],"collection":[{"href":"https:\/\/www.europesays.com\/no\/wp-json\/wp\/v2\/posts"}],"about":[{"href":"https:\/\/www.europesays.com\/no\/wp-json\/wp\/v2\/types\/post"}],"author":[{"embeddable":true,"href":"https:\/\/www.europesays.com\/no\/wp-json\/wp\/v2\/users\/2"}],"replies":[{"embeddable":true,"href":"https:\/\/www.europesays.com\/no\/wp-json\/wp\/v2\/comments?post=51509"}],"version-history":[{"count":0,"href":"https:\/\/www.europesays.com\/no\/wp-json\/wp\/v2\/posts\/51509\/revisions"}],"wp:featuredmedia":[{"embeddable":true,"href":"https:\/\/www.europesays.com\/no\/wp-json\/wp\/v2\/media\/51510"}],"wp:attachment":[{"href":"https:\/\/www.europesays.com\/no\/wp-json\/wp\/v2\/media?parent=51509"}],"wp:term":[{"taxonomy":"category","embeddable":true,"href":"https:\/\/www.europesays.com\/no\/wp-json\/wp\/v2\/categories?post=51509"},{"taxonomy":"post_tag","embeddable":true,"href":"https:\/\/www.europesays.com\/no\/wp-json\/wp\/v2\/tags?post=51509"}],"curies":[{"name":"wp","href":"https:\/\/api.w.org\/{rel}","templated":true}]}}