{"id":51524,"date":"2025-10-03T07:00:12","date_gmt":"2025-10-03T07:00:12","guid":{"rendered":"https:\/\/www.europesays.com\/no\/51524\/"},"modified":"2025-10-03T07:00:12","modified_gmt":"2025-10-03T07:00:12","slug":"holder-pusten-bekymringsfullt","status":"publish","type":"post","link":"https:\/\/www.europesays.com\/no\/51524\/","title":{"rendered":"Holder pusten: &#8211; Bekymringsfullt"},"content":{"rendered":"<p>  Rekordene som blir satt om dagen, gir flere h\u00f8ydeskrekk. Ekspert mener nordmenn b\u00f8r stille seg s\u00e6rlig ett sp\u00f8rsm\u00e5l.<\/p>\n<p>\n    Noen frykter den AI-drevne aksjeoppgangen er en boble. Illustrasjonsfoto: Toby Melville \/ Reuters \/ NTB\n  <\/p>\n<p>I april suste verdens aksjemarkeder rett i kjelleren etter president Donald Trumps \u00abLiberation Day\u00bb, der han kunngjorde en lang rekke tollsatser.<\/p>\n<p>N\u00e5 virker det til at bekymringene er skrinlagt, for markedene sl\u00e5r rekord p\u00e5 rekord om dagen.\u00a0<\/p>\n<p> Samleindeksen S&amp;P 500, med USAs 500 st\u00f8rste b\u00f8rsnoterte selskaper, har vokst med hele 33 prosent siden bunnen i april. <\/p>\n<p>    <a itemprop=\"url\" href=\"https:\/\/sol.no\/nyheter\/slar-alarm-nok-en-gang-enorm\/83670678\" rel=\"nofollow noopener\" target=\"_blank\"><\/p>\n<p>      <img loading=\"lazy\" decoding=\"async\" src=\"https:\/\/www.europesays.com\/no\/wp-content\/uploads\/2025\/10\/83670684.webp\" width=\"980\" height=\"441\" title=\"Sl\u00e5r alarm: - Nok en gang enorm\" alt=\"\" class=\"lazyload\" style=\"--aspect-ratio-image: 2.22; \"\/><\/p>\n<p>        Sl\u00e5r alarm: &#8211; Nok en gang enorm<\/p>\n<p>sol.no<\/p>\n<p>    <\/a><\/p>\n<p>\u00abLeker med ilden\u00bb\t<\/p>\n<p>Flere eksperter sp\u00f8r seg imidlertid om det kan v\u00e6re en boble p\u00e5 vei til \u00e5 sprekke. \u00abWarren Buffett-indikatoren\u00bb sammenligner st\u00f8rrelsen p\u00e5 hele aksjemarkedet i USA med landets bruttonasjonalprodukt (BNP).\u00a0<\/p>\n<p>Den viser n\u00e5 at aksjemarkedet er 200 prosent av BNP, skriver <a href=\"https:\/\/www.cnbc.com\/2025\/10\/01\/leon-cooperman-says-weve-reached-the-stage-of-the-bull-market-that-warren-buffett-warned-about.html\" rel=\"nofollow noopener\" target=\"_blank\">CNBC.<\/a>\u00a0Det har bare skjedd to ganger: i 2021 og under\u00a0dotcom-boblen i 2001.<\/p>\n<p>&#8211; N\u00e5r det kommer over 100 prosent &#8211; og spesielt 200 prosent &#8211; da leker du med ilden, har investorlegenden Buffett tidligere sagt.\u00a0<\/p>\n<p>    <a itemprop=\"url\" href=\"https:\/\/sol.no\/nyheter\/hold-blikket-pa-ukraina\/83670465\" rel=\"nofollow noopener\" target=\"_blank\"><\/p>\n<p>      <img loading=\"lazy\" decoding=\"async\" src=\"https:\/\/www.europesays.com\/no\/wp-content\/uploads\/2025\/10\/83670573.webp\" width=\"147\" height=\"98\" title=\"\u2013 Hold blikket p\u00e5 Ukraina\" alt=\"\" class=\"lazyload\" style=\"--aspect-ratio-image: 1.50; \"\/><\/p>\n<p>        \u2013 Hold blikket p\u00e5 Ukraina<\/p>\n<p>sol.no<\/p>\n<p>    <\/a><\/p>\n<p>Det betyr ikke at aksjemarkedet n\u00f8dvendigvis skal kollapse, men er et tegn p\u00e5 at det er historisk dyrt sammenlignet med \u00f8konomien.<\/p>\n<p>Mye av oppgangen er drevet av USAs tungvektere innen kunstig intelligens. Frykten er derfor at hvis teknologiaksjer faller, vil de dra med seg hele markedet.\u00a0<\/p>\n<p>Wall Street-topp Andy Cooperman sier til CNBC at verdsettelsen av teknologiaksjene er \u00ablatterlig h\u00f8y\u00bb.<\/p>\n<p>Vil p\u00e5virke nordmenn\t<\/p>\n<p>En eventuell knekk vil ramme mange norske sm\u00e5sparere: Blant annet fordi et globalt indeksfond best\u00e5r av om lag 70 prosent amerikanske aksjer. Oljefondet, et indeksn\u00e6rt gigantfond, vil ogs\u00e5 f\u00e5 seg en real tr\u00f8kk.<\/p>\n<p>Investeringsdirekt\u00f8r Robert N\u00e6ss i Nordea skriver i en <a href=\"https:\/\/www.dn.no\/marked\/aksjer\/investeringer\/aksjemarkedet\/eventyrlig-avkastning-men-farlig-farlig\/2-1-1878058\" rel=\"nofollow noopener\" target=\"_blank\">kommentar i DN<\/a> at de \u00e5tte st\u00f8rste selskapene i USA utgj\u00f8r hele 26 prosent av et globalt indeksfond. Han viser til at nordmenn har hatt en eventyrlig avkastning hittil, men advarer samtidig om at konsentrasjonen av f\u00e5 selskaper n\u00e5 er \u00abfarlig\u00bb.<\/p>\n<p>    <a itemprop=\"url\" href=\"https:\/\/sol.no\/nyheter\/blir-stadig-dyrere-skutt-i-vaeret\/83669980\" rel=\"nofollow noopener\" target=\"_blank\"><\/p>\n<p>      <img loading=\"lazy\" decoding=\"async\" src=\"https:\/\/www.europesays.com\/no\/wp-content\/uploads\/2025\/10\/83670009.webp\" width=\"980\" height=\"441\" title=\"Blir stadig dyrere: - Skutt i v\u00e6ret\" alt=\"\" class=\"lazyload\" style=\"--aspect-ratio-image: 2.22; \"\/><\/p>\n<p>        Blir stadig dyrere: &#8211; Skutt i v\u00e6ret<\/p>\n<p>sol.no<\/p>\n<p>    <\/a><\/p>\n<p>&#8211;\u00a0 Risikoen er h\u00f8yere enn p\u00e5 lenge, skriver han.<\/p>\n<p>&#8211; Sp\u00f8rsm\u00e5let norske sm\u00e5sparere b\u00f8r stille seg er enkelt: Vil jeg virkelig ha en fjerdedel av sparepengene mine i \u00e5tte amerikanske teknologiselskaper?<\/p>\n<p>&#8211; Bekymringsfullt\t<\/p>\n<p> Den britiske investoren James Anderson mener at de kraftige verdistigningene p\u00e5 AI-selskaper som OpenAI og Anthropic er \u00abbekymringsfulle\u00bb. Han sier at han lenge ikke s\u00e5 tegn til en boble, men de siste m\u00e5nedene har utviklingen gitt ham uro, if\u00f8lge <a href=\"https:\/\/www.theguardian.com\/technology\/2025\/oct\/01\/leading-uk-tech-investor-warns-of-disconcerting-signs-of-ai-stock-bubble\" rel=\"nofollow noopener\" target=\"_blank\">The Guardian<\/a>.<\/p>\n<p>    <a itemprop=\"url\" href=\"https:\/\/sol.no\/nyheter\/bare-da-vil-putin-avslutte-krigen\/83656111\" rel=\"nofollow noopener\" target=\"_blank\"><\/p>\n<p>      <img loading=\"lazy\" decoding=\"async\" src=\"https:\/\/www.europesays.com\/no\/wp-content\/uploads\/2025\/10\/83656666.webp\" width=\"980\" height=\"441\" title=\"- Bare da vil Putin avslutte krigen\" alt=\"\" class=\"lazyload\" style=\"--aspect-ratio-image: 2.22; \"\/><\/p>\n<p>        &#8211; Bare da vil Putin avslutte krigen<\/p>\n<p>sol.no<\/p>\n<p>    <\/a><\/p>\n<p>Det er langt fra sikkert at man f\u00e5r heftige markedsfall. <a href=\"https:\/\/www.investopedia.com\/ai-stocks-have-fueled-the-bull-market-for-3-years-will-the-momentum-continue-11820797\" rel=\"nofollow noopener\" target=\"_blank\">Investopedia<\/a> skriver at det er grunner til \u00e5 v\u00e6re optimistisk til at AI-boomen i dag er mer robust enn andre bobler den sammenlignes med.<\/p>\n<p>Finansanalytiker Christopher Gannatti p\u00e5peker overfor nettstedet at\u00a0AI-selskapene n\u00e5 st\u00e5r p\u00e5 sterkere \u00f8konomiske bein enn mange teknologiselskaper gjorde f\u00f8r.<\/p>\n<p> &#8211; Det positive er at de ikke blir finansiert med gjeld, i alle fall ikke enn\u00e5. <\/p>\n<p>Enkelte hevder ogs\u00e5 at ovennevnte Buffett-indikator ikke b\u00f8r vektlegges like mye som f\u00f8r, skriver <a href=\"https:\/\/www.cnbc.com\/2025\/09\/28\/buffett-indicator-stock-market-overvalued.html\" rel=\"nofollow noopener\" target=\"_blank\">CNBC<\/a>. Den amerikanske \u00f8konomien har forandret seg mye. F\u00f8r var den mer avhengig av fabrikker og fysiske eiendeler, men n\u00e5 drives den mer av teknologi, programvare og immaterielle rettigheter.<\/p>\n","protected":false},"excerpt":{"rendered":"Rekordene som blir satt om dagen, gir flere h\u00f8ydeskrekk. Ekspert mener nordmenn b\u00f8r stille seg s\u00e6rlig ett sp\u00f8rsm\u00e5l.&hellip;\n","protected":false},"author":2,"featured_media":51525,"comment_status":"","ping_status":"","sticky":false,"template":"","format":"standard","meta":{"footnotes":""},"categories":[56],"tags":[7910,7909,60,61,7911,467,62,30,28,29,1208,14,272,7912],"class_list":{"0":"post-51524","1":"post","2":"type-post","3":"status-publish","4":"format-standard","5":"has-post-thumbnail","7":"category-naeringsliv","8":"tag-aksjemarked","9":"tag-boble","10":"tag-business","11":"tag-economy","12":"tag-global-okonomi","13":"tag-kunstig-intelligens","14":"tag-naeringsliv","15":"tag-no","16":"tag-norge","17":"tag-norway","18":"tag-nvidia","19":"tag-nyheter","20":"tag-tesla","21":"tag-verdensokonomi"},"share_on_mastodon":{"url":"","error":""},"_links":{"self":[{"href":"https:\/\/www.europesays.com\/no\/wp-json\/wp\/v2\/posts\/51524","targetHints":{"allow":["GET"]}}],"collection":[{"href":"https:\/\/www.europesays.com\/no\/wp-json\/wp\/v2\/posts"}],"about":[{"href":"https:\/\/www.europesays.com\/no\/wp-json\/wp\/v2\/types\/post"}],"author":[{"embeddable":true,"href":"https:\/\/www.europesays.com\/no\/wp-json\/wp\/v2\/users\/2"}],"replies":[{"embeddable":true,"href":"https:\/\/www.europesays.com\/no\/wp-json\/wp\/v2\/comments?post=51524"}],"version-history":[{"count":0,"href":"https:\/\/www.europesays.com\/no\/wp-json\/wp\/v2\/posts\/51524\/revisions"}],"wp:featuredmedia":[{"embeddable":true,"href":"https:\/\/www.europesays.com\/no\/wp-json\/wp\/v2\/media\/51525"}],"wp:attachment":[{"href":"https:\/\/www.europesays.com\/no\/wp-json\/wp\/v2\/media?parent=51524"}],"wp:term":[{"taxonomy":"category","embeddable":true,"href":"https:\/\/www.europesays.com\/no\/wp-json\/wp\/v2\/categories?post=51524"},{"taxonomy":"post_tag","embeddable":true,"href":"https:\/\/www.europesays.com\/no\/wp-json\/wp\/v2\/tags?post=51524"}],"curies":[{"name":"wp","href":"https:\/\/api.w.org\/{rel}","templated":true}]}}