{"id":51642,"date":"2025-10-03T12:04:12","date_gmt":"2025-10-03T12:04:12","guid":{"rendered":"https:\/\/www.europesays.com\/no\/51642\/"},"modified":"2025-10-03T12:04:12","modified_gmt":"2025-10-03T12:04:12","slug":"terrorangrepet-i-manchester-et-av-ofrene-dode-av-skuddskader","status":"publish","type":"post","link":"https:\/\/www.europesays.com\/no\/51642\/","title":{"rendered":"Terrorangrepet i Manchester: Et av ofrene d\u00f8de av skuddskader"},"content":{"rendered":"\n<p class=\"_lead_1994c_2 _lead_xtcu6_50 layout-component text-serif-m layout-normal text-serif-l layout-component layout-wide layout-padded _wide_17hqh_1 layout-padded\">De eneste skuddene som ble avfyrt kom fra bev\u00e6pnede politibetjenter, skriver politiet i en pressemelding. <\/p>\n<p> <img class=\"_image_qp4xg_65 layout-component layout-wide\" data-fullscreen- data-track-element-type=\"Article image fullscreen\" data-track-name=\"ImageFullscreen\" fetchpriority=\"high\" decoding=\"sync\" loading=\"eager\" height=\"181\" itemprop=\"image\"  src=\"https:\/\/www.europesays.com\/no\/wp-content\/uploads\/2025\/10\/ddb493527059094feb74e389d74b61c0.jpg\"  style=\"object-position:50% 50%;aspect-ratio:1.75;height:auto;object-fit:cover;width:100%\" width=\"102\"\/>  <\/p>\n<ul aria-hidden=\"true\" class=\"_images_1y6fe_106\">\n<li><a class=\"_link_1y6fe_111\" href=\"https:\/\/www.vg.no\/forfatter\/marie-dreyer-bakken\" style=\"z-index:2\" title=\"Marie Dreyer Bakken\" rel=\"nofollow noopener\" target=\"_blank\"><img alt=\"Bilde av Marie Dreyer Bakken\" class=\"_image_1y6fe_88\" fetchpriority=\"low\" loading=\"lazy\" decoding=\"async\" itemprop=\"image\"  src=\"https:\/\/www.europesays.com\/no\/wp-content\/uploads\/2025\/10\/1759493049_902_a58fd05d-9a13-4704-bd0c-ffb8040bb859\"  width=\"480\"\/><\/a><\/li>\n<li><a class=\"_link_1y6fe_111\" href=\"https:\/\/www.vg.no\/forfatter\/bernhard-moe-nyquist\" style=\"z-index:1\" title=\"Bernhard Moe Nyquist\" rel=\"nofollow noopener\" target=\"_blank\"><img alt=\"Bilde av Bernhard Moe Nyquist\" class=\"_image_1y6fe_88\" fetchpriority=\"low\" loading=\"lazy\" decoding=\"async\" itemprop=\"image\"  src=\"https:\/\/www.europesays.com\/no\/wp-content\/uploads\/2025\/10\/1759493049_272_6365e445-83dd-4973-9da1-29fb6ae8c22d\"  width=\"480\"\/><\/a><\/li>\n<\/ul>\n<p> Oppdatert fredag 3. oktober kl. 12:47     <\/p>\n<p class=\"_paragraph_1994c_4 _paragraph_xtcu6_10 layout-component text-serif-m layout-normal text-serif-m layout-padded\">Den mistenkte gjerningspersonen var ikke i besittelse av skytev\u00e5pen, skriver de videre. <\/p>\n<p class=\"_paragraph_1994c_4 _paragraph_xtcu6_10 layout-component text-serif-m layout-normal text-serif-m layout-padded\">\u2013 Det antas for \u00f8yeblikket at den mistenkte, Jihad Al Shamie, ikke var i besittelse av skytev\u00e5pen, og at de eneste skuddene som ble avfyrt, kom fra bev\u00e6pnede politibetjenter i GMP, st\u00e5r det i pressemeldingen. <\/p>\n<p class=\"_paragraph_1994c_4 _paragraph_xtcu6_10 layout-component text-serif-m layout-normal text-serif-m layout-padded\">RettsmedisinerenRettsmedisinerenEn medisinsk ekspert som unders\u00f8ker d\u00f8ds\u00e5rsaker, spesielt i tilfeller av unaturlige d\u00f8dsfall. har forel\u00f8pig konkludert med at en av de avd\u00f8de ofrene ser ut til \u00e5 ha f\u00e5tt en skade som er forenlig med et skuddskade.<\/p>\n<p class=\"_paragraph_1994c_4 _paragraph_xtcu6_10 layout-component text-serif-m layout-normal text-serif-m layout-padded\"><strong class=\"_strong_1994c_25\">Ogs\u00e5 en av personene som ligger p\u00e5 sykehuset med skader har f\u00e5tt skuddskade. <\/strong><\/p>\n<p class=\"_paragraph_1994c_4 _paragraph_xtcu6_10 layout-component text-serif-m layout-normal text-serif-m layout-padded\">Det vil bli gjennomf\u00f8rt en mer fullstendig obduksjonobduksjonEn grundig medisinsk unders\u00f8kelse av en kropp etter d\u00f8den for \u00e5 fastsl\u00e5 d\u00f8ds\u00e5rsaken. senere fredag, if\u00f8lge politiet. <\/p>\n<p><img alt=\"Foto: Hannah McKay \/ Reuters \/ NTB\" class=\"_image_qp4xg_65 layout-component layout-normal\" data-fullscreen- data-track-element-type=\"Article image fullscreen\" data-track-name=\"ImageFullscreen\" decoding=\"async\" loading=\"lazy\" height=\"1468\" itemprop=\"image\"  src=\"https:\/\/www.europesays.com\/no\/wp-content\/uploads\/2025\/10\/e5cebf23-f94e-4275-8dc4-c73ffcda6dba\"  style=\"object-position:0% 0%\" width=\"2203\"\/>Foto: Hannah McKay \/ Reuters \/ NTB<\/p>\n<p class=\"_paragraph_1994c_4 _paragraph_xtcu6_10 layout-component text-serif-m layout-normal text-serif-m layout-padded\">Vedkommende er if\u00f8lge politiet ikke livstruende skadet. Politiet antar at de to personene som fikk skuddskader befant seg tett sammen, bak en d\u00f8r til synagogen. <\/p>\n<p class=\"_paragraph_1994c_4 _paragraph_xtcu6_10 layout-component text-serif-m layout-normal text-serif-m layout-padded\">Tjenestepersonene fra politiet fors\u00f8kte \u00e5 hindre gjerningspersonen i \u00e5 ta seg inn i synagogen og for\u00e5rsake ytterligere skade, forklarer de videre. <\/p>\n<p class=\"_paragraph_1994c_4 _paragraph_xtcu6_10 layout-component text-serif-m layout-normal text-serif-m layout-padded\">\u2013 Det betyr, med forbehold om videre rettsmedisinske unders\u00f8kelser, at denne skaden dessverre kan ha oppst\u00e5tt som en tragisk og uforutsett konsekvens av den n\u00f8dvendige innsatsen mine betjenter m\u00e5tte gj\u00f8re for \u00e5 stanse det brutale angrepet.<\/p>\n<p><img alt=\"Foto: Hannah McKay \/ Reuters \/ NTB\" class=\"_image_qp4xg_65 layout-component layout-normal\" data-fullscreen- data-track-element-type=\"Article image fullscreen\" data-track-name=\"ImageFullscreen\" decoding=\"async\" loading=\"lazy\" height=\"3673\" itemprop=\"image\"  src=\"https:\/\/www.europesays.com\/no\/wp-content\/uploads\/2025\/10\/c6b99f1d-cc7f-4193-8752-46929ad24c46\"  style=\"object-position:0% 0%\" width=\"5500\"\/>Foto: Hannah McKay \/ Reuters \/ NTB<\/p>\n<p class=\"_paragraph_1994c_4 _paragraph_xtcu6_10 layout-component text-serif-m layout-normal text-serif-m layout-padded\">To personer ble drept og fire alvorlig skadet etter et knivangrep utenfor en synagoge i <a href=\"https:\/\/www.vg.no\/tag\/manchester?utm_source=vg-article&amp;utm_medium=auto-tagger&amp;utm_campaign=OowLvA\" class=\"_link_1994c_39\" rel=\"nofollow noopener\" target=\"_blank\">Manchester<\/a> torsdag ettermiddag.<\/p>\n<p class=\"_paragraph_1994c_4 _paragraph_xtcu6_10 layout-component text-serif-m layout-normal text-serif-m layout-padded\">Politiet bekreftet tidligere torsdag ettermiddag at de\u00a0<a href=\"https:\/\/news.sky.com\/story\/synagogue-stabbing-latest-police-at-scene-of-reported-attack-in-manchester-13442674#10282018\" class=\"_link_1994c_39\" rel=\"nofollow noopener\" target=\"_blank\">anser angrepet som terror<\/a>.<\/p>\n<p class=\"_paragraph_1994c_4 _paragraph_xtcu6_10 layout-component text-serif-m layout-normal text-serif-m layout-padded\">Gjerningspersonen ble skutt og drept av politiet.<\/p>\n<p><img alt=\"Foto: ADAM VAUGHAN \/ EPA \/ NTB\" class=\"_image_qp4xg_65 layout-component layout-normal\" data-fullscreen- data-track-element-type=\"Article image fullscreen\" data-track-name=\"ImageFullscreen\" decoding=\"async\" loading=\"lazy\" height=\"3056\" itemprop=\"image\"  src=\"https:\/\/www.europesays.com\/no\/wp-content\/uploads\/2025\/10\/25ca9397-7583-42e1-8193-dbcb519c8a93\"  style=\"object-position:0% 0%\" width=\"4154\"\/>Foto: ADAM VAUGHAN \/ EPA \/ NTB<\/p>\n<p class=\"_paragraph_1994c_4 _paragraph_xtcu6_10 layout-component text-serif-m layout-normal text-serif-m layout-padded\">\u2013 V\u00e5re tanker og b\u00f8nner g\u00e5r til alle familiene og det bredere lokalsamfunnet som er ber\u00f8rt av denne hendelsen i hele Greater Manchester og utover, skriver politiet i oppdateringen fredag. <\/p>\n<p class=\"_paragraph_1994c_4 _paragraph_xtcu6_10 layout-component text-serif-m layout-normal text-serif-m layout-padded\"><strong class=\"_strong_1994c_25\">Politiet i Manchester har identifisert gjerningsmannen som 35 \u00e5r gamle Jihad al-Shamie, if\u00f8lge Reuters.<\/strong><\/p>\n<p class=\"_paragraph_1994c_4 _paragraph_xtcu6_10 layout-component text-serif-m layout-normal text-serif-m layout-padded\">Angrepet skjedde mens mange j\u00f8der var samlet i synagogen i forbindelse med jom kippurjom kippurEn viktig helligdag i j\u00f8dedommen, kjent som forsoningsdagen, hvor j\u00f8der faster og ber om tilgivelse., en av de viktigste helligdagene i j\u00f8dedommen.<\/p>\n<p>    <img decoding=\"async\" alt=\"Tips oss illustrasjon\" width=\"62px\" height=\"auto\" src=\"https:\/\/www.europesays.com\/no\/wp-content\/uploads\/2025\/08\/1754784428_95_W9avJzE.png\"\/>    <\/p>\n<p class=\"title-serif-s\">Har du tips til oss?<\/p>\n<p class=\"text-sans-m\">Send oss informasjon, bilder eller video<\/p>\n<p>  <a href=\"https:\/\/www.vg.no\/tips-oss\" rel=\"nofollow noopener\" target=\"_blank\"> Tips oss <\/a>      <\/p>\n","protected":false},"excerpt":{"rendered":"De eneste skuddene som ble avfyrt kom fra bev\u00e6pnede politibetjenter, skriver politiet i en pressemelding. Oppdatert fredag 3.&hellip;\n","protected":false},"author":2,"featured_media":51643,"comment_status":"","ping_status":"","sticky":false,"template":"","format":"standard","meta":{"footnotes":""},"categories":[12],"tags":[31,20,21,24,25,15,22,23,7832,13,30,28,29,14,16,254,26,27,42,43,44,45],"class_list":{"0":"post-51642","1":"post","2":"type-post","3":"status-publish","4":"format-standard","5":"has-post-thumbnail","7":"category-verden","8":"tag-breaking","9":"tag-breaking-news","10":"tag-breakingnews","11":"tag-featured-news","12":"tag-featurednews","13":"tag-headlines","14":"tag-latest-news","15":"tag-latestnews","16":"tag-manchester","17":"tag-news","18":"tag-no","19":"tag-norge","20":"tag-norway","21":"tag-nyheter","22":"tag-overskrifter","23":"tag-politi","24":"tag-top-stories","25":"tag-topstories","26":"tag-verden","27":"tag-world","28":"tag-world-news","29":"tag-worldnews"},"share_on_mastodon":{"url":"","error":""},"_links":{"self":[{"href":"https:\/\/www.europesays.com\/no\/wp-json\/wp\/v2\/posts\/51642","targetHints":{"allow":["GET"]}}],"collection":[{"href":"https:\/\/www.europesays.com\/no\/wp-json\/wp\/v2\/posts"}],"about":[{"href":"https:\/\/www.europesays.com\/no\/wp-json\/wp\/v2\/types\/post"}],"author":[{"embeddable":true,"href":"https:\/\/www.europesays.com\/no\/wp-json\/wp\/v2\/users\/2"}],"replies":[{"embeddable":true,"href":"https:\/\/www.europesays.com\/no\/wp-json\/wp\/v2\/comments?post=51642"}],"version-history":[{"count":0,"href":"https:\/\/www.europesays.com\/no\/wp-json\/wp\/v2\/posts\/51642\/revisions"}],"wp:featuredmedia":[{"embeddable":true,"href":"https:\/\/www.europesays.com\/no\/wp-json\/wp\/v2\/media\/51643"}],"wp:attachment":[{"href":"https:\/\/www.europesays.com\/no\/wp-json\/wp\/v2\/media?parent=51642"}],"wp:term":[{"taxonomy":"category","embeddable":true,"href":"https:\/\/www.europesays.com\/no\/wp-json\/wp\/v2\/categories?post=51642"},{"taxonomy":"post_tag","embeddable":true,"href":"https:\/\/www.europesays.com\/no\/wp-json\/wp\/v2\/tags?post=51642"}],"curies":[{"name":"wp","href":"https:\/\/api.w.org\/{rel}","templated":true}]}}