{"id":51714,"date":"2025-10-03T13:23:12","date_gmt":"2025-10-03T13:23:12","guid":{"rendered":"https:\/\/www.europesays.com\/no\/51714\/"},"modified":"2025-10-03T13:23:12","modified_gmt":"2025-10-03T13:23:12","slug":"norgespris-stromstotte-kraftanalytiker-sa-mye-brukte-staten-pa-forste-dag-med-norgespris","status":"publish","type":"post","link":"https:\/\/www.europesays.com\/no\/51714\/","title":{"rendered":"Norgespris, Str\u00f8mst\u00f8tte | Kraftanalytiker: S\u00e5 mye brukte staten p\u00e5 f\u00f8rste dag med norgespris"},"content":{"rendered":"\n<p>26 prosent av husholdningene og 39 prosent av fritidsboligene i Norge hadde norgespris da str\u00f8mst\u00f8tteordningen tr\u00e5dte i kraft 1. oktober.<\/p>\n<p>Norgespris gir deg en fastpris p\u00e5 str\u00f8m p\u00e5 50 \u00f8re per kWh inkludert moms til staten, og vil i f\u00f8rste omgang v\u00e6re bindende ut 2026.<\/p>\n<p>Kraftanalytiker Tor Reier Lilleholt i Volue mener staten brukte 14 millioner i st\u00f8tte den f\u00f8rste dagen norgespris var gjeldende. Men allerede til helgen vil staten tjene inn noen av disse.<\/p>\n<p>\u2013 De neste dagene vil nok de som bor i S\u00f8r-Norge m\u00e5tte betale tilbake. I hvert fall p\u00e5 l\u00f8rdagen. Da blir det d\u00e5rlig v\u00e6r, noe som gir lavere priser. Tidvis vil nok prisene v\u00e6re under 10 \u00f8re, spesielt p\u00e5 S\u00f8rlandet.<\/p>\n<p>  <a href=\"https:\/\/www.nationen.no\/5-148-793977\" class=\"related-teaser has-image default-story-teaser article--c-eRUmMG article--c-eRUmMG-jKCPdD-design-default\" rel=\"nofollow noopener\" target=\"_blank\"><\/p>\n<p>    <img decoding=\"async\" loading=\"lazy\"  src=\"https:\/\/www.europesays.com\/no\/wp-content\/uploads\/2025\/10\/cueres_scp-mangler_navn_WCzpPwUs350.jpg\" alt=\"\" class=\"brick-c-cFOWSL\" style=\"\"\/><\/p>\n<p>\n            Les ogs\u00e5<\/p>\n<p>              Unders\u00f8kelse viser full norgespris-forvirring: \u2013 Som vi har fryktet\n        <\/p>\n<p>  <\/a><br \/>\n  S\u00e5 mange har bestilt<\/p>\n<p>Slik er bestillingene av norgespris s\u00e5 langt:<\/p>\n<p>Antall husholdninger med norgespris per prisomr\u00e5de per 01.10Antall fritidsboliger med norgespris per 01.10<\/p>\n<p>Lilleholt er litt overrasket over tallene.<\/p>\n<p>\u2013 B\u00e5de og. Det er ingen tvil om at det gunstig \u00e5 gj\u00f8re det. Og s\u00e5 er det noen som bruker argumentet med at de har blitt lurt av str\u00f8mselskaper f\u00f8r. Jeg forst\u00e5r mange er skeptiske, selv om det ikke er noen grunn til \u00e5 v\u00e6re det.<\/p>\n<p>  <a href=\"https:\/\/www.nationen.no\/5-148-793117\" class=\"related-teaser has-image default-opinion-teaser article--c-eRUmMG article--c-eRUmMG-jKCPdD-design-default\" rel=\"nofollow noopener\" target=\"_blank\"><\/p>\n<p>    <img decoding=\"async\" loading=\"lazy\"  src=\"https:\/\/www.europesays.com\/no\/wp-content\/uploads\/2025\/09\/8582d339-0c48-4b4d-a3b3-06ee3184f3db.jfif\" alt=\"\" class=\"brick-c-cFOWSL\" style=\"\"\/><\/p>\n<p>\n            Les ogs\u00e5<\/p>\n<p>              Forsikring koster. Unntatt i Norge.\n        <\/p>\n<p>  <\/a><br \/>\n  Angrerett<\/p>\n<p>456 husstander og 532 fritidsboliger i Midt-Norge, alts\u00e5 str\u00f8momr\u00e5de NO3, hadde norgespris 1. oktober. Disse b\u00f8r utnytte seg av angreretten som gjelder fram til 15. oktober, mener Lilleholt.<\/p>\n<p>\u2013 Jeg ville faktisk ha sagt det, for det vil v\u00e6re lave priser de neste dagene. Men det er bare snakk om kroner, s\u00e5 det er ikke de dramatiske kostnadene.<\/p>\n<p>Han tror det derimot vil kunne l\u00f8nne seg ogs\u00e5 i Midt-Norge n\u00e6rmere vinteren.<\/p>\n<p>\u2013 De er litt tidlig ute, for de prisene vi ser i markedet er ikke i n\u00e6rheten av norgespris. Det kan godt v\u00e6re en god deal p\u00e5 sikt, men man b\u00f8r vente til prisene har steget. Ser vi p\u00e5 prisene en uke til vil de ligge veldig lavt, med mye nedb\u00f8r og vind. Men for dem som ikke f\u00f8lger med vet man ikke n\u00e5r timingen er riktig. N\u00e6rmere vinteren vil vi nok v\u00e6re i n\u00e6rheten av norgespris. Men jeg ville avventa til prisene har steget.<\/p>\n<p>Analyser viser ogs\u00e5 at ordningen har mulighet for \u00e5 l\u00f8nne seg i Nord-Norge. Men ogs\u00e5 her b\u00f8r man avvente til prisene eventuelt blir h\u00f8ye.<\/p>\n<p>Tror p\u00e5 for h\u00f8ye tall<\/p>\n<p>Lilleholt tror at b\u00e5de analyseselskaper og staten har overvurdert hvor mange som vil velge norgespris.<\/p>\n<p>\u2013 For det er mange som ikke er digitale. Og her m\u00e5 man inn \u00e5 velge noe, og det er det mange som ikke bryr seg om eller kommer til \u00e5 gj\u00f8re. Samtidig tror jeg det vil \u00f8ke inn mot vinteren, og at vi vil komme mot niv\u00e5et forventet p\u00e5 forh\u00e5nd, med 60\u201370 prosent av husholdningene i S\u00f8r-Norge.<\/p>\n<p>Han deler derimot ikke overraskelsen over at s\u00e5 mange bestille norgespris den f\u00f8rste uken.<\/p>\n<p>\u2013 Men jeg h\u00e5per man har v\u00e6rt tydelig ut i markedet om \u00e5 r\u00e5de folk til \u00e5 bestille.<\/p>\n<p>  <a href=\"https:\/\/www.nationen.no\/5-148-793801\" class=\"related-teaser has-image default-story-teaser article--c-eRUmMG article--c-eRUmMG-jKCPdD-design-default\" rel=\"nofollow noopener\" target=\"_blank\"><\/p>\n<p>    <img decoding=\"async\" loading=\"lazy\"  src=\"https:\/\/www.europesays.com\/no\/wp-content\/uploads\/2025\/09\/5_148_16382+mVlCYwst4Nw+++Auj0znoiU1CNXsFUfij_ts_Ssao.jpg\" alt=\"\" class=\"brick-c-cFOWSL\" style=\"\"\/><\/p>\n<p>\n            Les ogs\u00e5<\/p>\n<p>              Norgespris: Dette gjelder for landbruket\n        <\/p>\n<p>  <\/a><\/p>\n","protected":false},"excerpt":{"rendered":"26 prosent av husholdningene og 39 prosent av fritidsboligene i Norge hadde norgespris da str\u00f8mst\u00f8tteordningen tr\u00e5dte i kraft&hellip;\n","protected":false},"author":2,"featured_media":51715,"comment_status":"","ping_status":"","sticky":false,"template":"","format":"standard","meta":{"footnotes":""},"categories":[5],"tags":[36,20,21,24,25,15,19,22,23,17,18,13,30,28,3333,29,14,16,1510,243,1490,1500,26,27],"class_list":{"0":"post-51714","1":"post","2":"type-post","3":"status-publish","4":"format-standard","5":"has-post-thumbnail","7":"category-overskrifter","8":"tag-art","9":"tag-breaking-news","10":"tag-breakingnews","11":"tag-featured-news","12":"tag-featurednews","13":"tag-headlines","14":"tag-hovedoppslag","15":"tag-latest-news","16":"tag-latestnews","17":"tag-main-news","18":"tag-mainnews","19":"tag-news","20":"tag-no","21":"tag-norge","22":"tag-norgespris","23":"tag-norway","24":"tag-nyheter","25":"tag-overskrifter","26":"tag-story","27":"tag-strom","28":"tag-strompris","29":"tag-stromstotte","30":"tag-top-stories","31":"tag-topstories"},"share_on_mastodon":{"url":"","error":""},"_links":{"self":[{"href":"https:\/\/www.europesays.com\/no\/wp-json\/wp\/v2\/posts\/51714","targetHints":{"allow":["GET"]}}],"collection":[{"href":"https:\/\/www.europesays.com\/no\/wp-json\/wp\/v2\/posts"}],"about":[{"href":"https:\/\/www.europesays.com\/no\/wp-json\/wp\/v2\/types\/post"}],"author":[{"embeddable":true,"href":"https:\/\/www.europesays.com\/no\/wp-json\/wp\/v2\/users\/2"}],"replies":[{"embeddable":true,"href":"https:\/\/www.europesays.com\/no\/wp-json\/wp\/v2\/comments?post=51714"}],"version-history":[{"count":0,"href":"https:\/\/www.europesays.com\/no\/wp-json\/wp\/v2\/posts\/51714\/revisions"}],"wp:featuredmedia":[{"embeddable":true,"href":"https:\/\/www.europesays.com\/no\/wp-json\/wp\/v2\/media\/51715"}],"wp:attachment":[{"href":"https:\/\/www.europesays.com\/no\/wp-json\/wp\/v2\/media?parent=51714"}],"wp:term":[{"taxonomy":"category","embeddable":true,"href":"https:\/\/www.europesays.com\/no\/wp-json\/wp\/v2\/categories?post=51714"},{"taxonomy":"post_tag","embeddable":true,"href":"https:\/\/www.europesays.com\/no\/wp-json\/wp\/v2\/tags?post=51714"}],"curies":[{"name":"wp","href":"https:\/\/api.w.org\/{rel}","templated":true}]}}