{"id":51716,"date":"2025-10-03T13:24:09","date_gmt":"2025-10-03T13:24:09","guid":{"rendered":"https:\/\/www.europesays.com\/no\/51716\/"},"modified":"2025-10-03T13:24:09","modified_gmt":"2025-10-03T13:24:09","slug":"meninger-welhaven-om-idretten-det-fineste-jeg-vet","status":"publish","type":"post","link":"https:\/\/www.europesays.com\/no\/51716\/","title":{"rendered":"Meninger: Welhaven om idretten: Det fineste jeg vet"},"content":{"rendered":"\n<p class=\"_lead_1994c_2 _lead_xtcu6_50 layout-component text-serif-m layout-normal text-serif-l layout-component layout-normal layout-padded layout-padded\">Idrett er for vakkert til \u00e5 bli styrt svakt. I Norge er det tatt syvmilssteg.<\/p>\n<p>Kommentator i VG. Skriver mest om sport og idrettspolitikk, men ogs\u00e5 om diverse andre temaer.<\/p>\n<p><a href=\"https:\/\/www.vg.no\/sport\/i\/EyO0v2\/mailto:leif.welhaven@vg.no\" class=\"_button_6bkpv_2 button-label-large _filled_6bkpv_106 _button_43ilh_75\" rel=\"nofollow noopener\" target=\"_blank\">E-post<\/a><img alt=\"Oslo maraton samlet store folkemengder.\" class=\"_image_qp4xg_65 layout-component layout-wide\" data-fullscreen- data-track-element-type=\"Article image fullscreen\" data-track-name=\"ImageFullscreen\" fetchpriority=\"high\" decoding=\"sync\" loading=\"eager\" height=\"2819\" itemprop=\"image\"  src=\"https:\/\/www.europesays.com\/no\/wp-content\/uploads\/2025\/10\/0cbfdcfb-ea28-4253-a123-da9baec65406\"  style=\"object-position:0% 0%\" width=\"4229\"\/> Foto: Terje Bendiksby \/ NTBFredag 3. oktober kl. 14:51     <\/p>\n<p class=\"_paragraph_1994c_4 _paragraph_xtcu6_10 layout-component text-serif-m layout-normal text-serif-m layout-padded\">Om ikke mange m\u00e5neder skal Norge forsyne seg grovt av medaljene i nok et vinter-OL. Deretter kommer trolig milep\u00e6len vi har ventet (u)t\u00e5lmodig p\u00e5 i 25 \u00e5r: At det norske herrelandslaget i fotball skal delta i et mesterskap igjen.<\/p>\n<p class=\"_paragraph_1994c_4 _paragraph_xtcu6_10 layout-component text-serif-m layout-normal text-serif-m layout-padded\"><strong class=\"_strong_1994c_25\">Begge arrangementene blir tydelige eksempler p\u00e5 en av idrettens viktigste funksjoner, \u00e5 v\u00e6re et leirb\u00e5l for oppmerksomhet.\u00a0<\/strong><\/p>\n<p class=\"_paragraph_1994c_4 _paragraph_xtcu6_10 layout-component text-serif-m layout-normal text-serif-m layout-padded\">Vi kan v\u00e6re s\u00e5 forskjellige vi bare vil ellers i livet. Stilt overfor de virkelig store sportsanledningene, f\u00e5r vi noe felles \u00e5 snakke om. Idrett f\u00e5r frem f\u00f8lelser hos et kj\u00f8lig folkeslag, om det er vill jubel eller bunnl\u00f8s frustrasjon.<\/p>\n<p><img alt=\"Erling Braut Haaland og Norge n\u00e6rmer seg VM-billett.\" class=\"_image_qp4xg_65 layout-component layout-normal\" data-fullscreen- data-track-element-type=\"Article image fullscreen\" data-track-name=\"ImageFullscreen\" decoding=\"async\" loading=\"lazy\" height=\"3121\" itemprop=\"image\"  src=\"https:\/\/www.europesays.com\/no\/wp-content\/uploads\/2025\/10\/bb0a44aa-351a-48f1-b3c9-00eb4977bc8e\"  style=\"object-position:0% 0%\" width=\"4682\"\/>Foto: MARIUS SIMENSEN \/ Bildbyr\u00e5n<\/p>\n<p class=\"_paragraph_1994c_4 _paragraph_xtcu6_10 layout-component text-serif-m layout-normal text-serif-m layout-padded\">Jeg har aldri snakket med s\u00e5 mange fremmede som i den spontane folkestr\u00f8mmen mot Oslo sentrum, etter at Kjetil Rekdal hadde satt straffen mot Brasil.\u00a0<\/p>\n<p class=\"_paragraph_1994c_4 _paragraph_xtcu6_10 layout-component text-serif-m layout-normal text-serif-m layout-padded\">Men selv om toppidretten er aldri s\u00e5 viktig, er idrettens viktigste verdi rollen den spiller i samfunnet v\u00e5rt. Idrett fungerer som et lim. For barn og for bredde, for fellesskap og samling.<\/p>\n<p class=\"_paragraph_1994c_4 _paragraph_xtcu6_10 layout-component text-serif-m layout-normal text-serif-m layout-padded\"><strong class=\"_strong_1994c_25\">Det er ikke f\u00e5 varige vennskap som er blitt innledet i en garderobe, p\u00e5 en hustrig bane eller p\u00e5 vei til eller fra en bortekamp.<\/strong><\/p>\n<p class=\"_paragraph_1994c_4 _paragraph_xtcu6_10 layout-component text-serif-m layout-normal text-serif-m layout-padded\">Ogs\u00e5 som inkluderingsarena har idretten en helt spesiell funksjon. N\u00e5r man kommer sammen ut p\u00e5 en arena, blir du lagkamerater uavhengig av status i samfunnet ellers. Fortsatt er det mye som kan gj\u00f8res for \u00e5 favne enda flere, men ingen andre felt i samfunnet klarer \u00e5 f\u00e5 med s\u00e5 mange.<\/p>\n<p class=\"_paragraph_1994c_4 _paragraph_xtcu6_10 layout-component text-serif-m layout-normal text-serif-m layout-padded\">Legger vi til hvilken verdi fysisk fostring har for fysisk og psykisk helse, blir det enda tydeligere hva idrett har \u00e5 si for \u00e5 utvikle seg som menneske.<\/p>\n<p><img alt=\"Johannes H\u00f8sflot Kl\u00e6bo er det st\u00f8rste norske trekkplasteret i vinterens OL. \" class=\"_image_qp4xg_65 layout-component layout-normal\" data-fullscreen- data-track-element-type=\"Article image fullscreen\" data-track-name=\"ImageFullscreen\" decoding=\"async\" loading=\"lazy\" height=\"3816\" itemprop=\"image\"  src=\"https:\/\/www.europesays.com\/no\/wp-content\/uploads\/2025\/10\/a9fa83e1-dc8d-4b05-9213-a3d73eee0563\"  style=\"object-position:0% 0%\" width=\"5794\"\/>Foto: Mattis Sandblad \/ VG<\/p>\n<p class=\"_paragraph_1994c_4 _paragraph_xtcu6_10 layout-component text-serif-m layout-normal text-serif-m layout-padded\">N\u00e5r du forvalter noe s\u00e5 verdifullt, blir ansvaret ekstra tyngende p\u00e5 personene p\u00e5 toppen av pyramiden. Her har vi dessverre sett altfor mange eksempler p\u00e5 svakt styresett internasjonalt. Den ene problematiske saken har avl\u00f8st den andre i mange av de internasjonale forbundene. Fortsatt preges topppen av altfor mange eldre herrer med d\u00e5rlig skjulte egeninteresser.<\/p>\n<p class=\"_paragraph_1994c_4 _paragraph_xtcu6_10 layout-component text-serif-m layout-normal text-serif-m layout-padded\">I Norge har det alltid v\u00e6rt st\u00f8rre grunn til \u00e5 snakke om et idrettsdemokrati. Men her til lands har det siste ti\u00e5ret v\u00e6rt en reise i retning av en sunnere kultur.<\/p>\n<p class=\"_paragraph_1994c_4 _paragraph_xtcu6_10 layout-component text-serif-m layout-normal text-serif-m layout-padded\"> \u00c5penhetsdebatten forandret mye av synet ogs\u00e5 p\u00e5 innsiden av idretten, om hvordan en organisasjon som denne m\u00e5 forholde seg til omverdenen. Noe som er s\u00e5 felles som idretten, kan ikke lukke seg inne.<\/p>\n<p><img alt=\"Fotballen er arena for \u00e5 bygge vennskap.\" class=\"_image_qp4xg_65 layout-component layout-normal\" data-fullscreen- data-track-element-type=\"Article image fullscreen\" data-track-name=\"ImageFullscreen\" decoding=\"async\" loading=\"lazy\" height=\"3437\" itemprop=\"image\"  src=\"https:\/\/www.europesays.com\/no\/wp-content\/uploads\/2025\/10\/08f29827-b0f4-4681-a66a-0758fcecfe6c\"  style=\"object-position:0% 0%\" width=\"5156\"\/>Foto: \u00d8rn E. Borgen \/ NTB<\/p>\n<p class=\"_paragraph_1994c_4 _paragraph_xtcu6_10 layout-component text-serif-m layout-normal text-serif-m layout-padded\">Gjennom etableringen av Nasjonal idrettspolitisk arena (NIPA) har vi f\u00e5tt et sted \u00e5 bryte meninger, i et milj\u00f8 som for lenge var opptatt av \u00e5 s\u00f8ke enighet for enighetens skyld. Vi har beveget oss fra en nesten ren mannsbastion, til en organisasjon med kvinnelig idrettspresident og kvinner p\u00e5 toppen av flere av de st\u00f8rste s\u00e6rforbundene. Randi Gustad i h\u00e5ndballen er det ferskeste eksempelet. Og Gustad har det til felles med presidentkollegene sine, at hun slett ikke er kvotert inn. Her ligger kompetansen i bunnen, mens bedre kj\u00f8nnsbalanse er en bonus.<\/p>\n<p class=\"_paragraph_1994c_4 _paragraph_xtcu6_10 layout-component text-serif-m layout-normal text-serif-m layout-padded\">I en organisasjon som denne vil det ogs\u00e5 alltid v\u00e6re utfordringer. Ogs\u00e5 her har idretten blitt flinkere til \u00e5 snakke om de vanskelige tingene. Bedre systemer for politiattester, varslingskanaler og et ordentlig system for \u00e5 forf\u00f8lge overtramp, er noe av det som har styrket bevegelsen. Det er jo ikke farlig \u00e5 v\u00e6re klare p\u00e5 det som er vanskelig.\u00a0<\/p>\n<p class=\"_paragraph_1994c_4 _paragraph_xtcu6_10 layout-component text-serif-m layout-normal text-serif-m layout-padded\">Fortsatt vil det v\u00e6re viktig \u00e5 ha mye r\u00e5derett i eget reir. Men med dagens ledelse er forst\u00e5elsen av forholdet til verden rundt seg mye bedre enn den har v\u00e6rt.<\/p>\n<p class=\"_paragraph_1994c_4 _paragraph_xtcu6_10 layout-component text-serif-m layout-normal text-serif-m layout-padded\">Mye er usikkert rundt fremtiden i en urolig verden, og vi vil sikkert f\u00e5 forandringer fremover ogs\u00e5 p\u00e5 idrettens banehalvdel. Men \u00e9n ting er sikkert.<\/p>\n<p class=\"_paragraph_1994c_4 _paragraph_xtcu6_10 layout-component text-serif-m layout-normal text-serif-m layout-padded\"><strong class=\"_strong_1994c_25\">Behovet for noe som samler oss blir aldri borte.<\/strong><\/p>\n<p>   Dette er en kommentar. Kommentaren gir uttrykk for skribentens holdning. <\/p>\n","protected":false},"excerpt":{"rendered":"Idrett er for vakkert til \u00e5 bli styrt svakt. I Norge er det tatt syvmilssteg. Kommentator i VG.&hellip;\n","protected":false},"author":2,"featured_media":51717,"comment_status":"","ping_status":"","sticky":false,"template":"","format":"standard","meta":{"footnotes":""},"categories":[59],"tags":[2211,30,28,29,83,82,103],"class_list":{"0":"post-51716","1":"post","2":"type-post","3":"status-publish","4":"format-standard","5":"has-post-thumbnail","7":"category-sport","8":"tag-idrett","9":"tag-no","10":"tag-norge","11":"tag-norway","12":"tag-sport","13":"tag-sports","14":"tag-vgmeninger"},"share_on_mastodon":{"url":"","error":""},"_links":{"self":[{"href":"https:\/\/www.europesays.com\/no\/wp-json\/wp\/v2\/posts\/51716","targetHints":{"allow":["GET"]}}],"collection":[{"href":"https:\/\/www.europesays.com\/no\/wp-json\/wp\/v2\/posts"}],"about":[{"href":"https:\/\/www.europesays.com\/no\/wp-json\/wp\/v2\/types\/post"}],"author":[{"embeddable":true,"href":"https:\/\/www.europesays.com\/no\/wp-json\/wp\/v2\/users\/2"}],"replies":[{"embeddable":true,"href":"https:\/\/www.europesays.com\/no\/wp-json\/wp\/v2\/comments?post=51716"}],"version-history":[{"count":0,"href":"https:\/\/www.europesays.com\/no\/wp-json\/wp\/v2\/posts\/51716\/revisions"}],"wp:featuredmedia":[{"embeddable":true,"href":"https:\/\/www.europesays.com\/no\/wp-json\/wp\/v2\/media\/51717"}],"wp:attachment":[{"href":"https:\/\/www.europesays.com\/no\/wp-json\/wp\/v2\/media?parent=51716"}],"wp:term":[{"taxonomy":"category","embeddable":true,"href":"https:\/\/www.europesays.com\/no\/wp-json\/wp\/v2\/categories?post=51716"},{"taxonomy":"post_tag","embeddable":true,"href":"https:\/\/www.europesays.com\/no\/wp-json\/wp\/v2\/tags?post=51716"}],"curies":[{"name":"wp","href":"https:\/\/api.w.org\/{rel}","templated":true}]}}