{"id":51719,"date":"2025-10-03T13:30:12","date_gmt":"2025-10-03T13:30:12","guid":{"rendered":"https:\/\/www.europesays.com\/no\/51719\/"},"modified":"2025-10-03T13:30:12","modified_gmt":"2025-10-03T13:30:12","slug":"nyhet-krim-ny-person-pagrepet-etter-skytingen-i-sarpsborg","status":"publish","type":"post","link":"https:\/\/www.europesays.com\/no\/51719\/","title":{"rendered":"Nyhet, Krim | Ny person p\u00e5grepet etter skytingen i Sarpsborg"},"content":{"rendered":"\n<p>Vedkommende skal ha blitt p\u00e5grepet torsdag.<\/p>\n<p>Politiet setter personen i sammenheng med skytingen i Sarpsborg og granatangrepet i Oslo.<\/p>\n<p>\u2013 Siktelsen gjelder grov ulovlig befatning med eksplosiver, sier politiadvokat Ole Kristian Holtsmark til VG som omtalte p\u00e5gripelsen f\u00f8rst.<\/p>\n<p>Han bekrefter videre overfor avisen at p\u00e5gripelsen er i tilknytning voldsoppdraget i Sarpsborg.<\/p>\n<p>Personen som n\u00e5 er siktet i saken er mistenkt for \u00e5 ha bidratt til overleveringen av granatene som skulle brukes i et avverget sprengningsoppdrag her i byen.<\/p>\n<p>Tre unge gutter p\u00e5 12, 13 og 14 \u00e5r ble p\u00e5grepet kort tid etter skytingen i Sarpsborg. Senere ble ogs\u00e5 en gutt p\u00e5 15 \u00e5r p\u00e5grepet. Han er senere l\u00f8slatt.<\/p>\n<p>26. september ble ogs\u00e5 en mann i 30-\u00e5rene p\u00e5grepet i Sarpsborg. Han hadde da to h\u00e5ndgranater p\u00e5 seg.<\/p>\n<p>  <a href=\"https:\/\/www.sa.no\/5-46-1892721\" class=\"related-teaser has-image default-story-teaser article--c-eRUmMG article--c-eRUmMG-jKCPdD-design-default\" wp_automatic_readability=\"1\" rel=\"nofollow noopener\" target=\"_blank\"><\/p>\n<p>    For abonnenter<\/p>\n<p>    <img decoding=\"async\" loading=\"lazy\"  src=\"https:\/\/www.europesays.com\/no\/wp-content\/uploads\/2025\/10\/1759498209_848_20251001-VM_L4376-Enhanced-NR.jpg\" alt=\"\" class=\"brick-c-cFOWSL\" style=\"\"\/><\/p>\n<p>\n            Les ogs\u00e5<\/p>\n<p>  Skyting mot bolig knyttes til mulig milliongjeld<\/p>\n<p>  <\/a><\/p>\n<p>  <a href=\"https:\/\/www.sa.no\/5-46-1892368\" class=\"related-teaser has-image default-story-teaser article--c-eRUmMG article--c-eRUmMG-jKCPdD-design-default\" wp_automatic_readability=\"1.5\" rel=\"nofollow noopener\" target=\"_blank\"><\/p>\n<p>    For abonnenter<\/p>\n<p>    <img decoding=\"async\" loading=\"lazy\"  src=\"https:\/\/www.europesays.com\/no\/wp-content\/uploads\/2025\/10\/1759421532_549_983fac18-82f6-44e5-9b34-6dc8cb352129.jpeg\" alt=\"\" class=\"brick-c-cFOWSL\" style=\"\"\/><\/p>\n<p>\n            Les ogs\u00e5<\/p>\n<p>  M\u00e5let for skytingen avviser bestemt \u00e5 v\u00e6re del av en konflikt mellom kriminelle nettverk<\/p>\n<p>  <\/a><\/p>\n<p>  <a href=\"https:\/\/www.sa.no\/5-46-1892510\" class=\"related-teaser has-image default-story-teaser article--c-eRUmMG article--c-eRUmMG-jKCPdD-design-default\" wp_automatic_readability=\"1\" rel=\"nofollow noopener\" target=\"_blank\"><\/p>\n<p>    <img decoding=\"async\" loading=\"lazy\"  src=\"https:\/\/www.europesays.com\/no\/wp-content\/uploads\/2025\/10\/20251001-VM_L4390.jpg\" alt=\"\" class=\"brick-c-cFOWSL\" style=\"\"\/><\/p>\n<p>\n            Les ogs\u00e5<\/p>\n<p>  Siktet 15-\u00e5ring l\u00f8slatt etter Sarpsborg-skyting<\/p>\n<p>  <\/a><\/p>\n<p>  <a href=\"https:\/\/www.sa.no\/5-46-1891913\" class=\"related-teaser has-image default-story-teaser article--c-eRUmMG article--c-eRUmMG-jKCPdD-design-default\" wp_automatic_readability=\"1\" rel=\"nofollow noopener\" target=\"_blank\"><\/p>\n<p>    <img decoding=\"async\" loading=\"lazy\"  src=\"https:\/\/www.europesays.com\/no\/wp-content\/uploads\/2025\/10\/1759498212_346_55402eea-d866-4fa3-80af-1c4b0abd405a.jpeg\" alt=\"\" class=\"brick-c-cFOWSL\" style=\"\"\/><\/p>\n<p>\n            Les ogs\u00e5<\/p>\n<p>  Fire gutter innbrakt etter skyteepisode i Sarpsborg \u2013 kobles til granatsaken i Oslo<\/p>\n<p>  <\/a><\/p>\n","protected":false},"excerpt":{"rendered":"Vedkommende skal ha blitt p\u00e5grepet torsdag. Politiet setter personen i sammenheng med skytingen i Sarpsborg og granatangrepet i&hellip;\n","protected":false},"author":2,"featured_media":2136,"comment_status":"","ping_status":"","sticky":false,"template":"","format":"standard","meta":{"footnotes":""},"categories":[5],"tags":[36,20,21,24,25,15,19,983,3881,22,23,17,18,13,30,28,29,447,14,16,254,1510,26,27],"class_list":{"0":"post-51719","1":"post","2":"type-post","3":"status-publish","4":"format-standard","5":"has-post-thumbnail","7":"category-overskrifter","8":"tag-art","9":"tag-breaking-news","10":"tag-breakingnews","11":"tag-featured-news","12":"tag-featurednews","13":"tag-headlines","14":"tag-hovedoppslag","15":"tag-krim","16":"tag-kriminelle-nettverk","17":"tag-latest-news","18":"tag-latestnews","19":"tag-main-news","20":"tag-mainnews","21":"tag-news","22":"tag-no","23":"tag-norge","24":"tag-norway","25":"tag-nyhet","26":"tag-nyheter","27":"tag-overskrifter","28":"tag-politi","29":"tag-story","30":"tag-top-stories","31":"tag-topstories"},"share_on_mastodon":{"url":"","error":""},"_links":{"self":[{"href":"https:\/\/www.europesays.com\/no\/wp-json\/wp\/v2\/posts\/51719","targetHints":{"allow":["GET"]}}],"collection":[{"href":"https:\/\/www.europesays.com\/no\/wp-json\/wp\/v2\/posts"}],"about":[{"href":"https:\/\/www.europesays.com\/no\/wp-json\/wp\/v2\/types\/post"}],"author":[{"embeddable":true,"href":"https:\/\/www.europesays.com\/no\/wp-json\/wp\/v2\/users\/2"}],"replies":[{"embeddable":true,"href":"https:\/\/www.europesays.com\/no\/wp-json\/wp\/v2\/comments?post=51719"}],"version-history":[{"count":0,"href":"https:\/\/www.europesays.com\/no\/wp-json\/wp\/v2\/posts\/51719\/revisions"}],"wp:featuredmedia":[{"embeddable":true,"href":"https:\/\/www.europesays.com\/no\/wp-json\/wp\/v2\/media\/2136"}],"wp:attachment":[{"href":"https:\/\/www.europesays.com\/no\/wp-json\/wp\/v2\/media?parent=51719"}],"wp:term":[{"taxonomy":"category","embeddable":true,"href":"https:\/\/www.europesays.com\/no\/wp-json\/wp\/v2\/categories?post=51719"},{"taxonomy":"post_tag","embeddable":true,"href":"https:\/\/www.europesays.com\/no\/wp-json\/wp\/v2\/tags?post=51719"}],"curies":[{"name":"wp","href":"https:\/\/api.w.org\/{rel}","templated":true}]}}