{"id":51724,"date":"2025-10-03T13:37:10","date_gmt":"2025-10-03T13:37:10","guid":{"rendered":"https:\/\/www.europesays.com\/no\/51724\/"},"modified":"2025-10-03T13:37:10","modified_gmt":"2025-10-03T13:37:10","slug":"nrk-bekrefter-ny-sesong-av-ville-fristelser-etter-seersuksess","status":"publish","type":"post","link":"https:\/\/www.europesays.com\/no\/51724\/","title":{"rendered":"NRK bekrefter ny sesong av \u00abVille fristelser\u00bb etter seersuksess"},"content":{"rendered":"<p class=\"kicker \" style=\"\">\u00abVille fristelser\u00bb:\u00a0<\/p>\n<p>  Kanskje det er du som blir fristet i neste sesong?<\/p>\n<p>\n    NYTT KONSEPT: Jungel-programmet ledes av Nate Kahungu. Foto: Monster\/NRK.\n  <\/p>\n<p> Flere har omtalt realityserien \u00abVille fristelser\u00bb som pinlig og flaut, og <a href=\"https:\/\/www.seher.no\/kjendis\/hardt-ut-mot-nrk\/83668457\" rel=\"nofollow noopener\" target=\"_blank\">stilt sp\u00f8rsm\u00e5l ved at NRK sender den<\/a>.<\/p>\n<p>    <a itemprop=\"url\" href=\"https:\/\/www.seher.no\/kjendis\/hardt-ut-mot-nrk\/83668457\" rel=\"nofollow noopener\" target=\"_blank\"><\/p>\n<p>      <img loading=\"lazy\" decoding=\"async\" src=\"https:\/\/www.europesays.com\/no\/wp-content\/uploads\/2025\/10\/83668252.webp\" width=\"980\" height=\"441\" title=\"Hardt ut mot NRK\" alt=\"\" class=\"lazyload\" style=\"--aspect-ratio-image: 2.22; \"\/><\/p>\n<p>        Hardt ut mot NRK<\/p>\n<p>    <\/a><\/p>\n<p>Men seertallene lyver ikke, og NRK er str\u00e5lende forn\u00f8yd med at hver episode i snitt har blitt sett av 600 000.\u00a0<\/p>\n<p class=\"font-weight-bold m-font-weight-bold\" data-lab-font_weight=\"font-weight-bold\">S\u00e5pass forn\u00f8yde er de at det blir ny sesong. Det bekrefter de til Se og H\u00f8r.\u00a0<\/p>\n<p>        RENNER OVER: N\u00e5r den samme \u00abVille fristelser\u00bb-gruppa nok engang forsyner seg grovt av premiepotten, blir stemningen enda d\u00e5rligere. Video: \u00abVille fristelser\u00bb\/ NRK TV\/ R\u00f8d L\u00f8per<\/p>\n<p>&#8211; NRK har satset p\u00e5 et helt nytt format med en helt ukjent cast, og da er det veldig g\u00f8y at det funker som en kule, sier eksekutiv produsent i NRK, Pia Basberg.\u00a0<\/p>\n<p>    <a itemprop=\"url\" href=\"https:\/\/www.seher.no\/kjendis\/kommer-med-avsloring-ingen-visste\/83648026\" rel=\"nofollow noopener\" target=\"_blank\"><\/p>\n<p>      <img loading=\"lazy\" decoding=\"async\" src=\"https:\/\/www.europesays.com\/no\/wp-content\/uploads\/2025\/10\/83636242.webp\" width=\"980\" height=\"441\" title=\"Kommer med avsl\u00f8ring: - Ingen visste\" alt=\"\" class=\"lazyload\" style=\"--aspect-ratio-image: 2.22; \"\/><\/p>\n<p>        Kommer med avsl\u00f8ring: &#8211; Ingen visste<\/p>\n<p>    <\/a><\/p>\n<p>&#8211; \u00abVille fristelser\u00bb har hatt en fantastisk vekst, og fortsetter \u00e5 vokse. Vi har et h\u00e5p om \u00e5 bygge dette til noe enda st\u00f8rre, fortsetter Basberg, uten \u00e5 ville r\u00f8pe konkret hva seerne kan vente i neste sesong.\u00a0<\/p>\n<p>          <img loading=\"lazy\" decoding=\"async\" src=\"https:\/\/www.europesays.com\/no\/wp-content\/uploads\/2025\/10\/83675518.webp\" width=\"686\" height=\"392\" title=\"NY SESONG: En ny gjeng skal gjennom jungelen sammen. Foto: Monster\/NRK\" alt=\"\" class=\"\" style=\"--aspect-ratio-image: 1.75; \"\/><\/p>\n<p>\n          NY SESONG: En ny gjeng skal gjennom jungelen sammen. Foto: Monster\/NRK\n      <\/p>\n<p>Hun kan imidlertid avsl\u00f8re at NRK \u00f8nsker enda villere fristelser, nye utfordringer og store overraskelser &#8211; i samme klima som i f\u00f8rste sesong.\u00a0<\/p>\n<p>          <img loading=\"lazy\" decoding=\"async\" src=\"https:\/\/www.europesays.com\/no\/wp-content\/uploads\/2025\/10\/83675533.webp\" width=\"980\" height=\"559\" title=\"BLIR DETTE DEG? Lar du deg friste slik Mona gjorde her? NRK s\u00f8ker deltakere til neste sesong. Foto: Monster\/NRK\" alt=\"\" class=\"\" style=\"--aspect-ratio-image: 1.75; \"\/><\/p>\n<p>\n          BLIR DETTE DEG? Lar du deg friste slik Mona gjorde her? NRK s\u00f8ker deltakere til neste sesong. Foto: Monster\/NRK\n      <\/p>\n<p><a href=\"https:\/\/www.nrk.no\/deltaker\/\" rel=\"nofollow noopener\" target=\"_blank\">NRK<\/a> er n\u00e5 i gang med \u00e5 caste folk til den kommende sesongen, som etter planen skal spilles inn tidlig i 2026.\u00a0<\/p>\n","protected":false},"excerpt":{"rendered":"\u00abVille fristelser\u00bb:\u00a0 Kanskje det er du som blir fristet i neste sesong? NYTT KONSEPT: Jungel-programmet ledes av Nate&hellip;\n","protected":false},"author":2,"featured_media":51725,"comment_status":"","ping_status":"","sticky":false,"template":"","format":"standard","meta":{"footnotes":""},"categories":[5],"tags":[20,21,24,25,15,19,479,2543,22,23,17,18,13,30,28,29,14,16,26,27,7316],"class_list":{"0":"post-51724","1":"post","2":"type-post","3":"status-publish","4":"format-standard","5":"has-post-thumbnail","7":"category-overskrifter","8":"tag-breaking-news","9":"tag-breakingnews","10":"tag-featured-news","11":"tag-featurednews","12":"tag-headlines","13":"tag-hovedoppslag","14":"tag-kjendis","15":"tag-kjendisdesken","16":"tag-latest-news","17":"tag-latestnews","18":"tag-main-news","19":"tag-mainnews","20":"tag-news","21":"tag-no","22":"tag-norge","23":"tag-norway","24":"tag-nyheter","25":"tag-overskrifter","26":"tag-top-stories","27":"tag-topstories","28":"tag-ville-fristelser"},"share_on_mastodon":{"url":"","error":""},"_links":{"self":[{"href":"https:\/\/www.europesays.com\/no\/wp-json\/wp\/v2\/posts\/51724","targetHints":{"allow":["GET"]}}],"collection":[{"href":"https:\/\/www.europesays.com\/no\/wp-json\/wp\/v2\/posts"}],"about":[{"href":"https:\/\/www.europesays.com\/no\/wp-json\/wp\/v2\/types\/post"}],"author":[{"embeddable":true,"href":"https:\/\/www.europesays.com\/no\/wp-json\/wp\/v2\/users\/2"}],"replies":[{"embeddable":true,"href":"https:\/\/www.europesays.com\/no\/wp-json\/wp\/v2\/comments?post=51724"}],"version-history":[{"count":0,"href":"https:\/\/www.europesays.com\/no\/wp-json\/wp\/v2\/posts\/51724\/revisions"}],"wp:featuredmedia":[{"embeddable":true,"href":"https:\/\/www.europesays.com\/no\/wp-json\/wp\/v2\/media\/51725"}],"wp:attachment":[{"href":"https:\/\/www.europesays.com\/no\/wp-json\/wp\/v2\/media?parent=51724"}],"wp:term":[{"taxonomy":"category","embeddable":true,"href":"https:\/\/www.europesays.com\/no\/wp-json\/wp\/v2\/categories?post=51724"},{"taxonomy":"post_tag","embeddable":true,"href":"https:\/\/www.europesays.com\/no\/wp-json\/wp\/v2\/tags?post=51724"}],"curies":[{"name":"wp","href":"https:\/\/api.w.org\/{rel}","templated":true}]}}