{"id":51742,"date":"2025-10-03T13:56:05","date_gmt":"2025-10-03T13:56:05","guid":{"rendered":"https:\/\/www.europesays.com\/no\/51742\/"},"modified":"2025-10-03T13:56:05","modified_gmt":"2025-10-03T13:56:05","slug":"tui-satser-pa-pakkereiser-med-ryanair-fra-torp-2","status":"publish","type":"post","link":"https:\/\/www.europesays.com\/no\/51742\/","title":{"rendered":"TUI satser p\u00e5 pakkereiser med Ryanair fra Torp"},"content":{"rendered":"<p class=\"kicker bg-cyan color_mobile_bg-cyan text-red color_mobile_text-red hasTextPadding mobile-hasTextPadding\" style=\"\">Reise:<\/p>\n<p>  Flygiganten overtar chartergjester fra Norge. Hit skal de fly sydenturistene.<\/p>\n<p>\n    NY PARTNER: Flygiganten Ryanair g\u00e5r sammen med chartergiganten TUI om reiser fra Torp. Foto: Odd Roar Lange\n  <\/p>\n<p>    Kort fortalt<\/p>\n<p lang=\"nb-NO\">Ryanair varsler kutt i flere europeiske ruter denne vinteren.<\/p>\n<p lang=\"nb-NO\">\u00c5rsaken er \u00f8kte flyplassavgifter og kostnader som p\u00e5virker selskapet.<\/p>\n<p lang=\"nb-NO\">Samtidig lanserer TUI pakkereiser fra Torp med Ryanair som flypartner.<\/p>\n<p lang=\"nb-NO\">Nye ruter inkluderer destinasjoner som Malaga, Alicante og Dubrovnik.<\/p>\n<p class=\"italic ai-disclaimer\" data-lab-italic=\"italic\">Sammendraget er laget av ChatGPT og godkjent av DinSide.<\/p>\n<p>      Vis mer<br \/>\n      Vis mindre<\/p>\n<p>Lavprisselskapet Ryanarir varsler kutt i i flere europeiske ruter denne vinteren.\u00a0<\/p>\n<p>\u00c5rsaken skal v\u00e6re at selskapet, som er <a href=\"https:\/\/flysmart24.no\/2022\/10\/18\/europas-10-storste-flyselskap-sas-er-inne-i-varmen\/\" rel=\"nofollow noopener\" target=\"_blank\">Europas klart st\u00f8rste flyselskap<\/a> m\u00e5lt i antall passasjerer, mener at en rekke flyplasser p\u00e5f\u00f8rer dem mange tilleggskostnader.\u00a0<\/p>\n<p>Samtidig er det klart at reisegigangen TUI lanserer pakkereiser fra Sandefjord lufthavn Torp med Ryanair som flypartner.\u00a0<\/p>\n<p>    <a itemprop=\"url\" href=\"https:\/\/sol.no\/reise\/en-million-rammes\/83668895\" rel=\"nofollow noopener\" target=\"_blank\"><\/p>\n<p>      <img loading=\"lazy\" decoding=\"async\" src=\"https:\/\/www.europesays.com\/no\/wp-content\/uploads\/2025\/10\/1759499761_398_83655935.webp\" width=\"980\" height=\"441\" title=\"\u00c9n million rammes\" alt=\"\" class=\"lazyload\" style=\"--aspect-ratio-image: 2.22; \"\/><\/p>\n<p>        \u00c9n million rammes<\/p>\n<p>sol.no<\/p>\n<p>    <\/a><\/p>\n<p>Flyr fra Torp\t<\/p>\n<p>Lanseringen omfatter i f\u00f8rste omgang ruter fra Torp til Malaga, Alicante og Dubrovnik.<\/p>\n<p>&#8211; Dette er bare starten og betyr st\u00f8rre valgfrihet for nordmenn, sier Anne M\u00f8rk-L\u00f8wengreen, kommunikasjonssjef i TUI Norge, til DinSide.<\/p>\n<p>          <img loading=\"lazy\" decoding=\"async\" src=\"https:\/\/www.europesays.com\/no\/wp-content\/uploads\/2025\/10\/1759499762_602_83663015.webp\" width=\"980\" height=\"559\" title=\"KLAR FOR TAKE OFF: Ryanair skal fly norske sydenturister til flere reisem\u00e5l. Foto: Odd Roar Lange\" alt=\"\" class=\"\" style=\"--aspect-ratio-image: 1.75; \"\/><\/p>\n<p>\n          KLAR FOR TAKE OFF: Ryanair skal fly norske sydenturister til flere reisem\u00e5l. Foto: Odd Roar Lange\n      <\/p>\n<p>Kutter ruter\t<\/p>\n<p>I kontrast til satsingen i Norge, har Ryanair allerede varslet omfattende kutt i flere europeiske land denne vinteren, <a href=\"https:\/\/www.reuters.com\/en\/ryanair-scraps-three-vienna-routes-demands-lower-taxes-fees-2025-09-17\/?utm_source=chatgpt.com\" rel=\"nofollow noopener\" target=\"_blank\">if\u00f8lge Reuters<\/a>.<\/p>\n<p>Blant annet legges ruter i \u00d8sterrike, Spania, Hellas og Italia ned som f\u00f8lge av \u00f8kte flyplassavgifter og kostnader.\u00a0<\/p>\n<p>Ryanair kutter 11 prosent av vinterkapasiteten i Frankrike p\u00e5 grunn av \u00f8kte flyskatter og forstyrrelser i flygeledertjenesten, skriver <a href=\"https:\/\/www.oag.com\/blog\/ryanairs-bold-winter-shift-french-capacity-is-cut\" rel=\"nofollow noopener\" target=\"_blank\">OAG Aviation<\/a>.<\/p>\n<p>    <a itemprop=\"url\" href=\"https:\/\/sol.no\/reise\/harrytabbe-gir-megako\/83668824\" rel=\"nofollow noopener\" target=\"_blank\"><\/p>\n<p>      <img loading=\"lazy\" decoding=\"async\" src=\"https:\/\/www.europesays.com\/no\/wp-content\/uploads\/2025\/10\/1759499763_12_83667576.webp\" width=\"980\" height=\"441\" title=\"Harrytabbe gir megak\u00f8\" alt=\"\" class=\"lazyload\" style=\"--aspect-ratio-image: 2.22; \"\/><\/p>\n<p>        Harrytabbe gir megak\u00f8<\/p>\n<p>sol.no<\/p>\n<p>    <\/a><\/p>\n<p>Til tross for kuttene i Frankrike legger selskapet til 31 000 flere flyvninger og seks millioner ekstra seter totalt sammenliknet med forrige vinter.\u00a0<\/p>\n<p>Italia og Irland f\u00e5r den st\u00f8rste kapasitets\u00f8kningen, mens ogs\u00e5 flyplassene Brussel Charleroi, London Stansted, Alicante, Krakow og Malta f\u00e5r betydelige l\u00f8ft.\u00a0<\/p>\n<p>Mens fire franske flyplasser &#8211; Strasbourg, Bergerac, Paris Vatry og Brive i praksis kuttet helt ut.\u00a0<\/p>\n<p>            <img loading=\"lazy\" decoding=\"async\" src=\"https:\/\/www.europesays.com\/no\/wp-content\/uploads\/2025\/10\/1759499765_668_83662978.webp\" width=\"549\" height=\"248\" title=\"Har du et tips og reiser og ferie til meg?\" alt=\"\" class=\"\" style=\"--aspect-ratio-image: 2.21; \"\/><\/p>\n<p>        Har du et tips og reiser og ferie til meg?<\/p>\n<p class=\"subtitle\">Hei, jeg heter Odd Roar Lange og er reiseekspert og -journalist for DinSide og Dagbladet. Har du et tips sp\u00f8rsm\u00e5l om reiser og ferie? Send det gjerne til meg. Tips og sp\u00f8rsm\u00e5l som kan brukes til en reportasje vil bli prioritert.<\/p>\n","protected":false},"excerpt":{"rendered":"Reise: Flygiganten overtar chartergjester fra Norge. Hit skal de fly sydenturistene. NY PARTNER: Flygiganten Ryanair g\u00e5r sammen med&hellip;\n","protected":false},"author":2,"featured_media":51743,"comment_status":"","ping_status":"","sticky":false,"template":"","format":"standard","meta":{"footnotes":""},"categories":[56],"tags":[60,6574,61,1991,5632,62,30,28,29,1992,3403,4226,4058],"class_list":{"0":"post-51742","1":"post","2":"type-post","3":"status-publish","4":"format-standard","5":"has-post-thumbnail","7":"category-naeringsliv","8":"tag-business","9":"tag-charter","10":"tag-economy","11":"tag-ferie","12":"tag-flyreiser","13":"tag-naeringsliv","14":"tag-no","15":"tag-norge","16":"tag-norway","17":"tag-reise","18":"tag-ryanair","19":"tag-thetravelinspector","20":"tag-tui"},"share_on_mastodon":{"url":"","error":""},"_links":{"self":[{"href":"https:\/\/www.europesays.com\/no\/wp-json\/wp\/v2\/posts\/51742","targetHints":{"allow":["GET"]}}],"collection":[{"href":"https:\/\/www.europesays.com\/no\/wp-json\/wp\/v2\/posts"}],"about":[{"href":"https:\/\/www.europesays.com\/no\/wp-json\/wp\/v2\/types\/post"}],"author":[{"embeddable":true,"href":"https:\/\/www.europesays.com\/no\/wp-json\/wp\/v2\/users\/2"}],"replies":[{"embeddable":true,"href":"https:\/\/www.europesays.com\/no\/wp-json\/wp\/v2\/comments?post=51742"}],"version-history":[{"count":0,"href":"https:\/\/www.europesays.com\/no\/wp-json\/wp\/v2\/posts\/51742\/revisions"}],"wp:featuredmedia":[{"embeddable":true,"href":"https:\/\/www.europesays.com\/no\/wp-json\/wp\/v2\/media\/51743"}],"wp:attachment":[{"href":"https:\/\/www.europesays.com\/no\/wp-json\/wp\/v2\/media?parent=51742"}],"wp:term":[{"taxonomy":"category","embeddable":true,"href":"https:\/\/www.europesays.com\/no\/wp-json\/wp\/v2\/categories?post=51742"},{"taxonomy":"post_tag","embeddable":true,"href":"https:\/\/www.europesays.com\/no\/wp-json\/wp\/v2\/tags?post=51742"}],"curies":[{"name":"wp","href":"https:\/\/api.w.org\/{rel}","templated":true}]}}