{"id":51755,"date":"2025-10-03T14:05:11","date_gmt":"2025-10-03T14:05:11","guid":{"rendered":"https:\/\/www.europesays.com\/no\/51755\/"},"modified":"2025-10-03T14:05:11","modified_gmt":"2025-10-03T14:05:11","slug":"ny-pagripelse-etter-voldsoppdrag-i-sarpsborg","status":"publish","type":"post","link":"https:\/\/www.europesays.com\/no\/51755\/","title":{"rendered":"Ny p\u00e5gripelse etter volds\u00adoppdrag i Sarpsborg"},"content":{"rendered":"\n<p class=\"_lead_1994c_2 _lead_xtcu6_50 layout-component text-serif-m layout-normal text-serif-l layout-component layout-wide layout-padded _wide_17hqh_1 layout-padded\">Mannen i 20-\u00e5rene som ble p\u00e5grepet torsdag er besluttet varetektsfengslet i fire uker med brev- og bes\u00f8ksforbud. <\/p>\n<p><img alt=\"Politiet arbeider ved eneboligen det ble skutt mot i Sarpsborg. Foto: Helge Mikalsen \/ VG\" class=\"_image_qp4xg_65 layout-component layout-wide\" data-fullscreen- data-track-element-type=\"Article image fullscreen\" data-track-name=\"ImageFullscreen\" fetchpriority=\"high\" decoding=\"sync\" loading=\"eager\" height=\"4329\" itemprop=\"image\"  src=\"https:\/\/www.europesays.com\/no\/wp-content\/uploads\/2025\/10\/3e2c2e9f-c7de-4cb3-a2b0-8b7f1437d4ba\"  style=\"object-position:0% 0%\" width=\"6493\"\/>Politiet arbeider ved eneboligen det ble skutt mot i Sarpsborg. Foto: Helge Mikalsen \/ VG<\/p>\n<ul aria-hidden=\"true\" class=\"_images_1y6fe_106\">\n<li><a class=\"_link_1y6fe_111\" href=\"https:\/\/www.vg.no\/forfatter\/bendik-hansen\" style=\"z-index:2\" title=\"Bendik Hansen\" rel=\"nofollow noopener\" target=\"_blank\"><img alt=\"Bilde av Bendik Hansen\" class=\"_image_1y6fe_88\" fetchpriority=\"low\" loading=\"lazy\" decoding=\"async\" itemprop=\"image\"  src=\"https:\/\/www.europesays.com\/no\/wp-content\/uploads\/2025\/10\/236bc5a3-2236-4046-b957-81f29d024aa6\"  width=\"480\"\/><\/a><\/li>\n<li><a class=\"_link_1y6fe_111\" href=\"https:\/\/www.vg.no\/forfatter\/preben-soerensen-olsen\" style=\"z-index:1\" title=\"Preben S\u00f8rensen Olsen\" rel=\"nofollow noopener\" target=\"_blank\"><img alt=\"Bilde av Preben S\u00f8rensen Olsen\" class=\"_image_1y6fe_88\" fetchpriority=\"low\" loading=\"lazy\" decoding=\"async\" itemprop=\"image\"  src=\"https:\/\/www.europesays.com\/no\/wp-content\/uploads\/2025\/10\/64aa1fb4-b39a-43ab-9306-fd34402fdbb9\"  width=\"480\"\/><\/a><\/li>\n<\/ul>\n<p> Oppdatert fredag 3. oktober kl. 15:17     <\/p>\n<p class=\"_paragraph_1994c_4 _paragraph_xtcu6_10 layout-component text-serif-m layout-normal text-serif-m layout-padded\">Det ble bestemt under et fengslingsm\u00f8te i Oslo tingrett, fredag ettermiddag. Mannen m\u00e5 sitte to uker i full isolasjon, og to uker isolert fra de andre som er siktet i saken. <\/p>\n<p class=\"_paragraph_1994c_4 _paragraph_xtcu6_10 layout-component text-serif-m layout-normal text-serif-m layout-padded\">Han etterforskes i forbindelse med det politiet mener <a href=\"https:\/\/www.vg.no\/nyheter\/i\/W0npAr\/granatangrepet-i-oslo-politiet-etterforsker-skudd-i-sarpsborg-de-mener-er-gjort-paa-bestilling\" data-track-element-type=\"Link\" data-track-id=\"link:W0npAr\" class=\"_link_1994c_39\" rel=\"nofollow noopener\" target=\"_blank\">var et planlagt granatangrep i Sarpsborg<\/a>. Angrepet ble avverget av politiet, og politiet tok beslag i to granater. <\/p>\n<p class=\"_paragraph_1994c_4 _paragraph_xtcu6_10 layout-component text-serif-m layout-normal text-serif-m layout-padded\"><strong class=\"_strong_1994c_25\">\u2013 Siktelsen gjelder grov ulovlig befatning med eksplosiver, sier politiadvokat Ole Kristian Holtsmark til VG. Siktelsen gjelder medvirkning etter paragraf 191paragraf 191Omfatter grov ulovlig befatning med skytev\u00e5pen, ammunisjon, eksplosiver eller utgangsstoffer for eksplosiver, med en strafferamme p\u00e5 bot eller fengsel inntil 6 \u00e5r.  i straffeloven. <\/strong><\/p>\n<p class=\"_paragraph_1994c_4 _paragraph_xtcu6_10 layout-component text-serif-m layout-normal text-serif-m layout-padded\">VG har spurt Holtsmark hva han legger i medvirkning. <\/p>\n<p class=\"_paragraph_1994c_4 _paragraph_xtcu6_10 layout-component text-serif-m layout-normal text-serif-m layout-padded\">\u2013 Vi \u00f8nsker forel\u00f8pig ikke \u00e5 v\u00e6re konkrete med hva vi mener med det, men vi mener at det er helt konkrete holdepunkter for at siktede har hatt en medvirkende rolle i dette, sier han. <\/p>\n<p class=\"_paragraph_1994c_4 _paragraph_xtcu6_10 layout-component text-serif-m layout-normal text-serif-m layout-padded\">Holtsmark begrunner politiets \u00f8nske om medieforbud med faren for bevisforspillelse, og s\u00e6rlig for digitale bevis. Det er tatt en rekke beslag i saken \u2013 blant annet elektroniske bevis som telefoner. <\/p>\n<p><img decoding=\"async\" alt=\"Bilde av Ole Kristian Holtsmark\" class=\"_image_ygndg_42\" height=\"30\" itemprop=\"image\" loading=\"lazy\"  src=\"https:\/\/www.europesays.com\/no\/wp-content\/uploads\/2025\/10\/fb38d77f-4c4b-4e31-a7ca-62692b002c59\"  width=\"40\"\/><strong class=\"_name_ygndg_51 title-serif-xs\">Ole Kristian Holtsmark<\/strong><\/p>\n<p class=\"_paragraph_1994c_4 text-sans-m _description_ygndg_56\">politiadvokat<\/p>\n<p class=\"_paragraph_1994c_4 _paragraph_xtcu6_10 layout-component text-serif-m layout-normal text-serif-m layout-padded\">Mannen ble p\u00e5grepet av politiet p\u00e5 sin hjemadresse torsdag. <\/p>\n<p class=\"_paragraph_1994c_4 _paragraph_xtcu6_10 layout-component text-serif-m layout-normal text-serif-m layout-padded\">Mannen erkjenner ikke straffskyld for medvirkning til oppbevaring for eksplosiver. Mannens forsvarer, Omar Tashakori, ber om at klienten hans l\u00f8slates. <\/p>\n<p class=\"_paragraph_1994c_4 _paragraph_xtcu6_10 layout-component text-serif-m layout-normal text-serif-m layout-padded\">\u2013 Det g\u00e5r greit med ham etter forholdene, men det er noen utfordringer, sier forsvaren til VG. Han \u00f8nsker ikke \u00e5 kommentere om mannen er avh\u00f8rt av politiet. <\/p>\n<p class=\"_paragraph_1994c_4 _paragraph_xtcu6_10 layout-component text-serif-m layout-normal text-serif-m layout-padded\"><strong class=\"_strong_1994c_25\">Mannen i 20-\u00e5rene har tatt betenkningstid rundt ankesp\u00f8rsm\u00e5let. <\/strong><\/p>\n<p><img alt=\"To 13-\u00e5ringer ble innbrakt etter granateksplosjonen i Pilestredet i Oslo.  Foto: Gabriel Aas Sk\u00e5levik \/ VG\" class=\"_image_qp4xg_65 layout-component layout-normal\" data-fullscreen- data-track-element-type=\"Article image fullscreen\" data-track-name=\"ImageFullscreen\" decoding=\"async\" loading=\"lazy\" height=\"2233\" itemprop=\"image\"  src=\"https:\/\/www.europesays.com\/no\/wp-content\/uploads\/2025\/10\/e75e8a7e-2783-460a-a8e5-d59c72653707\"  style=\"object-position:0% 0%\" width=\"3349\"\/>To 13-\u00e5ringer ble innbrakt etter granateksplosjonen i Pilestredet i Oslo.  Foto: Gabriel Aas Sk\u00e5levik \/ VG<\/p>\n<p class=\"_paragraph_1994c_4 _paragraph_xtcu6_10 layout-component text-serif-m layout-normal text-serif-m layout-padded\">Saken etterforskes i sammenheng med <a href=\"https:\/\/www.vg.no\/nyheter\/i\/jQojBA\/pilestredet-eksplosjonen-politiet-mener-at-guttene-hadde-granatene-med-seg-paa-bussen\" data-track-element-type=\"Link\" data-track-id=\"link:jQojBA\" class=\"_link_1994c_39\" rel=\"nofollow noopener\" target=\"_blank\">granatkastingen i Pilestredet<\/a> forrige uke og <a href=\"https:\/\/www.vg.no\/nyheter\/i\/1MmLjB\/naboer-til-skuddutvekslingen-i-sarpsborg-jeg-er-sjokkert\" data-track-element-type=\"Link\" data-track-id=\"link:1MmLjB\" class=\"_link_1994c_39\" rel=\"nofollow noopener\" target=\"_blank\">skytingen mot en privatbolig i Sarpsborg<\/a> tirsdag denne uken. <\/p>\n<p>Dette har skjedd<\/p>\n<ul class=\"_list_1994c_3 _list_xtcu6_9 _list_16v91_9 _unordered_1994c_105 layout-component text-serif-m layout-normal text-sans-m layout-padded\">\n<li class=\"_item_1994c_30\"><strong class=\"_strong_1994c_25\">15.09.25:<\/strong>\u00a0En 24 \u00e5r gammel mann kidnappes p\u00e5 Lindeberg\u00e5sen i Oslo kl. 20.15. Familien f\u00e5r senere en trusselmelding fra noen som knytter seg til Foxtrot, f\u00e5r VG opplyst. Den kriminelle gjengen krever 15\u201320 mill. kroner.<\/li>\n<li class=\"_item_1994c_30\"><strong class=\"_strong_1994c_25\">19.09.25:\u00a0<\/strong>Politiet f\u00e5r vite at den kidnappede 24-\u00e5ringen er fri igjen \u2013 uten alvorlige skader. If\u00f8lge VGs opplysninger ble han fraktet til Danmark.<\/li>\n<li class=\"_item_1994c_30\"><strong class=\"_strong_1994c_25\">23.09.25:<\/strong>\u00a0Rundt kl. 20.40 eksploderer en granat utenfor en neglesalong i Pilestredet i Oslo. Eier av salongen er i familie med den kidnappede 24-\u00e5ringen. Politiet p\u00e5griper to 13 \u00e5r gamle gutter for eksplosjonen.<\/li>\n<li class=\"_item_1994c_30\"><strong class=\"_strong_1994c_25\">26.09.25:\u00a0<\/strong>Politiet p\u00e5griper en 31 \u00e5r gammel mann som de mener overleverte granater til \u00e9n av de 13 \u00e5r gamle guttene dagen f\u00f8r eksplosjonen i Pilestredet.<\/li>\n<li class=\"_item_1994c_30\"><strong class=\"_strong_1994c_25\">30.09.25:<\/strong>\u00a0Det avfyres ett skudd utenfor en bolig i Sarpsborg. Tre gutter p\u00e5 12, 13 og 14 \u00e5r blir tatt av politiet i omr\u00e5det. Politiet beslaglegger ogs\u00e5 et skytev\u00e5pen. Senere p\u00e5gripes en 15 \u00e5r gammel gutt.<\/li>\n<li class=\"_item_1994c_30\"><strong class=\"_strong_1994c_25\">01.10.25:<\/strong>\u00a0Politiet opplyser p\u00e5 pressekonferanse at de mener 31-\u00e5ringen har levert granater til unge gutter i Oslo og Sarpsborg. Politiet mener de avverget et granatangrep i Sarpsborg, men at det senere ble brukt skytev\u00e5pen.<\/li>\n<\/ul>\n<p>Vis mer<\/p>\n<p class=\"_paragraph_1994c_4 _paragraph_xtcu6_10 layout-component text-serif-m layout-normal text-serif-m layout-padded\">Etter angrepene er \u00e5tte gutter p\u00e5grepet. Politiet tror de fikk oppdragene fra Foxtrot-nettverket gjennom sosiale medier.<\/p>\n<p class=\"_paragraph_1994c_4 _paragraph_xtcu6_10 layout-component text-serif-m layout-normal text-serif-m layout-padded\">Kriminelle nettverk som kjemper om kontroll over narkotikamarkedet, rekrutterer mindre\u00e5rige ned i 12\u201313 \u00e5rs alderen til \u00e5 utf\u00f8re gjengjeldelse og avskrekking, if\u00f8lge politiet.<\/p>\n<p class=\"_paragraph_1994c_4 _paragraph_xtcu6_10 layout-component text-serif-m layout-normal text-serif-m layout-padded\"><strong class=\"_strong_1994c_25\">Kripos ser at antallet <a href=\"https:\/\/www.vg.no\/i\/ny2pnm\" data-track-element-type=\"Link\" data-track-id=\"link:ny2pnm\" class=\"_link_1994c_39\" rel=\"nofollow noopener\" target=\"_blank\">voldsoppdrag som settes ut \u00abp\u00e5 anbud\u00bb<\/a>, har \u00f8kt drastisk det siste \u00e5ret.<\/strong><\/p>\n<p class=\"_paragraph_1994c_4 _paragraph_xtcu6_10 layout-component text-serif-m layout-normal text-serif-m layout-padded\">Tirsdag kveld ble det l\u00f8snet skudd utenfor en bolig i\u00a0<a href=\"https:\/\/www.vg.no\/tag\/sarpsborg?utm_source=vg-article&amp;utm_medium=auto-tagger&amp;utm_campaign=1MmLjB\" class=\"_link_1994c_39\" rel=\"nofollow noopener\" target=\"_blank\">Sarpsborg<\/a>. Saken etterforskes i forbindelse med de to\u00a0<a href=\"https:\/\/www.vg.no\/nyheter\/i\/jQojBA\/pilestredet-eksplosjonen-politiet-mener-at-guttene-hadde-granatene-med-seg-paa-bussen\" data-track-element-type=\"Link\" data-track-id=\"link:jQojBA\" class=\"_link_1994c_39\" rel=\"nofollow noopener\" target=\"_blank\">granatene som eksploderte<\/a>\u00a0p\u00e5 Bislett tirsdag i forrige uke, der to 13-\u00e5ringer ble innbrakt etter eksplosjonen.<\/p>\n<p class=\"_paragraph_1994c_4 _paragraph_xtcu6_10 layout-component text-serif-m layout-normal text-serif-m layout-padded\"><strong class=\"_strong_1994c_25\"><a href=\"https:\/\/www.vg.no\/nyheter\/i\/W0npAr\/granatangrepet-i-oslo-politiet-etterforsker-skudd-i-sarpsborg-de-mener-er-gjort-paa-bestilling\" data-track-element-type=\"Link\" data-track-id=\"link:W0npAr\" class=\"_link_1994c_39\" rel=\"nofollow noopener\" target=\"_blank\">Politiet mener sv\u00e6rt unge personer i begge sakene<\/a>\u00a0fikk oppdragene og ble rekruttert via sosiale medier. De understreker at det dreier seg om ulike konflikter og oppdrag.<\/strong><\/p>\n<p class=\"_paragraph_1994c_4 _paragraph_xtcu6_10 layout-component text-serif-m layout-normal text-serif-m layout-padded\">De tre guttene p\u00e5 12, 13 og 14 \u00e5r som er innbrakt etter skuddene ble tatt i n\u00e6rheten av boligen det ble skutt ved. Onsdag formiddag ble ytterligere en gutt p\u00e5 15 \u00e5r p\u00e5grepet i saken, opplyste politiinspekt\u00f8r Grete Metlid\u00a0<a href=\"https:\/\/www.vg.no\/nyheter\/i\/W0npAr\/granatangrepet-i-oslo-politiet-etterforsker-skudd-i-sarpsborg-de-mener-er-gjort-paa-bestilling\" data-track-element-type=\"Link\" data-track-id=\"link:W0npAr\" class=\"_link_1994c_39\" rel=\"nofollow noopener\" target=\"_blank\">p\u00e5 en pressekonferanse tidligere onsdag.<\/a><\/p>\n<p>       <img decoding=\"async\" alt=\"Tips oss illustrasjon\" width=\"62px\" height=\"auto\" src=\"https:\/\/www.europesays.com\/no\/wp-content\/uploads\/2025\/08\/1754784428_95_W9avJzE.png\"\/>    <\/p>\n<p class=\"title-serif-s\">Har du tips til oss?<\/p>\n<p class=\"text-sans-m\">Send oss informasjon, bilder eller video<\/p>\n<p>  <a href=\"https:\/\/www.vg.no\/tips-oss\" rel=\"nofollow noopener\" target=\"_blank\"> Tips oss <\/a>      <\/p>\n","protected":false},"excerpt":{"rendered":"Mannen i 20-\u00e5rene som ble p\u00e5grepet torsdag er besluttet varetektsfengslet i fire uker med brev- og bes\u00f8ksforbud. Politiet&hellip;\n","protected":false},"author":2,"featured_media":51756,"comment_status":"","ping_status":"","sticky":false,"template":"","format":"standard","meta":{"footnotes":""},"categories":[10],"tags":[31,20,21,24,25,15,22,23,13,30,28,29,14,16,26,27],"class_list":{"0":"post-51755","1":"post","2":"type-post","3":"status-publish","4":"format-standard","5":"has-post-thumbnail","7":"category-norge","8":"tag-breaking","9":"tag-breaking-news","10":"tag-breakingnews","11":"tag-featured-news","12":"tag-featurednews","13":"tag-headlines","14":"tag-latest-news","15":"tag-latestnews","16":"tag-news","17":"tag-no","18":"tag-norge","19":"tag-norway","20":"tag-nyheter","21":"tag-overskrifter","22":"tag-top-stories","23":"tag-topstories"},"share_on_mastodon":{"url":"","error":""},"_links":{"self":[{"href":"https:\/\/www.europesays.com\/no\/wp-json\/wp\/v2\/posts\/51755","targetHints":{"allow":["GET"]}}],"collection":[{"href":"https:\/\/www.europesays.com\/no\/wp-json\/wp\/v2\/posts"}],"about":[{"href":"https:\/\/www.europesays.com\/no\/wp-json\/wp\/v2\/types\/post"}],"author":[{"embeddable":true,"href":"https:\/\/www.europesays.com\/no\/wp-json\/wp\/v2\/users\/2"}],"replies":[{"embeddable":true,"href":"https:\/\/www.europesays.com\/no\/wp-json\/wp\/v2\/comments?post=51755"}],"version-history":[{"count":0,"href":"https:\/\/www.europesays.com\/no\/wp-json\/wp\/v2\/posts\/51755\/revisions"}],"wp:featuredmedia":[{"embeddable":true,"href":"https:\/\/www.europesays.com\/no\/wp-json\/wp\/v2\/media\/51756"}],"wp:attachment":[{"href":"https:\/\/www.europesays.com\/no\/wp-json\/wp\/v2\/media?parent=51755"}],"wp:term":[{"taxonomy":"category","embeddable":true,"href":"https:\/\/www.europesays.com\/no\/wp-json\/wp\/v2\/categories?post=51755"},{"taxonomy":"post_tag","embeddable":true,"href":"https:\/\/www.europesays.com\/no\/wp-json\/wp\/v2\/tags?post=51755"}],"curies":[{"name":"wp","href":"https:\/\/api.w.org\/{rel}","templated":true}]}}