{"id":51757,"date":"2025-10-03T14:06:13","date_gmt":"2025-10-03T14:06:13","guid":{"rendered":"https:\/\/www.europesays.com\/no\/51757\/"},"modified":"2025-10-03T14:06:13","modified_gmt":"2025-10-03T14:06:13","slug":"john-arne-riise-om-tida-etter-16-ukers-helvete-og-sonnens-som-fotballspiller","status":"publish","type":"post","link":"https:\/\/www.europesays.com\/no\/51757\/","title":{"rendered":"John Arne Riise om tida etter 16 ukers helvete og s\u00f8nnens som fotballspiller"},"content":{"rendered":"<p class=\"kicker \" style=\"\">John Arne Riise:<\/p>\n<p>  N\u00e5 g\u00e5r s\u00f8nnen til den tidligere Liverpool-spilleren i farens fotspor.<\/p>\n<p>\n    FANT TILBAKE: John Arne Riise ser tilbake p\u00e5 det siste \u00e5ret, og beskriver det som at han har funnet tilbake til seg selv. Foto: Kristian Ridder-Nielsen\/Dagbladet\n  <\/p>\n<p>I fjor h\u00f8st var <a href=\"https:\/\/www.dagbladet.no\/kjendis\/viser-fram-kjaeresten\/83623636\" rel=\"nofollow noopener\" target=\"_blank\">John Arne Riise (45)<\/a> blant deltakerne i\u00a0\u00ab16 ukers helvete\u00bb &#8211; en deltakelse han har v\u00e6rt \u00e5pen om at <a href=\"https:\/\/www.dagbladet.no\/kjendis\/var-pa-et-morkt-sted\/82347510\" rel=\"nofollow noopener\" target=\"_blank\">har forandret livet hans<\/a>.\u00a0<\/p>\n<p>&#8211; Jeg har aldri hatt det s\u00e5 bra som jeg har det n\u00e5. Jeg begynner \u00e5 kjenne igjen meg selv, jeg har masse energi og jeg f\u00f8ler at jeg str\u00e5ler, var blant det han uttalte til Dagbladet da innspillingen n\u00e6rmet seg slutten.<\/p>\n<p>    <a itemprop=\"url\" href=\"https:\/\/www.dagbladet.no\/kjendis\/viser-fram-kjaeresten\/83623636\" rel=\"nofollow noopener\" target=\"_blank\"><\/p>\n<p>      <img loading=\"lazy\" decoding=\"async\" src=\"https:\/\/www.europesays.com\/no\/wp-content\/uploads\/2025\/10\/1759500370_767_83624003.webp\" width=\"147\" height=\"98\" title=\"Viser fram kj\u00e6resten\" alt=\"\" class=\"lazyload\" style=\"--aspect-ratio-image: 1.50; \"\/><\/p>\n<p>        Viser fram kj\u00e6resten<\/p>\n<p>    <\/a><\/p>\n<p>45-\u00e5ringen gikk i l\u00f8pet av de fire m\u00e5nedene ned over 25 kilo, og da \u00e5rets Reality Awards gikk av stabelen vant han\u00a0prisen \u00c5rets realitydeltager for sin innsats i programmet.\u00a0<\/p>\n<p>        DUO: J\u00f8rgine Massa Vasstrand og Isak Dreyer \u00e5pner seg om programledersamarbeidet og den brutale sesongen. Video: NRK\/ R\u00f8d L\u00f8per\/ Lone Heimdal Gunnerud\/ Sanne Holt<\/p>\n<p>Overfor Dagbladet kunne han under prisutdelingen fortelle hvordan det siste \u00e5ret har v\u00e6rt.<\/p>\n<p>&#8211; Jeg var p\u00e5 et ganske m\u00f8rkt sted. Fysisk ja, men mest mentalt. Da vi tok tak og endret mye av kosthold og treningsrutiner, og jeg fikk jobbet med hodet mitt, fant jeg tilbake til meg selv og til livsgleden igjen. Og det tror jeg folk ser ogs\u00e5.<\/p>\n<p>          <img loading=\"lazy\" decoding=\"async\" src=\"https:\/\/www.europesays.com\/no\/wp-content\/uploads\/2025\/10\/1759500371_537_83660227.webp\" width=\"686\" height=\"1036\" title=\"VANT PRIS: John Arne Riise med prisen han vant under Reality Awards. P\u00e5 den r\u00f8de l\u00f8peren hadde han med kj\u00e6resten. Foto: Andreas Fadum \/ Se og H\u00f8r\" alt=\"\" class=\"\" style=\"--aspect-ratio-image: 0.66; \"\/><\/p>\n<p>\n          VANT PRIS: John Arne Riise med prisen han vant under Reality Awards. P\u00e5 den r\u00f8de l\u00f8peren hadde han med kj\u00e6resten. Foto: Andreas Fadum \/ Se og H\u00f8r\n      <\/p>\n<p class=\"font-weight-bold m-font-weight-bold\" data-lab-font_weight=\"font-weight-bold\">&#8211; Jeg har det veldig bra n\u00e5. Jeg har valgt \u00e5 ikke n\u00f8dvendigvis gjemme meg, men trekke meg litt tilbake fra offentligheten, og jeg tror det hjalp meg ogs\u00e5. Da fant jeg meg selv, uten at det konstant har v\u00e6rt skriverier om alt jeg driver med. S\u00e5 det har v\u00e6rt veldig betryggende.\u00a0<\/p>\n<p>    <a itemprop=\"url\" href=\"https:\/\/www.dagbladet.no\/kjendis\/elsker-livet-med-deg\/83360858\" rel=\"nofollow noopener\" target=\"_blank\"><\/p>\n<p>      <img loading=\"lazy\" decoding=\"async\" src=\"https:\/\/www.europesays.com\/no\/wp-content\/uploads\/2025\/10\/1759500372_580_83360606.webp\" width=\"980\" height=\"441\" title=\"- Elsker livet med deg\" alt=\"\" class=\"lazyload\" style=\"--aspect-ratio-image: 2.22; \"\/><\/p>\n<p>        &#8211; Elsker livet med deg<\/p>\n<p>    <\/a><\/p>\n<p>Riise har en fortid som toppidrettsut\u00f8ver, n\u00e6rmere bestemt som fotballspiller for blant annet Liverpool. Ogs\u00e5 lillebroren, Bj\u00f8rn Helge Riise (42) har bemerket seg p\u00e5 gressmatta, og\u00a0n\u00e5 kan det se ut til at det er flere i Riise-familien som tar steget ut i fotballverdenen.<\/p>\n<p>        INNR\u00d8MMER: Da Fetisha Williams gjestet podkasten \u00abRealitycheck\u00bb avsl\u00f8rte hun hva som m\u00e5tte til for \u00e5 forsones med eks-venninna Sophie Elise. N\u00e5 innr\u00f8mmer hun at hun l\u00f8y. Video: Sanne Holt\/ Thea Hope\/ R\u00f8d L\u00f8per<\/p>\n<p>P\u00e5 sosiale medier har 45-\u00e5ringen nemlig delt flere sm\u00e5 glimt av at han er p\u00e5 fotballbanen med s\u00f8nnen Colin (6), som han har med ekskona Louise Angelica Riise (35).<\/p>\n<p>P\u00e5 sp\u00f8rsm\u00e5l om det er en framtidig fotballstjerne vi er vitne til, ler Riise.<\/p>\n<p>&#8211; Nei alts\u00e5, det vet man ikke. Men jeg er en stolt pappa, og jeg har v\u00e6rt v\u00e6rt med p\u00e5 noen treninger. Selvf\u00f8lgelig, som en fotballpappa, s\u00e5 er det klart det er veldig r\u00f8rende \u00e5 se s\u00f8nnen sin elske fotball, og \u00e5 se gleden han har av det.<\/p>\n<p>Selv med en far som er tidligere Liverpool-stjerne er det imidlertid ikke gitt at Colin er fan av de r\u00f8dkledde, i alle fall ikke om stefar David Eriksen (58) skal ha et ord med i spillet.<\/p>\n<p>          <img loading=\"lazy\" decoding=\"async\" src=\"https:\/\/www.europesays.com\/no\/wp-content\/uploads\/2025\/10\/1759500373_249_83660242.webp\" width=\"686\" height=\"1036\" title=\"STEFAR: David Eriksen har siden 2023 v\u00e6rt i et forhold med Louise Angelica Riise, John Arne Riises ekskone. Foto: Andreas Fadum \/ Se og H\u00f8r\" alt=\"\" class=\"\" style=\"--aspect-ratio-image: 0.66; \"\/><\/p>\n<p>\n          STEFAR: David Eriksen har siden 2023 v\u00e6rt i et forhold med Louise Angelica Riise, John Arne Riises ekskone. Foto: Andreas Fadum \/ Se og H\u00f8r\n      <\/p>\n<p class=\"font-weight-bold m-font-weight-bold\" data-lab-font_weight=\"font-weight-bold\">&#8211; Han har jo David, som er Tottenham-fan og driver og pusher p\u00e5 ham Tottenham-drakter. S\u00e5 han har f\u00e5tt en Liverpool-drakt av meg n\u00e5. Men s\u00e5 lenge han har det bra og trives med fotballen, s\u00e5 er det det som gleder meg. Jeg ser jo relasjonen han f\u00e5r med andre barn ogs\u00e5. Det er veldig fint at han har det g\u00f8y med fotball, s\u00e5 f\u00e5r vi se hvor lenge det holder &#8211; men akkurat n\u00e5 er han veldig gira, forteller Riise stolt.<\/p>\n<p class=\"font-weight-bold m-font-weight-bold\" data-lab-font_weight=\"font-weight-bold\">Overfor Dagbladet innr\u00f8mmer Eriksen at det kan bli noe vanskelig \u00e5 f\u00e5 med bonuss\u00f8nnen p\u00e5 Tottenham-siden, men legger ikke skjul p\u00e5 at han har et lite h\u00e5p.<\/p>\n<p class=\"font-weight-bold m-font-weight-bold\" data-lab-font_weight=\"font-weight-bold\">\u00abN\u00e5r pappa er en tidligere Liverpool-spiller, s\u00e5 er det nok helt naturlig at han velger det. Det skal ikke jeg legge noe hindringer i. Men, kanskje jeg f\u00e5r en liten skap-Tottenham-fan p\u00e5 si?\u00bb, skriver han i en SMS.<\/p>\n","protected":false},"excerpt":{"rendered":"John Arne Riise: N\u00e5 g\u00e5r s\u00f8nnen til den tidligere Liverpool-spilleren i farens fotspor. FANT TILBAKE: John Arne Riise&hellip;\n","protected":false},"author":2,"featured_media":51758,"comment_status":"","ping_status":"","sticky":false,"template":"","format":"standard","meta":{"footnotes":""},"categories":[5],"tags":[20,21,3252,24,25,15,19,6237,479,22,23,3251,17,18,13,30,28,29,14,16,4125,26,27],"class_list":{"0":"post-51757","1":"post","2":"type-post","3":"status-publish","4":"format-standard","5":"has-post-thumbnail","7":"category-overskrifter","8":"tag-breaking-news","9":"tag-breakingnews","10":"tag-david-eriksen","11":"tag-featured-news","12":"tag-featurednews","13":"tag-headlines","14":"tag-hovedoppslag","15":"tag-john-arne-riise","16":"tag-kjendis","17":"tag-latest-news","18":"tag-latestnews","19":"tag-louise-angelica-riise","20":"tag-main-news","21":"tag-mainnews","22":"tag-news","23":"tag-no","24":"tag-norge","25":"tag-norway","26":"tag-nyheter","27":"tag-overskrifter","28":"tag-reality-awards","29":"tag-top-stories","30":"tag-topstories"},"share_on_mastodon":{"url":"","error":""},"_links":{"self":[{"href":"https:\/\/www.europesays.com\/no\/wp-json\/wp\/v2\/posts\/51757","targetHints":{"allow":["GET"]}}],"collection":[{"href":"https:\/\/www.europesays.com\/no\/wp-json\/wp\/v2\/posts"}],"about":[{"href":"https:\/\/www.europesays.com\/no\/wp-json\/wp\/v2\/types\/post"}],"author":[{"embeddable":true,"href":"https:\/\/www.europesays.com\/no\/wp-json\/wp\/v2\/users\/2"}],"replies":[{"embeddable":true,"href":"https:\/\/www.europesays.com\/no\/wp-json\/wp\/v2\/comments?post=51757"}],"version-history":[{"count":0,"href":"https:\/\/www.europesays.com\/no\/wp-json\/wp\/v2\/posts\/51757\/revisions"}],"wp:featuredmedia":[{"embeddable":true,"href":"https:\/\/www.europesays.com\/no\/wp-json\/wp\/v2\/media\/51758"}],"wp:attachment":[{"href":"https:\/\/www.europesays.com\/no\/wp-json\/wp\/v2\/media?parent=51757"}],"wp:term":[{"taxonomy":"category","embeddable":true,"href":"https:\/\/www.europesays.com\/no\/wp-json\/wp\/v2\/categories?post=51757"},{"taxonomy":"post_tag","embeddable":true,"href":"https:\/\/www.europesays.com\/no\/wp-json\/wp\/v2\/tags?post=51757"}],"curies":[{"name":"wp","href":"https:\/\/api.w.org\/{rel}","templated":true}]}}