{"id":51797,"date":"2025-10-03T14:54:12","date_gmt":"2025-10-03T14:54:12","guid":{"rendered":"https:\/\/www.europesays.com\/no\/51797\/"},"modified":"2025-10-03T14:54:12","modified_gmt":"2025-10-03T14:54:12","slug":"finnmark-nyhet-leteaksjon-pagikk-dette-er-politiets-hypoteser","status":"publish","type":"post","link":"https:\/\/www.europesays.com\/no\/51797\/","title":{"rendered":"Finnmark, Nyhet | Leteaksjon p\u00e5gikk: Dette er politiets hypoteser"},"content":{"rendered":"<p>\n  <a href=\"https:\/\/www.ifinnmark.no\/5-81-2320728\" class=\"related-teaser has-image default-story-teaser article--c-eRUmMG article--c-eRUmMG-jKCPdD-design-default\" rel=\"nofollow noopener\" target=\"_blank\"><\/p>\n<p>    <img decoding=\"async\" loading=\"lazy\"  src=\"https:\/\/www.europesays.com\/no\/wp-content\/uploads\/2025\/10\/IMG_5755.jpg\" alt=\"\" class=\"brick-c-cFOWSL\" style=\"\"\/><\/p>\n<p>\n            Les ogs\u00e5<\/p>\n<p>              Har sett lys fra mennesker: \u2013 Vi kan konsentrere s\u00f8ket\n        <\/p>\n<p>  <\/a><\/p>\n<p>Sar-Queen og to droner fra politiet s\u00f8ker fra luften. I tillegg er \u00e5tte personer fra R\u00f8de Kors, fem fra Forsvaret og \u00e5tte personer fra Norske redningshunder satt inn i bakkes\u00f8k.<\/p>\n<p>Politiets innsatsleder p\u00e5 stedet, politif\u00f8rstebetjent Martin Knutsen, opplyser at ogs\u00e5 Sivilforsvaret er kalt inn i s\u00f8ket.<\/p>\n<p>\u2013 Det var innledningsvis ti personer som var savnet. N\u00e5 har vi f\u00e5tt kontroll p\u00e5 fem av disse. Det er et ganske stort omr\u00e5de vi leter i. Vi har helikopter i bruk, droner, hunder, og \u00f8vrig mannskaper p\u00e5 ATV, sier han.<\/p>\n<p>    Vil du se neste video?<\/p>\n<p>    <a href=\"https:\/\/www.ifinnmark.no\/her-gar-pukkellaksen-til-angrep\/v\/5-81-2299510\" class=\"recommend-poster\" data-adp-clicklabel=\"video-recommend\" data-adp-clickvalue=\"poster\" rel=\"nofollow noopener\" target=\"_blank\"><br \/>\n      <img decoding=\"async\" width=\"200\" height=\"200\" loading=\"lazy\" src=\"https:\/\/www.europesays.com\/no\/wp-content\/uploads\/2025\/10\/v-i-524649e9-0b38-40de-be66-23ffe9899610-1.jpg\" alt=\"\" class=\"brick-c-cFOWSL\" style=\"--brick-image-ratio: 200 \/ 200;\"\/><\/p>\n<p>Her g\u00e5r pukkellaksen til angrep0:12<\/p>\n<p>    <\/a><\/p>\n<p>        Journalist Andreas Steenbuch Mathismoen gir rapport fra stedet. Video: Jon Heli<br \/>\n        Sar-Queen gjorde funn<\/p>\n<p>Av de soldatene som kom til rette, m\u00f8tte tre av dem opp p\u00e5 avtalt oppm\u00f8tested, mens to ble funnet av Sar-Queen i s\u00f8ksomr\u00e5det, supplerer politiets operasjonsleder J\u00f8rgen Haukland Hansen.<\/p>\n<p>Det s\u00f8kes videre etter de fem siste soldatene.<\/p>\n<p>\u2013 Vi jobber fortsatt ut fra to teorier. Det ene er at soldatene har misforst\u00e5tt oppm\u00f8tetidspunkt eller brukt lengre tid enn planlagt. Det andre er at det kan ha oppst\u00e5tt en eller annen form for skade eller at man har g\u00e5tt seg bort. Vi s\u00f8ker enda etter de siste fem soldatene all den tid de ikke er gjort rede for, sier J\u00f8rgen Haukland Hansen.<\/p>\n<p>   <img decoding=\"async\" width=\"723\" height=\"520\" fetchpriority=\"low\"  loading=\"lazy\"  src=\"https:\/\/www.europesays.com\/no\/wp-content\/uploads\/2025\/10\/image+%281%29.png\" alt=\"\" class=\"brick-c-cFOWSL\" style=\"--brick-image-ratio: 723 \/ 520;\"\/><\/p>\n<p>    S\u00f8k p\u00e5g\u00e5r ved Bug\u00f8ynes.<br \/>\n    Foto: Flightradar24\n  <\/p>\n<p>  Igangsatte leteaksjon<\/p>\n<p>De ti soldatene som er savnet i omr\u00e5det Bug\u00f8ynes, deltar i en p\u00e5g\u00e5ende \u00f8velse. Soldatene ble meldt savnet da de ikke meldte fra ved et punkt som avtalt, klokken sju torsdag morgen.<\/p>\n<p>\u2013 Politi, norske redningshunder, r\u00f8de kors, forsvaret, politiets droner og Sar-Queen er n\u00e5 i s\u00f8k, skriver politiet torsdag.<\/p>\n<p>Pressevakt ved Forsvarets operative hovedkvarter (FOH) i Bod\u00f8, Vegard Norsta Finberg, bekrefter torsdag kveld at de savnede soldatene er med i en p\u00e5g\u00e5ende \u00f8velse.<\/p>\n<p>\u2013 Uten \u00e5 g\u00e5 i detalj rundt \u00f8velsen s\u00e5 ble leteaksjonen iverksatt fordi disse soldatene ikke meldte fra som avtalt. Som en del av \u00f8velsen skal soldatene melde fra ved s\u00e5kalte punkter underveis i \u00f8velsen. Da dette ikke ble gjort ble leteaksjon iverksatt, sier Finberg.<\/p>\n<p>   <img decoding=\"async\" width=\"4032\" height=\"3024\" fetchpriority=\"low\"  loading=\"lazy\"  src=\"https:\/\/www.europesays.com\/no\/wp-content\/uploads\/2025\/10\/IMG_5745.jpg\" alt=\"\" class=\"brick-c-cFOWSL\" style=\"--brick-image-ratio: 4032 \/ 3024;\"\/><\/p>\n<p>    Politiet er p\u00e5 stedet ved Ler\u00f8y sitt anlegg like ved Bug\u00f8ynes.<br \/>\n    Foto: Andreas Steenbuch Mathismoen<\/p>\n","protected":false},"excerpt":{"rendered":"Les ogs\u00e5 Har sett lys fra mennesker: \u2013 Vi kan konsentrere s\u00f8ket Sar-Queen og to droner fra politiet&hellip;\n","protected":false},"author":2,"featured_media":51798,"comment_status":"","ping_status":"","sticky":false,"template":"","format":"standard","meta":{"footnotes":""},"categories":[10],"tags":[36,20,21,24,25,32,15,22,23,170,13,30,28,29,447,14,16,589,1510,26,27],"class_list":{"0":"post-51797","1":"post","2":"type-post","3":"status-publish","4":"format-standard","5":"has-post-thumbnail","7":"category-norge","8":"tag-art","9":"tag-breaking-news","10":"tag-breakingnews","11":"tag-featured-news","12":"tag-featurednews","13":"tag-finnmark","14":"tag-headlines","15":"tag-latest-news","16":"tag-latestnews","17":"tag-leteaksjon","18":"tag-news","19":"tag-no","20":"tag-norge","21":"tag-norway","22":"tag-nyhet","23":"tag-nyheter","24":"tag-overskrifter","25":"tag-sor-varanger","26":"tag-story","27":"tag-top-stories","28":"tag-topstories"},"share_on_mastodon":{"url":"","error":""},"_links":{"self":[{"href":"https:\/\/www.europesays.com\/no\/wp-json\/wp\/v2\/posts\/51797","targetHints":{"allow":["GET"]}}],"collection":[{"href":"https:\/\/www.europesays.com\/no\/wp-json\/wp\/v2\/posts"}],"about":[{"href":"https:\/\/www.europesays.com\/no\/wp-json\/wp\/v2\/types\/post"}],"author":[{"embeddable":true,"href":"https:\/\/www.europesays.com\/no\/wp-json\/wp\/v2\/users\/2"}],"replies":[{"embeddable":true,"href":"https:\/\/www.europesays.com\/no\/wp-json\/wp\/v2\/comments?post=51797"}],"version-history":[{"count":0,"href":"https:\/\/www.europesays.com\/no\/wp-json\/wp\/v2\/posts\/51797\/revisions"}],"wp:featuredmedia":[{"embeddable":true,"href":"https:\/\/www.europesays.com\/no\/wp-json\/wp\/v2\/media\/51798"}],"wp:attachment":[{"href":"https:\/\/www.europesays.com\/no\/wp-json\/wp\/v2\/media?parent=51797"}],"wp:term":[{"taxonomy":"category","embeddable":true,"href":"https:\/\/www.europesays.com\/no\/wp-json\/wp\/v2\/categories?post=51797"},{"taxonomy":"post_tag","embeddable":true,"href":"https:\/\/www.europesays.com\/no\/wp-json\/wp\/v2\/tags?post=51797"}],"curies":[{"name":"wp","href":"https:\/\/api.w.org\/{rel}","templated":true}]}}