{"id":51803,"date":"2025-10-03T14:57:11","date_gmt":"2025-10-03T14:57:11","guid":{"rendered":"https:\/\/www.europesays.com\/no\/51803\/"},"modified":"2025-10-03T14:57:11","modified_gmt":"2025-10-03T14:57:11","slug":"havard-lilleheie-med-pa-toffe-utfordringer-i-71-grader-nord","status":"publish","type":"post","link":"https:\/\/www.europesays.com\/no\/51803\/","title":{"rendered":"H\u00e5vard Lilleheie med p\u00e5 t\u00f8ffe utfordringer i 71 grader nord"},"content":{"rendered":"<p class=\"kicker \" style=\"\">H\u00e5vard Lilleheie innr\u00f8mmer:\u00a0<\/p>\n<p>  TV-profilen utfordres igjen. Forrige gang tok trebarnsfaren til t\u00e5rene.<\/p>\n<p>\n    KOMIKER-PAR: H\u00e5vard Lilleheie og samboeren Randi Liodden er begge komikere og kjente TV-profiler. Foto: Andreas Fadum\/Se og H\u00f8r\n  <\/p>\n<p> Komiker og skuespiller H\u00e5vard Lilleheie (52) er i disse dager \u00e5 se i\u00a0<a href=\"https:\/\/www.dagbladet.no\/kjendis\/gikk-til-kamerafolkene-og-grat\/83670975\" target=\"_blank\" rel=\"nofollow noopener\">\u00ab71 grader nord &#8211; Norges t\u00f8ffeste kjendis\u00bb<\/a>. <\/p>\n<p> Men etappene i Discovery-programmet, som n\u00e5 er inne i sin 17. sesong, er ikke f\u00f8rste gang TV-seerne f\u00e5r se Lilleheie ute p\u00e5 tur.\u00a0<\/p>\n<p>Tilbake i 2018 var han \u00e5 se i TV 2-serien \u00abP\u00e5 tur med Dag Otto\u00bb, en reise han innr\u00f8mmer til\u00a0<a href=\"https:\/\/www.klikk.no\/underholdning\/havard-lilleheie-da-begynte-jeg-a-grate-7563741\" target=\"_blank\" rel=\"nofollow noopener\">Her og N\u00e5<\/a>\u00a0at satte spor og endte i t\u00e5rer.\u00a0<\/p>\n<p>        VANT: Under \u00e5rets Se og H\u00f8r Reality Awards, ble det store f\u00f8lelser for Camilla Sagen n\u00e5r hun og kj\u00e6resten Markus Botten vant pris. Video: Bloom Oslo \/ Se og H\u00f8r \/\/ Klipp: H\u00e5vard Bj\u00f8rnerem<\/p>\n<p>Sammen med Dag Otto Lauritzen (69), Markus Neby (34) og Kristian \u00d8deg\u00e5rd (51) gikk 52-\u00e5ringen det som er kjent som\u00a0\u00abverdens hardeste skil\u00f8p\u00bb.\u00a0<\/p>\n<p>Gjennom det 100 kilometer lange l\u00f8pet\u00a0\u00c5snes Expedition Amundsen, kjempet de seg over Hardangervidda med en pulk p\u00e5 40 kilo.<\/p>\n<p>    <a itemprop=\"url\" href=\"https:\/\/www.seher.no\/kjendis\/pagrepet-for-fyllekjoring\/83675138\" rel=\"nofollow noopener\" target=\"_blank\"><\/p>\n<p>      <img loading=\"lazy\" decoding=\"async\" src=\"https:\/\/www.europesays.com\/no\/wp-content\/uploads\/2025\/10\/83675196.webp\" width=\"980\" height=\"441\" title=\"P\u00e5grepet for fyllekj\u00f8ring\" alt=\"\" class=\"lazyload\" style=\"--aspect-ratio-image: 2.22; \"\/><\/p>\n<p>        P\u00e5grepet for fyllekj\u00f8ring<\/p>\n<p>    <\/a><\/p>\n<p>&#8211; Jeg var ikke forberedt, og det var sykt hardt. Jeg fikk masse vondter og slet, og trodde jeg m\u00e5tte avbryte. Vi var ute i over 50 timer, sier han til bladet, og fortsetter:\u00a0<\/p>\n<p>&#8211; Alle de flinke var jo ferdig for lengst da vi kom frem. Men da vi kom i m\u00e5l, s\u00e5 hadde folk ventet p\u00e5 oss. Det kom barn med vafler, og da begynte jeg \u00e5 gr\u00e5te for jeg var s\u00e5 utslitt og ble s\u00e5 glad.<\/p>\n<p>Utfordres p\u00e5 TV\t<\/p>\n<p>Men den t\u00f8ffe turen har tilsynelatende ikke skremt Lilleheie helt.\u00a0<\/p>\n<p>I selskap med en rekke kjente fjes, som Henrik Fladseth (36) og Ingrid Gjessing Linhave (48), har han og Lag Nordkapp allerede rukket \u00e5 kjempe seg gjennom beint\u00f8ffe utfordringer i\u00a0\u00ab71 grader nord &#8211; Norges t\u00f8ffeste kjendis\u00bb.<\/p>\n<p>          <img loading=\"lazy\" decoding=\"async\" src=\"https:\/\/www.europesays.com\/no\/wp-content\/uploads\/2025\/10\/83676379.webp\" width=\"686\" height=\"460\" title=\"\u00c5RETS DELTAKERE: Bak fra venstre: Mimmi L\u00f6fwenius Veum, Jenny Huse, Mush Bakenga, Ingrid Gjessing Linhave, Daniel Kvammen, Susanne Wergeland, Mayoo Indiran, J\u00f8rgen Karterud og programleder Tom Stiansen. Foran fra venstre: Hedvig Glestad, Henrik Fladseth, H\u00e5vard Lilleheie og Sanna Sarromaa. Foto: Matti Bernitz\/Warner Bros. Discovery\" alt=\"\" class=\"\" style=\"--aspect-ratio-image: 1.49; \"\/><\/p>\n<p>\n          \u00c5RETS DELTAKERE: Bak fra venstre: Mimmi L\u00f6fwenius Veum, Jenny Huse, Mush Bakenga, Ingrid Gjessing Linhave, Daniel Kvammen, Susanne Wergeland, Mayoo Indiran, J\u00f8rgen Karterud og programleder Tom Stiansen. Foran fra venstre: Hedvig Glestad, Henrik Fladseth, H\u00e5vard Lilleheie og Sanna Sarromaa. Foto: Matti Bernitz\/Warner Bros. Discovery\n      <\/p>\n<p>Da Se og H\u00f8r m\u00f8tte Lilleheie i forbindelse med premierefesten til programmet, hadde han med seg samboeren Randi Liodden (36).\u00a0<\/p>\n<p class=\"no_italic m-no_italic\" data-lab-italic=\"\">\u00a0P\u00e5 sp\u00f8rsm\u00e5l om han var klar for premiere, var svaret \u00abja\u00bb:\u00a0<\/p>\n<p class=\"font-weight-bold m-font-weight-bold\" data-lab-font_weight=\"font-weight-bold\">&#8211; Begynner \u00e5 bli det n\u00e5. Det er rart med det, hvordan det er s\u00e5 intenst n\u00e5r du er der, og s\u00e5 blir det intenst p\u00e5 en annen m\u00e5te n\u00e5r man kommer hjem, sa han den gang.\u00a0<\/p>\n<p>    <a itemprop=\"url\" href=\"https:\/\/www.seher.no\/kjendis\/bekrefter-ny-sesong\/83673233\" rel=\"nofollow noopener\" target=\"_blank\"><\/p>\n<p>      <img loading=\"lazy\" decoding=\"async\" src=\"https:\/\/www.europesays.com\/no\/wp-content\/uploads\/2025\/10\/83672955.webp\" width=\"980\" height=\"441\" title=\"Bekrefter ny sesong\" alt=\"\" class=\"lazyload\" style=\"--aspect-ratio-image: 2.22; \"\/><\/p>\n<p>        Bekrefter ny sesong<\/p>\n<p>    <\/a><\/p>\n<p>Han innr\u00f8mmet at han forventer \u00e5 bli overrasket av hva som dukker opp p\u00e5 TV-skjermen, da det er lett \u00e5 glemme hva man har v\u00e6rt med p\u00e5.\u00a0<\/p>\n<p>Da Se og H\u00f8r spurte om det er noe han gruer seg til \u00e5 se p\u00e5 TV, benyttet han anledningen til \u00e5 sende et humoristisk stikk til samboeren.\u00a0<\/p>\n<p>&#8211; Jeg snakker mye d\u00e5rlig om deg i \u00absync\u00bb, sa han sp\u00f8kefullt.\u00a0<\/p>\n<p>Sm\u00e5barnsforeldre\t<\/p>\n<p>Paret, som begge er komikere, ble foreldre p\u00e5 tampen av fjor\u00e5ret. Den hyggelige nyheten delte Lilleheie i sosiale medier.<\/p>\n<p>\u00abJada, vi har f\u00e5tt enda en baby\u00bb, skrev han til et bilde av samboeren og babyen.<\/p>\n<p>Paret har ogs\u00e5 s\u00f8nnen Amund sammen, som de \u00f8nsket velkommen til verden i desember 2021.\u00a0<\/p>\n<p>Fra f\u00f8r av har Lilleheie s\u00f8nnen Nils (15), med ekskona Anita Rennan.<\/p>\n","protected":false},"excerpt":{"rendered":"H\u00e5vard Lilleheie innr\u00f8mmer:\u00a0 TV-profilen utfordres igjen. Forrige gang tok trebarnsfaren til t\u00e5rene. KOMIKER-PAR: H\u00e5vard Lilleheie og samboeren Randi&hellip;\n","protected":false},"author":2,"featured_media":51804,"comment_status":"","ping_status":"","sticky":false,"template":"","format":"standard","meta":{"footnotes":""},"categories":[58],"tags":[4641,71,2549,479,30,28,29,72],"class_list":{"0":"post-51803","1":"post","2":"type-post","3":"status-publish","4":"format-standard","5":"has-post-thumbnail","7":"category-underholdning","8":"tag-71-grader-nord-norges-toffeste-kjendis","9":"tag-entertainment","10":"tag-havard-lilleheie","11":"tag-kjendis","12":"tag-no","13":"tag-norge","14":"tag-norway","15":"tag-underholdning"},"share_on_mastodon":{"url":"","error":""},"_links":{"self":[{"href":"https:\/\/www.europesays.com\/no\/wp-json\/wp\/v2\/posts\/51803","targetHints":{"allow":["GET"]}}],"collection":[{"href":"https:\/\/www.europesays.com\/no\/wp-json\/wp\/v2\/posts"}],"about":[{"href":"https:\/\/www.europesays.com\/no\/wp-json\/wp\/v2\/types\/post"}],"author":[{"embeddable":true,"href":"https:\/\/www.europesays.com\/no\/wp-json\/wp\/v2\/users\/2"}],"replies":[{"embeddable":true,"href":"https:\/\/www.europesays.com\/no\/wp-json\/wp\/v2\/comments?post=51803"}],"version-history":[{"count":0,"href":"https:\/\/www.europesays.com\/no\/wp-json\/wp\/v2\/posts\/51803\/revisions"}],"wp:featuredmedia":[{"embeddable":true,"href":"https:\/\/www.europesays.com\/no\/wp-json\/wp\/v2\/media\/51804"}],"wp:attachment":[{"href":"https:\/\/www.europesays.com\/no\/wp-json\/wp\/v2\/media?parent=51803"}],"wp:term":[{"taxonomy":"category","embeddable":true,"href":"https:\/\/www.europesays.com\/no\/wp-json\/wp\/v2\/categories?post=51803"},{"taxonomy":"post_tag","embeddable":true,"href":"https:\/\/www.europesays.com\/no\/wp-json\/wp\/v2\/tags?post=51803"}],"curies":[{"name":"wp","href":"https:\/\/api.w.org\/{rel}","templated":true}]}}