{"id":51805,"date":"2025-10-03T15:01:13","date_gmt":"2025-10-03T15:01:13","guid":{"rendered":"https:\/\/www.europesays.com\/no\/51805\/"},"modified":"2025-10-03T15:01:13","modified_gmt":"2025-10-03T15:01:13","slug":"sender-varsel-til-heimevernssoldater","status":"publish","type":"post","link":"https:\/\/www.europesays.com\/no\/51805\/","title":{"rendered":"Sender varsel til Heimevernssoldater"},"content":{"rendered":"<p class=\"kicker \" style=\"\">Uv\u00e6ret \u00abAmy\u00bb:<\/p>\n<p>  Det som ligger an til \u00e5 bli det verste uv\u00e6ret p\u00e5 \u00e5revis, er p\u00e5 vei mot Norge.\u00a0<\/p>\n<p>\n    TREFFER FOR FULLT I KVELD: Ferja \u00abM\/S Utsira\u00bb like nord for Utsira fredag formiddag. Kapteinen meldte torsdag kveld at b\u00e5ten kan bli innstilt p\u00e5 kort varsel. Foto: Jan K\u00e5re Ness \/ NTB\n  <\/p>\n<p> Fra fredag kveld til l\u00f8rdag ettermiddag er det meldt om ekstreme vindkast og nedb\u00f8rsmengder p\u00e5 grunn av ekstremv\u00e6ret \u00abAmy\u00bb.\u00a0<\/p>\n<p class=\"font-weight-bold m-font-weight-bold\" data-lab-font_weight=\"font-weight-bold\">Meteorologisk institutt har sendt ut <a href=\"https:\/\/www.yr.no\/nb\/farevarsler\" target=\"_blank\" rel=\"nofollow noopener\">r\u00f8dt farevarsel<\/a> om ekstremt mye regn for deler av Telemark og Vestfold.\u00a0<\/p>\n<p>Lokalt kan det komme s\u00e5 mye nedb\u00f8r som 80-100 millimeter i l\u00f8pet av 12 timer, og uv\u00e6ret er ventet \u00e5 bli blant de kraftigste p\u00e5 25 \u00e5r.\u00a0<\/p>\n<p class=\"font-weight-bold m-font-weight-bold\" data-lab-font_weight=\"font-weight-bold\">Samtidig gjelder et r\u00f8dt farevarsel om ekstremt kraftige vinkast langs kysten av Skagerrak, med lokale vindkast som kan n\u00e5 36 meter i sekundet fra en s\u00f8r\u00f8stlig retning.\u00a0<\/p>\n<p>Det er ventet full storm p\u00e5 kysten. Vinden vil \u00f8ke f\u00f8rst langs kysten i Agder, og avta til slutt i Oslofjorden, if\u00f8lge varselet fra Meteorologisk institutt.\u00a0<\/p>\n<p>        DET BLIR V\u00c5TT: Det er ventet ekstremt kraftige vindkast og regn i morgen. Vi har m\u00f8tt flere som gj\u00f8r seg klare for uv\u00e6ret. Video: Anabelle Bruun \/ Frida Haakstad<\/p>\n<p>          <img loading=\"lazy\" decoding=\"async\" src=\"https:\/\/www.europesays.com\/no\/wp-content\/uploads\/2025\/10\/1759503670_994_83678542.webp\" width=\"980\" height=\"559\" title=\"VARSLER: S\u00f8r-Norge er dekket av gult, oransje og r\u00f8dt farevarsel denne helga. Her vises varslene for vindkast. Foto: Meteorologisk institutt\" alt=\"\" class=\"\" style=\"--aspect-ratio-image: 1.75; \"\/><\/p>\n<p>\n          VARSLER: S\u00f8r-Norge er dekket av gult, oransje og r\u00f8dt farevarsel denne helga. Her vises varslene for vindkast. Foto: Meteorologisk institutt\n      <\/p>\n<p>Farevarsler i fleng\t<\/p>\n<p>Meteorologene har i tillegg sendt ut <a href=\"https:\/\/www.yr.no\/nb\/farevarsler\" target=\"_blank\" rel=\"nofollow noopener\">gule og oransje farevarsler<\/a>.<\/p>\n<p>Oransje farevarsler om sv\u00e6rt kraftige vindkast gjelder for Rogaland og deler av S\u00f8r-Vestland, for indre str\u00f8k og i fjellet i S\u00f8r-Norge, samt for deler av S\u00f8r\u00f8stlandet.<\/p>\n<p>Oransje farevarseler om sv\u00e6rt mye regn gjelder for deler av Rogaland, Agder, Telemark og Vestfold.<\/p>\n<p>Som f\u00f8lge av den kraftige nedb\u00f8ren, er det sendt ut oransje farevarsler om flomfare for lavereliggende deler av S\u00f8r- og \u00d8stlandet, samt jord- og flomskredfare i deler av Telemark, Buskerud og Vestfold.\u00a0<\/p>\n<p>          <img loading=\"lazy\" decoding=\"async\" src=\"https:\/\/www.europesays.com\/no\/wp-content\/uploads\/2025\/10\/1759503671_33_83678553.webp\" width=\"980\" height=\"559\" title=\"NEDB\u00d8R: Kartet viser de ulike farevarslene som er sendt ut fra Meteorologisk institutt i forbindelse med \u00abAmy\u00bb. Kartet viser nedb\u00f8rsvarselet. Foto: Meteorologisk institutt\" alt=\"\" class=\"\" style=\"--aspect-ratio-image: 1.75; \"\/><\/p>\n<p>\n          NEDB\u00d8R: Kartet viser de ulike farevarslene som er sendt ut fra Meteorologisk institutt i forbindelse med \u00abAmy\u00bb. Kartet viser nedb\u00f8rsvarselet. Foto: Meteorologisk institutt\n      <\/p>\n<p>\u00d8ker beredskap\t<\/p>\n<p> For \u00e5 kunne bist\u00e5 kommuner og befolkning n\u00e5r \u00abAmy\u00bb kommer innover kysten, har R\u00f8de Kors \u00f8kt beredskapen i Vestfold, Telemark, Buskerud og Agder. <\/p>\n<p class=\"font-weight-bold m-font-weight-bold\" data-lab-font_weight=\"font-weight-bold\">R\u00f8de Kors f\u00f8lger situasjonen tett og er forberedt p\u00e5 \u00e5 rykke ut hvis vind og regn skaper utfordringer lokalt. De kommer samtidig med klare r\u00e5d.<\/p>\n<p>&#8211; Vi minner om at det kan v\u00e6re farlig \u00e5 oppholde seg utend\u00f8rs i enkelte omr\u00e5der. Ta forholdsregler og f\u00f8lg r\u00e5d fra myndighetene, sier beredskapssjef Sverre Bakkeli i R\u00f8de Kors i en pressemelding.<\/p>\n<p>    <a itemprop=\"url\" href=\"https:\/\/www.dagbladet.no\/nyheter\/rodt-niva-fare-for-liv\/83675418\" rel=\"nofollow noopener\" target=\"_blank\"><\/p>\n<p>      <img loading=\"lazy\" decoding=\"async\" src=\"https:\/\/www.europesays.com\/no\/wp-content\/uploads\/2025\/10\/83676569.webp\" width=\"980\" height=\"441\" title=\"R\u00f8dt niv\u00e5: - Fare for liv\" alt=\"\" class=\"lazyload\" style=\"--aspect-ratio-image: 2.22; \"\/><\/p>\n<p>        R\u00f8dt niv\u00e5: &#8211; Fare for liv<\/p>\n<p>    <\/a><\/p>\n<p class=\"font-weight-bold m-font-weight-bold\" data-lab-font_weight=\"font-weight-bold\">Sykehuset i Vestfold har bedt R\u00f8de Kors om bistand.<\/p>\n<p>&#8211; Vestfold R\u00f8de Kors har akkurat n\u00e5 mottatt en bistandsanmodning fra ambulansetjenesten ved sykehuset i Vestfold, melder Bj\u00f8rn Hjalmar Andersen ved distriktskontoret til Vestfold og Telemark R\u00f8de Kors klokka 15.33 fredag ettermiddag.<\/p>\n<p>Heimevernet kartlegger\t<\/p>\n<p>Heimevernet har sendt ut SMS til soldatene for \u00e5 kartlegge hvem som kan stille p\u00e5 kort varsel, dersom det skulle komme en anmodning om det fra Statsforvalteren i forbindelse med ekstremv\u00e6ret \u00abAmy\u00bb.<\/p>\n<p>I SMS-en ber Heimevernet soldatene om \u00e5 svare om de kan stille i l\u00f8pet av alt fra to timer til \u00e5tte timer.<\/p>\n<p>        EKSTREMV\u00c6RET \u00abAMY\u00bb: Meteorologisk Institutt har sendt ut farevarsel flere steder. Meteorolog Eirin Ristesund kommer med flere advarsler og r\u00e5d til de som befinner seg i omr\u00e5dene. <\/p>\n<p class=\"font-weight-bold m-font-weight-bold\" data-lab-font_weight=\"font-weight-bold\">Heimevernet understreker at det ikke er en innkalling, men et varsel om mulig klargj\u00f8ring av beredskap i forbindelse med uv\u00e6ret.<\/p>\n<p>If\u00f8lge Meteorologisk institutt, beveger \u00abAmy\u00bb seg raskt \u00f8stover, og vil treffe Norge for fullt i l\u00f8pet av fredag kveld og i l\u00f8pet av natt til l\u00f8rdag.\u00a0<\/p>\n<p>Instituttet har delt et bilde som viser ekstremv\u00e6ret sett fra verdensrommet i <a href=\"https:\/\/x.com\/Meteorologene\/status\/1974092192181322151\" target=\"_blank\" rel=\"nofollow\">et innlegg p\u00e5 X<\/a>.<\/p>\n<p>          <img loading=\"lazy\" decoding=\"async\" src=\"https:\/\/www.europesays.com\/no\/wp-content\/uploads\/2025\/10\/1759503673_996_83678466.webp\" width=\"980\" height=\"559\" title=\"FRA OVEN: Stormsenteret \u00abAmy\u00bb sett fra verdensrommet. Stormen beveger seg raskt \u00f8stover, og treffer S\u00f8r-Norge for fullt i l\u00f8pet av kvelden og natta, opplyser meteorologene. Foto: Skjermdump \/ Meteorologisk institutt\" alt=\"\" class=\"\" style=\"--aspect-ratio-image: 1.75; \"\/><\/p>\n<p>\n          FRA OVEN: Stormsenteret \u00abAmy\u00bb sett fra verdensrommet. Stormen beveger seg raskt \u00f8stover, og treffer S\u00f8r-Norge for fullt i l\u00f8pet av kvelden og natta, opplyser meteorologene. Foto: Skjermdump \/ Meteorologisk institutt\n      <\/p>\n<p>Flere tiltak\t<\/p>\n<p>Myndighetene og kommunene har gjort flere tiltak i forbindelse med uv\u00e6ret.\u00a0<\/p>\n<p>Blant annet har Direktoratet for samfunnssikkerhet og beredskap (DSB) hatt beredskapsm\u00f8te med Politidirektoratet, NVE, Vegvesenet og Forsvaret.\u00a0<\/p>\n<p>Ogs\u00e5 Helsedirektoratet, Avinor, Bane Nor, Kystverket og meteorologene er blant dem som deltok i m\u00f8tet, skriver NTB.<\/p>\n","protected":false},"excerpt":{"rendered":"Uv\u00e6ret \u00abAmy\u00bb: Det som ligger an til \u00e5 bli det verste uv\u00e6ret p\u00e5 \u00e5revis, er p\u00e5 vei mot&hellip;\n","protected":false},"author":2,"featured_media":51806,"comment_status":"","ping_status":"","sticky":false,"template":"","format":"standard","meta":{"footnotes":""},"categories":[10],"tags":[20,21,7931,24,25,15,2539,22,23,13,30,28,29,14,16,6631,26,27,387],"class_list":{"0":"post-51805","1":"post","2":"type-post","3":"status-publish","4":"format-standard","5":"has-post-thumbnail","7":"category-norge","8":"tag-breaking-news","9":"tag-breakingnews","10":"tag-ekstremvaeret-amy","11":"tag-featured-news","12":"tag-featurednews","13":"tag-headlines","14":"tag-innenriks","15":"tag-latest-news","16":"tag-latestnews","17":"tag-news","18":"tag-no","19":"tag-norge","20":"tag-norway","21":"tag-nyheter","22":"tag-overskrifter","23":"tag-storm","24":"tag-top-stories","25":"tag-topstories","26":"tag-vaeret"},"share_on_mastodon":{"url":"","error":""},"_links":{"self":[{"href":"https:\/\/www.europesays.com\/no\/wp-json\/wp\/v2\/posts\/51805","targetHints":{"allow":["GET"]}}],"collection":[{"href":"https:\/\/www.europesays.com\/no\/wp-json\/wp\/v2\/posts"}],"about":[{"href":"https:\/\/www.europesays.com\/no\/wp-json\/wp\/v2\/types\/post"}],"author":[{"embeddable":true,"href":"https:\/\/www.europesays.com\/no\/wp-json\/wp\/v2\/users\/2"}],"replies":[{"embeddable":true,"href":"https:\/\/www.europesays.com\/no\/wp-json\/wp\/v2\/comments?post=51805"}],"version-history":[{"count":0,"href":"https:\/\/www.europesays.com\/no\/wp-json\/wp\/v2\/posts\/51805\/revisions"}],"wp:featuredmedia":[{"embeddable":true,"href":"https:\/\/www.europesays.com\/no\/wp-json\/wp\/v2\/media\/51806"}],"wp:attachment":[{"href":"https:\/\/www.europesays.com\/no\/wp-json\/wp\/v2\/media?parent=51805"}],"wp:term":[{"taxonomy":"category","embeddable":true,"href":"https:\/\/www.europesays.com\/no\/wp-json\/wp\/v2\/categories?post=51805"},{"taxonomy":"post_tag","embeddable":true,"href":"https:\/\/www.europesays.com\/no\/wp-json\/wp\/v2\/tags?post=51805"}],"curies":[{"name":"wp","href":"https:\/\/api.w.org\/{rel}","templated":true}]}}