{"id":51815,"date":"2025-10-03T15:10:07","date_gmt":"2025-10-03T15:10:07","guid":{"rendered":"https:\/\/www.europesays.com\/no\/51815\/"},"modified":"2025-10-03T15:10:07","modified_gmt":"2025-10-03T15:10:07","slug":"har-blitt-enige-om-en-ting-vi-ma-ha-fokus-pa-det-som-skjer-i-gruppa-var-fvn-no","status":"publish","type":"post","link":"https:\/\/www.europesays.com\/no\/51815\/","title":{"rendered":"Har blitt enige om \u00e9n ting: \u2013 Vi m\u00e5 ha fokus p\u00e5 det som skjer i gruppa v\u00e5r &#8211; fvn.no"},"content":{"rendered":"<ol>\n<li><a href=\"https:\/\/news.google.com\/rss\/articles\/CBMitAFBVV95cUxOeDNGa0dPMVQyMmxyUDU1V2M5QjBKX3VjRjF1SGVmVlh6TkpwanoySXViUFdRdEJVQzQ1TWpKVlg3Y3F0eUtRTzBHSHJqb3Z3cWQzYXo5R0hkRzBMWDJOeU9VdlY4d2FuSldta1JjWEFYV1M4TUNBemk5bzRJQzlvT2FwTE1pSTEyV19oU2VvRTVvVzNDSEdnMTRDRFF1am1TSHk0N0Y1Z3hERncxNG1nREtxakc?oc=5\" target=\"_blank\" rel=\"nofollow noopener\">Har blitt enige om \u00e9n ting: \u2013 Vi m\u00e5 ha fokus p\u00e5 det som skjer i gruppa v\u00e5r<\/a>&nbsp;&nbsp;fvn.no<\/li>\n<li><a href=\"https:\/\/news.google.com\/rss\/articles\/CBMihAFBVV95cUxQVHJnbW9DbWFLMDNsSWhqQWF5UXRraG01djU2aDI5Rmh0X1RJWmtSRnBNZ19mUmZIMDVpVUZLRmRiMU5SN2FKOHNRbWRJM1hndjdiMUNTX3NtYlVYcXZXaWlwcEhTNjNRNks0RjZNaS1NODNkQ1JicDEwS2VXWERPY25GVzY?oc=5\" target=\"_blank\" rel=\"nofollow noopener\">Gunstig resultat for AaFK<\/a>&nbsp;&nbsp;smp.no<\/li>\n<li><a href=\"https:\/\/news.google.com\/rss\/articles\/CBMiuwFBVV95cUxORklObUpnZE5hZkptVnl4a01vRVhqbWJhUnYwdjlHd3ZyWjloZE5yQTNMR0NSc0ZqeTdfOE1KLVlFa0szajg5LTlfVDNXbjFBeXRZQ0tsaUdsLWJ2LVJNX0kyaXhFU3pDRUJmRlZWU25lNEVuY1RhSjVNdUJ5OS10aDlRMW9GU1Ezb3RpeUpMUTF0MnpXNzlXVGFKTkxDSkVqWjBfNFE4enRtVUU4QWdxZnpZbGUwTUJvNkxJ?oc=5\" target=\"_blank\" rel=\"nofollow noopener\">EIK, Fotball | Fikk et \u00abspark i baken\u00bb av sjefen i pausen: \u2013 Det var veldig tamt og energil\u00f8st<\/a>&nbsp;&nbsp;Dalane Tidende<\/li>\n<li><a href=\"https:\/\/news.google.com\/rss\/articles\/CBMipAFBVV95cUxOa2EwOGN4bmc3aWlwQmlGX0JBNHozV0Y1MGtqNGJFVlczaW1hbTVBa1JFeVVmbmJfN1FicG5kZ1JuQ2ctY2ZndHdCeXNWOWk3SnA0UktRdFB4UzRqLWtsczdrQzk4dlpOa2JBXzkwOUMwdy1GT3pMMTJsOW80aUg0RUpLRDN1SG5Nd1NGMFZ1TzFmY1BieHNMQk5PMVhVUXFvaFFRQw?oc=5\" target=\"_blank\" rel=\"nofollow noopener\">Vant i sin f\u00f8rste kamp siden november i fjor: \u2013 Sinnssykt digg!<\/a>&nbsp;&nbsp;Stavanger Aftenblad<\/li>\n<li><a href=\"https:\/\/news.google.com\/rss\/articles\/CBMinwFBVV95cUxPRi1NT1pDNXZCWVRGclExNW9acHpzcmFGSnlmR094V2w5eF9MVUhUaEtfckZ5ekE2ME9EU1FoTTJrQU1KMV81RlhENDRUYy03b2FWMzRRZHNIbnZQNUhSeGhFZ3lQMVJEcUZiRC0tQ1B1dUtCOGRueDdwQUxxa3NaaExPV1l5NkJkUDRVenVCeHdaeXQ0QkV5RU10dmlOTjQ?oc=5\" target=\"_blank\" rel=\"nofollow noopener\">Thriller i kampen om kvalifisering: Ranheim tar imot Egersund!<\/a>&nbsp;&nbsp;Ranheim Fotball<\/li>\n<\/ol>\n","protected":false},"excerpt":{"rendered":"Har blitt enige om \u00e9n ting: \u2013 Vi m\u00e5 ha fokus p\u00e5 det som skjer i gruppa v\u00e5r&nbsp;&nbsp;fvn.no&hellip;\n","protected":false},"author":2,"featured_media":51816,"comment_status":"","ping_status":"","sticky":false,"template":"","format":"standard","meta":{"footnotes":""},"categories":[59],"tags":[5528,30,28,29,7932,83,82],"class_list":{"0":"post-51815","1":"post","2":"type-post","3":"status-publish","4":"format-standard","5":"has-post-thumbnail","7":"category-sport","8":"tag-azar-karadas","9":"tag-no","10":"tag-norge","11":"tag-norway","12":"tag-sivert-sira-hansen","13":"tag-sport","14":"tag-sports"},"share_on_mastodon":{"url":"","error":""},"_links":{"self":[{"href":"https:\/\/www.europesays.com\/no\/wp-json\/wp\/v2\/posts\/51815","targetHints":{"allow":["GET"]}}],"collection":[{"href":"https:\/\/www.europesays.com\/no\/wp-json\/wp\/v2\/posts"}],"about":[{"href":"https:\/\/www.europesays.com\/no\/wp-json\/wp\/v2\/types\/post"}],"author":[{"embeddable":true,"href":"https:\/\/www.europesays.com\/no\/wp-json\/wp\/v2\/users\/2"}],"replies":[{"embeddable":true,"href":"https:\/\/www.europesays.com\/no\/wp-json\/wp\/v2\/comments?post=51815"}],"version-history":[{"count":0,"href":"https:\/\/www.europesays.com\/no\/wp-json\/wp\/v2\/posts\/51815\/revisions"}],"wp:featuredmedia":[{"embeddable":true,"href":"https:\/\/www.europesays.com\/no\/wp-json\/wp\/v2\/media\/51816"}],"wp:attachment":[{"href":"https:\/\/www.europesays.com\/no\/wp-json\/wp\/v2\/media?parent=51815"}],"wp:term":[{"taxonomy":"category","embeddable":true,"href":"https:\/\/www.europesays.com\/no\/wp-json\/wp\/v2\/categories?post=51815"},{"taxonomy":"post_tag","embeddable":true,"href":"https:\/\/www.europesays.com\/no\/wp-json\/wp\/v2\/tags?post=51815"}],"curies":[{"name":"wp","href":"https:\/\/api.w.org\/{rel}","templated":true}]}}