{"id":51839,"date":"2025-10-03T15:36:10","date_gmt":"2025-10-03T15:36:10","guid":{"rendered":"https:\/\/www.europesays.com\/no\/51839\/"},"modified":"2025-10-03T15:36:10","modified_gmt":"2025-10-03T15:36:10","slug":"vaer-ekstremvaer-sas-fly-droppet-vaernes-landing","status":"publish","type":"post","link":"https:\/\/www.europesays.com\/no\/51839\/","title":{"rendered":"V\u00e6r, Ekstremv\u00e6r | SAS-fly droppet V\u00e6rnes-landing"},"content":{"rendered":"\n<p><b>OPPDATERT 16.10: <\/b>To SAS-fly har valgt \u00e5 returnere da de egentlig skulle lande p\u00e5 V\u00e6rnes fredag ettermiddag. Det bekrefter lufthavndirekt\u00f8r Marit Helene Stigen ved V\u00e6rnes lufthavn.<\/p>\n<p>\u2013 V\u00e6ret p\u00e5 bakken er godt, men to fly har likevel m\u00e5ttet snu, sier hun.<\/p>\n<p>Kansellert K\u00f8benhavn-flyging<\/p>\n<p>Det ene flyet kom fra K\u00f8benhavn, og skulle til V\u00e6rnes.<\/p>\n<p>\u2013 Dette skulle ta med seg passasjerer tilbake til K\u00f8benhavn, men reisen er n\u00e5 kansellert, sier Stigen.<\/p>\n<p>Flyet er omdirigert til Oslo lufthavn Gardemoen.<\/p>\n<p>Det andre var et SAS-fly fra Oslo til Trondheim, som valgte \u00e5 returnere til Gardemoen.<\/p>\n<p>\u2013 Vi f\u00f8lger v\u00e6rmeldingen sv\u00e6rt n\u00f8ye. Det er gode forhold p\u00e5 bakken, men vinden \u00f8ker jo h\u00f8yere opp man kommer, og dette gj\u00f8r situasjonen periodevis utfordrende. I morgen varsles en mer gunstig vindretning. Jeg t\u00f8r ikke \u00e5 sp\u00e5 hvordan det blir i lufta, men det er f\u00e6rre flyginger i morgen, spesielt i tidsrommet det er meldt mest vind, sier Stigen.<\/p>\n<p><b>Stigen oppfordrer reisende til \u00e5 m\u00f8te opp som vanlig.<\/b><\/p>\n<p>\u2013 Uv\u00e6ret kan bli ille<\/p>\n<p>\u2013 Vindkastene kommer til \u00e5 sl\u00e5 ned veldig lokalt. Men der de treffer, treffer de skikkelig. Uv\u00e6ret kan bli ille ogs\u00e5 i Tr\u00f8ndelag, sier vakthavende meteorolog Eirin Ristesund ved Meteorologisk institutt.<\/p>\n<p>   <img decoding=\"async\" width=\"1000\" height=\"561\" fetchpriority=\"low\"  loading=\"lazy\"  src=\"https:\/\/www.europesays.com\/no\/wp-content\/uploads\/2025\/10\/lc-img-3879e8d1-e189-47d9-b048-47286e58c495.jpg\" alt=\"\" class=\"brick-c-cFOWSL\" style=\"--brick-image-ratio: 1000 \/ 561;\"\/><\/p>\n<p>    FAREVARSEL: Det er sendt ut gult og oransje farevarsel for Tr\u00f8ndelag. Grensa g\u00e5r ved Selbuskogen.<br \/>\n    Foto: Meteorologisk institutt\n  <\/p>\n<p>Varselet om ekstremv\u00e6ret \u00abAmy\u00bb, som ble sendt ut torsdag, er fredag oppgradert. Selv om det meste av Tr\u00f8ndelag slipper unna det verste, er det sendt ut b\u00e5de oransje og gult farevarsel. Grensa vil v\u00e6re Selbuskogen, og det er de s\u00f8rlige delene av fylket som har f\u00e5tt oransje varsel. Med s\u00f8r\u00f8stlige vindkast opp mot 35 meter i sekundet i s\u00f8rlige deler og opp mot 33 lenger nord.<\/p>\n<p>\u2013 Oransje varsel er at det kommer til \u00e5 bli hendelser. Gult betyr at det vil bli hendelser hvis en ikke tar forholdsregler.<\/p>\n<p>Drar seg til<\/p>\n<p>Ekstremv\u00e6ret vil dra seg til i Tr\u00f8ndelag fredag kveld og p\u00e5g\u00e5 til l\u00f8rdag kveld. Ristesund advarer om liten storm i utsatte fjordstr\u00f8k, ogs\u00e5 i deler av Trondheimsfjorden.<\/p>\n<p>Uv\u00e6ret kommer ganske s\u00e5 sikkert til \u00e5 f\u00f8re til stengte veier som f\u00f8lge av tr\u00e6r som har bl\u00e5st ned.<\/p>\n<p>\u2013 Noe av utfordringen er at det enn\u00e5 er tidlig h\u00f8st og l\u00f8v p\u00e5 tr\u00e6rne. Dermed blir det st\u00f8rre vindfang og at sannsynligheten for at tr\u00e6r bl\u00e5ser ned, st\u00f8rre.<\/p>\n<p>Ristesund anbefaler ikke tr\u00f8nderne \u00e5 kj\u00f8re s\u00f8rover i perioden det er varslet ekstremv\u00e6r.<\/p>\n<p>\u2013 Det er ikke noe jeg anbefaler. Men m\u00e5 du ut p\u00e5 langtur m\u00e5 du forvente stengte veier.<\/p>\n<p>\u00c9n klar oppfordring<\/p>\n<p>Ristesund regner ogs\u00e5 med at det i flere hager er usikrede gjenstander. Her er oppfordringen \u00e5 f\u00e5 ryddet opp.<\/p>\n<p>\u2013 Har du usikret trampoline i hagen er det stor sjanse for at den havner i hagen til naboen.<\/p>\n<p>Selv om det er de s\u00f8rlige deler av fylket som vil f\u00e5 f\u00f8le mest p\u00e5 ekstremv\u00e6ret, kan ting if\u00f8lge meteorologen endre seg.<\/p>\n<p>\u2013 Det er et ganske komplekst v\u00e6rbilde. Jeg anbefaler at folk \u00e5 f\u00f8lge med p\u00e5 yr.no og holde seg oppdatert.<\/p>\n<p>Meteorologen anbefaler ogs\u00e5 at de som m\u00e5tte v\u00e6re avhengig av str\u00f8m, tar sine forholdsregler.<\/p>\n<p>\u2013 Vi m\u00e5 anta at de sterke vindkastene vil f\u00f8re til trefall som rammer viktig infrastruktur, som vei, str\u00f8mnett og bredb\u00e5nd.<\/p>\n","protected":false},"excerpt":{"rendered":"OPPDATERT 16.10: To SAS-fly har valgt \u00e5 returnere da de egentlig skulle lande p\u00e5 V\u00e6rnes fredag ettermiddag. Det&hellip;\n","protected":false},"author":2,"featured_media":51840,"comment_status":"","ping_status":"","sticky":false,"template":"","format":"standard","meta":{"footnotes":""},"categories":[10],"tags":[36,20,21,7933,24,25,15,7591,22,23,13,30,28,29,14,16,1510,26,27,553],"class_list":{"0":"post-51839","1":"post","2":"type-post","3":"status-publish","4":"format-standard","5":"has-post-thumbnail","7":"category-norge","8":"tag-art","9":"tag-breaking-news","10":"tag-breakingnews","11":"tag-ekstremvaer","12":"tag-featured-news","13":"tag-featurednews","14":"tag-headlines","15":"tag-hoststorm","16":"tag-latest-news","17":"tag-latestnews","18":"tag-news","19":"tag-no","20":"tag-norge","21":"tag-norway","22":"tag-nyheter","23":"tag-overskrifter","24":"tag-story","25":"tag-top-stories","26":"tag-topstories","27":"tag-vaer"},"share_on_mastodon":{"url":"","error":""},"_links":{"self":[{"href":"https:\/\/www.europesays.com\/no\/wp-json\/wp\/v2\/posts\/51839","targetHints":{"allow":["GET"]}}],"collection":[{"href":"https:\/\/www.europesays.com\/no\/wp-json\/wp\/v2\/posts"}],"about":[{"href":"https:\/\/www.europesays.com\/no\/wp-json\/wp\/v2\/types\/post"}],"author":[{"embeddable":true,"href":"https:\/\/www.europesays.com\/no\/wp-json\/wp\/v2\/users\/2"}],"replies":[{"embeddable":true,"href":"https:\/\/www.europesays.com\/no\/wp-json\/wp\/v2\/comments?post=51839"}],"version-history":[{"count":0,"href":"https:\/\/www.europesays.com\/no\/wp-json\/wp\/v2\/posts\/51839\/revisions"}],"wp:featuredmedia":[{"embeddable":true,"href":"https:\/\/www.europesays.com\/no\/wp-json\/wp\/v2\/media\/51840"}],"wp:attachment":[{"href":"https:\/\/www.europesays.com\/no\/wp-json\/wp\/v2\/media?parent=51839"}],"wp:term":[{"taxonomy":"category","embeddable":true,"href":"https:\/\/www.europesays.com\/no\/wp-json\/wp\/v2\/categories?post=51839"},{"taxonomy":"post_tag","embeddable":true,"href":"https:\/\/www.europesays.com\/no\/wp-json\/wp\/v2\/tags?post=51839"}],"curies":[{"name":"wp","href":"https:\/\/api.w.org\/{rel}","templated":true}]}}