{"id":51848,"date":"2025-10-03T15:50:12","date_gmt":"2025-10-03T15:50:12","guid":{"rendered":"https:\/\/www.europesays.com\/no\/51848\/"},"modified":"2025-10-03T15:50:12","modified_gmt":"2025-10-03T15:50:12","slug":"fikk-trusler-sa-smalt-det","status":"publish","type":"post","link":"https:\/\/www.europesays.com\/no\/51848\/","title":{"rendered":"Fikk trusler &#8211; s\u00e5 smalt det"},"content":{"rendered":"<p>Natt til 16. september ble en mann i 20-\u00e5ra kidnappet og fraktet til utlandet. Politiet kom i kontakt med ham fire dager seinere, og han er i god behold.<\/p>\n<p>Samtidig skal det ha blitt rettet grove trusler mot familien &#8211; blant annet om drap &#8211; signert Foxtrot, f\u00e5r Dagbladet opplyst. <\/p>\n<p>F\u00e5 dager seinere kastes to granater mot en salong i Pilestredet, som har tilknytning til et familiemedlem &#8211; og som gj\u00f8r at politiet ser de to hendelsene i sammenheng.<\/p>\n<p>          <img loading=\"lazy\" decoding=\"async\" src=\"https:\/\/www.europesays.com\/no\/wp-content\/uploads\/2025\/10\/83678437.webp\" width=\"980\" height=\"559\" title=\"SKADER: Salongen fikk skader p\u00e5 fasaden etter angrepet. Foto: Terje Bendiksby \/ NTB\" alt=\"\" class=\"\" style=\"--aspect-ratio-image: 1.75; \"\/><\/p>\n<p>\n          SKADER: Salongen fikk skader p\u00e5 fasaden etter angrepet. Foto: Terje Bendiksby \/ NTB\n      <\/p>\n<p>Som Dagbladet tidligere har omtalt, skal b\u00e5de kidnappingen og eksplosjonen knytte seg til en konflikt med en person tett p\u00e5 den kidnappende mannen i 20-\u00e5ra, som<a href=\"https:\/\/www.dagbladet.no\/nyheter\/sporene-peker-mot-foxtrot\/83636050\" rel=\"nofollow noopener\" target=\"_blank\"> Foxtrot mener skylder dem flere millioner kroner<\/a>.<\/p>\n<p>&#8211; Direkte trussel\t<\/p>\n<p>Personen tilknyttet salongen i Pilestredet, har status som forn\u00e6rmet.<\/p>\n<p>&#8211; En person har status som forn\u00e6rmet i saken fordi det har v\u00e6rt en direkte trussel, sier politiadvokat Sonika Sharma-Sundheim.\u00a0<\/p>\n<p>Forn\u00e6rmedes bistandsadvokat, Stian M\u00e6land, \u00f8nsker ikke \u00e5 kommentere saken.\u00a0<\/p>\n<p>Det har ikke lykkes Dagbladet \u00e5 komme i kontakt med bistandsadvokaten til kidnappingsofferet, Espen Wangberg.\u00a0<\/p>\n<p>        <img loading=\"lazy\" decoding=\"async\" itemprop=\"image\" src=\"https:\/\/www.europesays.com\/no\/wp-content\/uploads\/2025\/10\/83672405.webp\" width=\"180\" height=\"180\" alt=\"Kidnappingsoffer \"\/><\/p>\n<p>            Kidnappingsoffer<br \/>\n            Kidnappingsoffer<\/p>\n<p>En mann i 20-\u00e5ra ble kidnappet 15. september. Politiet kom i kontakt med ham 19. september. Han er enn\u00e5 ikke avh\u00f8rt.<\/p>\n<p>        <img loading=\"lazy\" decoding=\"async\" itemprop=\"image\" src=\"https:\/\/www.europesays.com\/no\/wp-content\/uploads\/2025\/10\/83672405.webp\" width=\"180\" height=\"180\" alt=\"Granatm\u00e5l \"\/><\/p>\n<p>            Granatm\u00e5l<br \/>\n            Granatm\u00e5l<\/p>\n<p>Et familiemedlem av kidnappingsofferet er tilknyttet salongen som politiet mener var m\u00e5let for granatene i Pilestredet. Politiet ser det i sammenheng med trusler mot familien.<\/p>\n<p>        <img loading=\"lazy\" decoding=\"async\" itemprop=\"image\" src=\"https:\/\/www.europesays.com\/no\/wp-content\/uploads\/2025\/10\/83672405.webp\" width=\"180\" height=\"180\" alt=\"Familiemedlem \"\/><\/p>\n<p>            Familiemedlem<br \/>\n            Familiemedlem<\/p>\n<p>Et annet familiemedlem skal if\u00f8lge Dagbladets opplysninger v\u00e6re i en konflikt med Foxtrot &#8211; som mener at vedkommende skylder dem flere millioner kroner.<\/p>\n<p>Flere varetektsfengslet\t<\/p>\n<p> Tre personer er siktet og varetektsfengslet i forbindelse med frihetsber\u00f8velsen.\u00a0<\/p>\n<p>Ytterligere en mann er internasjonalt etterlyst. Han er i Marokko, og if\u00f8lge forsvarer Daniel Storrvik vil han snakke med politiet n\u00e5r han kommer hjem.\u00a0<\/p>\n<p>        23 \u00e5r gamle Enes havnet midt i dramatikken da en det gikk av en granat i Pilestredet i Oslo tirsdag kveld.<\/p>\n<p>Politiadvokat Sonika Sharma-Sundheim sier at flere er siktet i saken, men vil ikke oppgi antall. <\/p>\n<p>&#8211; Vi mener det er et oppgj\u00f8r i et kriminelt milj\u00f8, men jeg vil ikke utdype noe mer enn det fordi det er tidlig i etterforskningsfasen. Vi har ikke snakket med forn\u00e6rmede, og det er \u00f8nskelig at<br \/>\nhan bidrar. Vi har dialog med bistandsadvokat om dette, men per n\u00e5 er ikke forn\u00e6rmede avh\u00f8rt av politiet, sier Sharma-Sundheim.\u00a0<\/p>\n<p>Politiet bekreftet tidlig at kidnappingssaken er en del av etterforskningen av granatangrepet. Sharma-Sundheim understreker at de har tett samarbeid om disse sakene i politiet.\u00a0<\/p>\n<p>          <img loading=\"lazy\" decoding=\"async\" src=\"https:\/\/www.europesays.com\/no\/wp-content\/uploads\/2025\/10\/83677900.webp\" width=\"686\" height=\"460\" title=\"KIDNAPPINGEN: Politiadvokat Sonika Sharma-Sundheim holder i etterforskningen av frihetsber\u00f8velsen. Foto: Heiko Junge \/ NTB\" alt=\"\" class=\"\" style=\"--aspect-ratio-image: 1.49; \"\/><\/p>\n<p>\n          KIDNAPPINGEN: Politiadvokat Sonika Sharma-Sundheim holder i etterforskningen av frihetsber\u00f8velsen. Foto: Heiko Junge \/ NTB\n      <\/p>\n<p>Fire hendelser\t<\/p>\n<p>I tillegg til kidnappingen, etterforsker politiet to andre hendelser som de ser i sammenheng med Pilestredet-eksplosjonen:\u00a0<\/p>\n<p>Et avverget eksplosjonsangrep og skyting mot en bolig i Sarpsborg.\u00a0<\/p>\n<p>Bare dager etter hendelsen i Pilestredet, fredag 26. september, ble en 31 \u00e5r gammel mann p\u00e5grepet fordi politiet mener at han overleverte granatene til 13-\u00e5ringene som kastet disse mot salongen i Pilestredet.\u00a0<\/p>\n<p>    <a itemprop=\"url\" href=\"https:\/\/www.dagbladet.no\/nyheter\/kilder-i-skjul-etter-millionkonflikt\/83671600\" rel=\"nofollow noopener\" target=\"_blank\"><\/p>\n<p>      <img loading=\"lazy\" decoding=\"async\" src=\"https:\/\/www.europesays.com\/no\/wp-content\/uploads\/2025\/10\/83668388.webp\" width=\"980\" height=\"441\" title=\"Kilder: I skjul etter millionkonflikt\" alt=\"\" class=\"lazyload\" style=\"--aspect-ratio-image: 2.22; \"\/><\/p>\n<p>        Kilder: I skjul etter millionkonflikt<\/p>\n<p>    <\/a><\/p>\n<p>Mannen er ogs\u00e5 siktet for oppbevaring av granater som politiet mener var tiltenkt et sprengningsoppdrag p\u00e5 en adresse i Sarpsborg samme dag. Dette angrepet ble avverget av politiet.\u00a0<\/p>\n<p>31-\u00e5ringens rolle i Pilestredet-hendelsen og oppdraget i Sarpsborg, gj\u00f8r at politiet ogs\u00e5 ser disse hendelsene i sammenheng.\u00a0<\/p>\n<p>To andre menn i 20-\u00e5ra er siktet for medvirkning i forbindelse med sprengningsoppdraget som ikke ble noe av.\u00a0<\/p>\n<p>    Fire hendelser: Disse er p\u00e5grepet<\/p>\n<p class=\"font-weight-bold m-font-weight-bold\" data-lab-font_weight=\"font-weight-bold\">Kidnappingen 15. september:\u00a0<\/p>\n<p>Tre personer er varetektsfengslet i forbindelse med frihetsber\u00f8velsen. Alle tre nekter straffskyld. En mann er internasjonalt etterlyst. Hans forsvarer Daniel Storrvik avviser at han er p\u00e5 r\u00f8mmen.\u00a0<\/p>\n<p>\u00a0I tillegg skal flere personer v\u00e6re siktet, men politiet \u00f8nsker ikke \u00e5 oppgi antall.\u00a0<\/p>\n<p class=\"font-weight-bold m-font-weight-bold\" data-lab-font_weight=\"font-weight-bold\">Granateksplosjonen 23. september:\u00a0<\/p>\n<p>To 13-\u00e5ringer ble innbragt av politiet etter \u00e5 ha kastet granatene. De er under den kriminelle lavalder og ivaretas av barnevernet.\u00a0<\/p>\n<p>To 15-\u00e5ringer er siktet for medvirkning til ulovlig befatning med eksplosiver. De er l\u00f8slatt, og det er uklart hvordan de stiller seg til anklagene.\u00a0<\/p>\n<p>En 31 \u00e5r gammel mann &#8211; granatmannen &#8211; er siktet for \u00e5 ha overlevert granater til 13-\u00e5ringene.\u00a0<\/p>\n<p class=\"font-weight-bold m-font-weight-bold\" data-lab-font_weight=\"font-weight-bold\">Avverget Sarpsborg-angrep:\u00a0<\/p>\n<p>Den 31 \u00e5r gamle granatmannen er ogs\u00e5 siktet for befatning med eksplosiver i forbindelse med et sprengningsoppdrag i Sarpsborg, som politiet avverget. Han nekter straffskyld.\u00a0<\/p>\n<p>To menn i 20-\u00e5ra er siktet for medvirkning til ulovlig befatning med eksplosiver. En av dem nekter straffskyld. Det er uklart hvordan den siktede &#8211; som ble p\u00e5grepet torsdag denne uka &#8211; stiller seg til siktelsen.\u00a0<\/p>\n<p class=\"font-weight-bold m-font-weight-bold\" data-lab-font_weight=\"font-weight-bold\">Sarpsborg-skyting:\u00a0<\/p>\n<p>Gutter p\u00e5 12, 13 og 14 \u00e5r ble innbragt av politiet etter skyting mot en adresse i Sarpsborg tirsdag. De ivaretas av barnevernet.\u00a0<\/p>\n<p>En gutt p\u00e5 15 \u00e5r er siktet i saken. Han nekter straffskyld.\u00a0<\/p>\n<p>      Vis mer<br \/>\n      Vis mindre<\/p>\n<p>Skudd i Sarpsborg\t<\/p>\n<p>Tirsdag denne uka ble det l\u00f8snet skudd mot en bolig i Sarpsborg. Tre gutter p\u00e5 12, 13 og 14 \u00e5r ble innbragt av politiet.\u00a0<\/p>\n<p>En gutt p\u00e5 15 \u00e5r ble p\u00e5grepet dagen etter og l\u00f8slatt etter politiavh\u00f8r.<\/p>\n<p> Dagbladet har tidligere omtalt at\u00a0<a href=\"https:\/\/www.dagbladet.no\/nyheter\/kan-knyttes-til-massivt-pengekrav\/83667942\" rel=\"nofollow noopener\" target=\"_blank\">skytingen mot bolighuset i Sarpsborg kan knyttes til et pengekrav<\/a>\u00a0mot en mann som kan knyttes til huset.\u00a0 Dagbladet f\u00e5r opplyst at en person fra Midt\u00f8sten skal ha f\u00e5tt hjelp av Sarpsborg-mannen til \u00e5 overf\u00f8re 1,4 millioner kroner til Kurdistan \u2013 penger som angivelig ikke skal ha kommet fram. <\/p>\n<p>Kriminelle har s\u00e5 blitt tilbudt omkring en halv million for \u00e5 f\u00e5 tilbake pengene som forsvant. Dagbladet f\u00e5r opplyst at det kan ha v\u00e6rt en av kreditorene som koblet inn folk tilknyttet det svenske Foxtrot-nettverket.<\/p>\n<p>          <img loading=\"lazy\" decoding=\"async\" src=\"https:\/\/www.europesays.com\/no\/wp-content\/uploads\/2025\/10\/83677916.webp\" width=\"980\" height=\"559\" title=\"GRANAT-SAKEN: Politiadvokat Henrik R\u00e5dal etter pressekonferansen om utvikling i granat-saken, der de informerte pressen om de to Sarpsborg-hendelsene. Foto: Jonas Been Henriksen \/ NTB\" alt=\"\" class=\"\" style=\"--aspect-ratio-image: 1.75; \"\/><\/p>\n<p>\n          GRANAT-SAKEN: Politiadvokat Henrik R\u00e5dal etter pressekonferansen om utvikling i granat-saken, der de informerte pressen om de to Sarpsborg-hendelsene. Foto: Jonas Been Henriksen \/ NTB\n      <\/p>\n<p>Politiet mener at de unge guttene i Sarpsborg, i likhet med de mistenkte 13-\u00e5ringene etter eksplosjonen, har handlet p\u00e5 bestilling fra andre &#8211; og at de har f\u00e5tt voldsoppdrag gjennom sosiale medier.<\/p>\n<p>&#8211; Det er sannsynlig at oppdragene er gitt av bakmenn som kan befinne seg i utlandet, og vi mener at det er sannsynlig at ogs\u00e5 noen av disse kan ha en tilknytning til det svenske Foxtrot-nettverket. Men det er ogs\u00e5 en viktig del av den p\u00e5g\u00e5ende etterforskningen \u00e5 kartlegge dette n\u00e6rmere, sa politiadvokat R\u00e5dal til Dagbladet onsdag.<\/p>\n","protected":false},"excerpt":{"rendered":"Natt til 16. september ble en mann i 20-\u00e5ra kidnappet og fraktet til utlandet. Politiet kom i kontakt&hellip;\n","protected":false},"author":2,"featured_media":51849,"comment_status":"","ping_status":"","sticky":false,"template":"","format":"standard","meta":{"footnotes":""},"categories":[10],"tags":[20,21,24,25,15,2539,22,23,13,30,28,29,14,16,26,27],"class_list":{"0":"post-51848","1":"post","2":"type-post","3":"status-publish","4":"format-standard","5":"has-post-thumbnail","7":"category-norge","8":"tag-breaking-news","9":"tag-breakingnews","10":"tag-featured-news","11":"tag-featurednews","12":"tag-headlines","13":"tag-innenriks","14":"tag-latest-news","15":"tag-latestnews","16":"tag-news","17":"tag-no","18":"tag-norge","19":"tag-norway","20":"tag-nyheter","21":"tag-overskrifter","22":"tag-top-stories","23":"tag-topstories"},"share_on_mastodon":{"url":"","error":""},"_links":{"self":[{"href":"https:\/\/www.europesays.com\/no\/wp-json\/wp\/v2\/posts\/51848","targetHints":{"allow":["GET"]}}],"collection":[{"href":"https:\/\/www.europesays.com\/no\/wp-json\/wp\/v2\/posts"}],"about":[{"href":"https:\/\/www.europesays.com\/no\/wp-json\/wp\/v2\/types\/post"}],"author":[{"embeddable":true,"href":"https:\/\/www.europesays.com\/no\/wp-json\/wp\/v2\/users\/2"}],"replies":[{"embeddable":true,"href":"https:\/\/www.europesays.com\/no\/wp-json\/wp\/v2\/comments?post=51848"}],"version-history":[{"count":0,"href":"https:\/\/www.europesays.com\/no\/wp-json\/wp\/v2\/posts\/51848\/revisions"}],"wp:featuredmedia":[{"embeddable":true,"href":"https:\/\/www.europesays.com\/no\/wp-json\/wp\/v2\/media\/51849"}],"wp:attachment":[{"href":"https:\/\/www.europesays.com\/no\/wp-json\/wp\/v2\/media?parent=51848"}],"wp:term":[{"taxonomy":"category","embeddable":true,"href":"https:\/\/www.europesays.com\/no\/wp-json\/wp\/v2\/categories?post=51848"},{"taxonomy":"post_tag","embeddable":true,"href":"https:\/\/www.europesays.com\/no\/wp-json\/wp\/v2\/tags?post=51848"}],"curies":[{"name":"wp","href":"https:\/\/api.w.org\/{rel}","templated":true}]}}