{"id":51850,"date":"2025-10-03T15:52:38","date_gmt":"2025-10-03T15:52:38","guid":{"rendered":"https:\/\/www.europesays.com\/no\/51850\/"},"modified":"2025-10-03T15:52:38","modified_gmt":"2025-10-03T15:52:38","slug":"sport-fotball-gir-seg-som-daglig-leder","status":"publish","type":"post","link":"https:\/\/www.europesays.com\/no\/51850\/","title":{"rendered":"Sport, Fotball | Gir seg som daglig leder"},"content":{"rendered":"\n<p><b>FOTBALL:<\/b> Det melder klubben i en pressemelding p\u00e5 <a href=\"https:\/\/www.fkh.no\/nyheter\/gir-seg-som-daglig-leder-25\" rel=\"Follow nofollow noopener\" target=\"_blank\">FKH.no<\/a>.<\/p>\n<p>Fauskanger ble ansatt i FKH v\u00e5ren 2021, som markedssjef. Han ble daglig leder i august 2022. <\/p>\n<p><b>\u2013 Etter n\u00f8ye vurdering har jeg valgt \u00e5 si opp stillingen som daglig leder i FK Haugesund. Det har ikke v\u00e6rt en lett beslutning, men jeg kjenner p\u00e5 behovet for nye impulser og utfordringer i livet, <a href=\"https:\/\/www.fkh.no\/nyheter\/gir-seg-som-daglig-leder-25\" rel=\"Follow nofollow noopener\" target=\"_blank\">skriver Fauskanger i pressemeldingen<\/a>.<\/b><\/p>\n<p>Han peker p\u00e5 at jobben er krevende og veldig offentlig, noe som krever at han er p\u00e5 hele d\u00f8gnet. <\/p>\n<p>N\u00e5 \u00f8nsker han \u00e5 tilbringe mer tid med familien. Fauskanger er for tiden i Chile, der han f\u00f8lger s\u00f8nnen Einar B\u00f8e Fauskanger i U20-VM. <\/p>\n<p>Det er ikke bestemt n\u00e5r Fauskanger har sin siste arbeidsdag. <\/p>\n<p><b>\u2013 Jeg blir i klubben til vi har f\u00e5tt p\u00e5 plass en god erstatter \u2013 uansett hvor lang tid det tar. Jeg har hjertet mitt i FK Haugesund og for alle de som hver dag legger ned en stor innsats for klubben, og derfor vil jeg st\u00e5 l\u00f8pet ut og bidra til en trygg og god overgang, skriver den avtroppende daglige lederen.<\/b><\/p>\n<p>Han takker samtidig supportere og kollegaene i FKH. <\/p>\n<p><b>\u2013 Jeg tar med meg verdifulle erfaringer, gode minner og stor takknemlighet for alle jeg har f\u00e5tt jobbe sammen med. Tusen takk til supportere som alltid stiller opp, til ansatte som hver dag legger ned en enorm innsats, og til samarbeidspartnere som gj\u00f8r klubbens arbeid mulig. Uten dere hadde FK Haugesund ikke v\u00e6rt det samme, avslutter Martin Fauskanger. <\/b><\/p>\n","protected":false},"excerpt":{"rendered":"FOTBALL: Det melder klubben i en pressemelding p\u00e5 FKH.no. Fauskanger ble ansatt i FKH v\u00e5ren 2021, som markedssjef.&hellip;\n","protected":false},"author":2,"featured_media":51851,"comment_status":"","ping_status":"","sticky":false,"template":"","format":"standard","meta":{"footnotes":""},"categories":[59],"tags":[36,617,92,30,28,29,83,82,1510],"class_list":{"0":"post-51850","1":"post","2":"type-post","3":"status-publish","4":"format-standard","5":"has-post-thumbnail","7":"category-sport","8":"tag-art","9":"tag-fkh","10":"tag-fotball","11":"tag-no","12":"tag-norge","13":"tag-norway","14":"tag-sport","15":"tag-sports","16":"tag-story"},"share_on_mastodon":{"url":"","error":""},"_links":{"self":[{"href":"https:\/\/www.europesays.com\/no\/wp-json\/wp\/v2\/posts\/51850","targetHints":{"allow":["GET"]}}],"collection":[{"href":"https:\/\/www.europesays.com\/no\/wp-json\/wp\/v2\/posts"}],"about":[{"href":"https:\/\/www.europesays.com\/no\/wp-json\/wp\/v2\/types\/post"}],"author":[{"embeddable":true,"href":"https:\/\/www.europesays.com\/no\/wp-json\/wp\/v2\/users\/2"}],"replies":[{"embeddable":true,"href":"https:\/\/www.europesays.com\/no\/wp-json\/wp\/v2\/comments?post=51850"}],"version-history":[{"count":0,"href":"https:\/\/www.europesays.com\/no\/wp-json\/wp\/v2\/posts\/51850\/revisions"}],"wp:featuredmedia":[{"embeddable":true,"href":"https:\/\/www.europesays.com\/no\/wp-json\/wp\/v2\/media\/51851"}],"wp:attachment":[{"href":"https:\/\/www.europesays.com\/no\/wp-json\/wp\/v2\/media?parent=51850"}],"wp:term":[{"taxonomy":"category","embeddable":true,"href":"https:\/\/www.europesays.com\/no\/wp-json\/wp\/v2\/categories?post=51850"},{"taxonomy":"post_tag","embeddable":true,"href":"https:\/\/www.europesays.com\/no\/wp-json\/wp\/v2\/tags?post=51850"}],"curies":[{"name":"wp","href":"https:\/\/api.w.org\/{rel}","templated":true}]}}