{"id":51852,"date":"2025-10-03T15:57:11","date_gmt":"2025-10-03T15:57:11","guid":{"rendered":"https:\/\/www.europesays.com\/no\/51852\/"},"modified":"2025-10-03T15:57:11","modified_gmt":"2025-10-03T15:57:11","slug":"trafikk-hjartdal-trailer-veltet-glatt-vei-etter-diesellekkasje","status":"publish","type":"post","link":"https:\/\/www.europesays.com\/no\/51852\/","title":{"rendered":"Trafikk, Hjartdal | Trailer veltet \u2013 glatt vei etter diesellekkasje"},"content":{"rendered":"\n<p>Klokka 00.42 natt til fredag har det v\u00e6rt en trafikkulykke p\u00e5 Hjartdalsvegen E134. <\/p>\n<p>\u2013 N\u00f8detatene rykket ut til melding om en trailer som har veltet. Som f\u00f8lge av velten har det oppst\u00e5tt en diesellekkasje som skaper glatt vegbane, opplyser operasjonsleder Per Magne Eftang. <\/p>\n<p>Veien var helt stengt en periode som f\u00f8lge av ulykken. Et par timer senere ble ett kj\u00f8refelt \u00e5pnet for trafikk. <\/p>\n<p>\u2013 Det jobbes med \u00e5 f\u00e5 kontroll p\u00e5 konsekvensen av lekkasjen som renner i retning Hjartsj\u00e5vatnet. Det er ukjent \u00e5rsak til hendelsen, legger operasjonsleder til. <\/p>\n<p>Det blir ikke gjort f\u00f8rerkortbeslag som f\u00f8lge av ulykken. <\/p>\n","protected":false},"excerpt":{"rendered":"Klokka 00.42 natt til fredag har det v\u00e6rt en trafikkulykke p\u00e5 Hjartdalsvegen E134. \u2013 N\u00f8detatene rykket ut til&hellip;\n","protected":false},"author":2,"featured_media":1273,"comment_status":"","ping_status":"","sticky":false,"template":"","format":"standard","meta":{"footnotes":""},"categories":[10],"tags":[36,20,21,24,25,15,4558,22,23,13,30,28,29,14,16,1510,26,27,224,1204],"class_list":{"0":"post-51852","1":"post","2":"type-post","3":"status-publish","4":"format-standard","5":"has-post-thumbnail","7":"category-norge","8":"tag-art","9":"tag-breaking-news","10":"tag-breakingnews","11":"tag-featured-news","12":"tag-featurednews","13":"tag-headlines","14":"tag-hjartdal","15":"tag-latest-news","16":"tag-latestnews","17":"tag-news","18":"tag-no","19":"tag-norge","20":"tag-norway","21":"tag-nyheter","22":"tag-overskrifter","23":"tag-story","24":"tag-top-stories","25":"tag-topstories","26":"tag-trafikk","27":"tag-ulykker"},"share_on_mastodon":{"url":"","error":""},"_links":{"self":[{"href":"https:\/\/www.europesays.com\/no\/wp-json\/wp\/v2\/posts\/51852","targetHints":{"allow":["GET"]}}],"collection":[{"href":"https:\/\/www.europesays.com\/no\/wp-json\/wp\/v2\/posts"}],"about":[{"href":"https:\/\/www.europesays.com\/no\/wp-json\/wp\/v2\/types\/post"}],"author":[{"embeddable":true,"href":"https:\/\/www.europesays.com\/no\/wp-json\/wp\/v2\/users\/2"}],"replies":[{"embeddable":true,"href":"https:\/\/www.europesays.com\/no\/wp-json\/wp\/v2\/comments?post=51852"}],"version-history":[{"count":0,"href":"https:\/\/www.europesays.com\/no\/wp-json\/wp\/v2\/posts\/51852\/revisions"}],"wp:featuredmedia":[{"embeddable":true,"href":"https:\/\/www.europesays.com\/no\/wp-json\/wp\/v2\/media\/1273"}],"wp:attachment":[{"href":"https:\/\/www.europesays.com\/no\/wp-json\/wp\/v2\/media?parent=51852"}],"wp:term":[{"taxonomy":"category","embeddable":true,"href":"https:\/\/www.europesays.com\/no\/wp-json\/wp\/v2\/categories?post=51852"},{"taxonomy":"post_tag","embeddable":true,"href":"https:\/\/www.europesays.com\/no\/wp-json\/wp\/v2\/tags?post=51852"}],"curies":[{"name":"wp","href":"https:\/\/api.w.org\/{rel}","templated":true}]}}