{"id":51856,"date":"2025-10-03T16:11:10","date_gmt":"2025-10-03T16:11:10","guid":{"rendered":"https:\/\/www.europesays.com\/no\/51856\/"},"modified":"2025-10-03T16:11:10","modified_gmt":"2025-10-03T16:11:10","slug":"granatene-som-skulle-brukes-i-sarpsborg-skulle-overleveres-pa-ikea-furuset","status":"publish","type":"post","link":"https:\/\/www.europesays.com\/no\/51856\/","title":{"rendered":"Granatene som skulle brukes i Sarpsborg, skulle overleveres p\u00e5 Ikea Furuset"},"content":{"rendered":"\n<p class=\"_lead_1994c_2 _lead_xtcu6_50 layout-component text-serif-m layout-normal text-serif-l layout-component layout-wide layout-padded _wide_17hqh_1 layout-padded\">Granatene som politiet mener skulle brukes i et angrep i Sarpsborg, skulle overleveres p\u00e5 Ikea Furuset i Oslo. Politiet sier de hindret overleveringen. <\/p>\n<p><img alt=\" Foto: Gisle Oddstad \/ VG\" class=\"_image_qp4xg_65 layout-component layout-wide\" data-fullscreen- data-track-element-type=\"Article image fullscreen\" data-track-name=\"ImageFullscreen\" fetchpriority=\"high\" decoding=\"sync\" loading=\"eager\" height=\"3872\" itemprop=\"image\"  src=\"https:\/\/www.europesays.com\/no\/wp-content\/uploads\/2025\/10\/b82f89a9-841d-44c2-9bce-bf1c01865b6a\"  style=\"object-position:0% 0%\" width=\"5808\"\/> Foto: Gisle Oddstad \/ VG<\/p>\n<ul aria-hidden=\"true\" class=\"_images_1y6fe_106\">\n<li><a class=\"_link_1y6fe_111\" href=\"https:\/\/www.vg.no\/forfatter\/live-tronstad\" style=\"z-index:1\" title=\"Live Tronstad\" rel=\"nofollow noopener\" target=\"_blank\"><img alt=\"Bilde av Live Tronstad\" class=\"_image_1y6fe_88\" fetchpriority=\"low\" loading=\"lazy\" decoding=\"async\" itemprop=\"image\"  src=\"https:\/\/www.europesays.com\/no\/wp-content\/uploads\/2025\/10\/1759507868_579_730bca66-e713-4274-9d1c-1222feeb3c7d\"  width=\"480\"\/><\/a><\/li>\n<\/ul>\n<p> Oppdatert fredag 3. oktober kl. 17:38     <\/p>\n<p class=\"_paragraph_1994c_4 _paragraph_xtcu6_10 layout-component text-serif-m layout-normal text-serif-m layout-padded\">Granatene skulle overleveres p\u00e5 adressen Str\u00f8msveien 303 fredag 26. september, kommer det frem i en kjennelse fra Oslo tingrett fredag. P\u00e5 den adressen ligger Ikea Furuset i Oslo. <\/p>\n<p class=\"_paragraph_1994c_4 _paragraph_xtcu6_10 layout-component text-serif-m layout-normal text-serif-m layout-padded\">Det var <a href=\"https:\/\/www.nrk.no\/norge\/sarpsborg-granatene-skulle-overleveres-pa-ikea-furuset-1.17596362\" class=\"_link_1994c_39\" rel=\"nofollow noopener\" target=\"_blank\">NRK<\/a> som f\u00f8rst omtalte kjennelsen. <\/p>\n<p class=\"_paragraph_1994c_4 _paragraph_xtcu6_10 layout-component text-serif-m layout-normal text-serif-m layout-padded\">Politiet mener de har avverget det som skulle v\u00e6re et angrep med granater mot en adresse i Sarpsborg. Saken knyttes til <a href=\"https:\/\/www.vg.no\/nyheter\/i\/ny80Ja\/to-nye-paagripelsen-etter-eksplosjonen-i-pilestredet\" data-track-element-type=\"Link\" data-track-id=\"link:ny80Ja\" class=\"_link_1994c_39\" rel=\"nofollow noopener\" target=\"_blank\">granatangrepet i Pilestredet<\/a> i Oslo forrige uke.<\/p>\n<p class=\"_paragraph_1994c_4 _paragraph_xtcu6_10 layout-component text-serif-m layout-normal text-serif-m layout-padded\"><strong class=\"_strong_1994c_25\">\u2013 Det dreier seg om en granatoverlevering som politiet har hindret fredag 26. september. Slik vi oppfatter det n\u00e5, skulle de brukes p\u00e5 en adresse i Sarpsborg, sier politiadvokat Ole Kristian Holtsmark til NRK.<\/strong><\/p>\n<p><img alt=\"Granatangrepet i Pilestredet forrige uke. \u00c9n granat ble detonert av politiet.   Foto: Gabriel Aas Sk\u00e5levik \/ VG\" class=\"_image_qp4xg_65 layout-component layout-normal\" data-fullscreen- data-track-element-type=\"Article image fullscreen\" data-track-name=\"ImageFullscreen\" decoding=\"async\" loading=\"lazy\" height=\"2031\" itemprop=\"image\"  src=\"https:\/\/www.europesays.com\/no\/wp-content\/uploads\/2025\/10\/6e0200f5-d6dd-4038-a305-93506123699e\"  style=\"object-position:0% 0%\" width=\"3046\"\/>Granatangrepet i Pilestredet forrige uke. \u00c9n granat ble detonert av politiet.   Foto: Gabriel Aas Sk\u00e5levik \/ VG<\/p>\n<p class=\"_paragraph_1994c_4 _paragraph_xtcu6_10 layout-component text-serif-m layout-normal text-serif-m layout-padded\">\u2013 Vi jobber med mange hypoteser og en av dem er at det har v\u00e6rt en form for bestillingsoppdrag, sier Holtsmark.<\/p>\n<p class=\"_paragraph_1994c_4 _paragraph_xtcu6_10 layout-component text-serif-m layout-normal text-serif-m layout-padded\">Fredag ble en mann i 20-\u00e5rene varetektsfengslet i fire uker, siktet for medvirkning til grov ulovlig befatning med eksplosiver. Mannens forsvarer Omar Tashakori sier klienten nekter straffskyld.<\/p>\n<p class=\"_paragraph_1994c_4 _paragraph_xtcu6_10 layout-component text-serif-m layout-normal text-serif-m layout-padded\">Tirsdag ble <a href=\"https:\/\/www.vg.no\/nyheter\/i\/W0npAr\/granatangrepet-i-oslo-politiet-etterforsker-skudd-i-sarpsborg-de-mener-er-gjort-paa-bestilling\" data-track-element-type=\"Link\" data-track-id=\"link:W0npAr\" class=\"_link_1994c_39\" rel=\"nofollow noopener\" target=\"_blank\">fire mindre\u00e5rige gutter innbrakt av politiet<\/a> etter en skyteepisode mot en bolig i Sarpsborg. Politiadvokaten vil ikke kommentere om det dreier seg om samme adresse som det avvergede granatangrepet var rettet mot. <\/p>\n<p class=\"_paragraph_1994c_4 _paragraph_xtcu6_10 layout-component text-serif-m layout-normal text-serif-m layout-padded\">\u2013 Men vi etterforsker disse sakene samlet, bekrefter han. <\/p>\n<p class=\"_paragraph_1994c_4 _paragraph_xtcu6_10 layout-component text-serif-m layout-normal text-serif-m layout-padded\">Til sammen er \u00e5tte unge gutter i alderen 12 til 15 \u00e5r siktet i Pilestredet- og Sarpsborg-sakene.<\/p>\n<p>    <img decoding=\"async\" alt=\"Tips oss illustrasjon\" width=\"62px\" height=\"auto\" src=\"https:\/\/www.europesays.com\/no\/wp-content\/uploads\/2025\/08\/1754784428_95_W9avJzE.png\"\/>    <\/p>\n<p class=\"title-serif-s\">Har du tips til oss?<\/p>\n<p class=\"text-sans-m\">Send oss informasjon, bilder eller video<\/p>\n<p>  <a href=\"https:\/\/www.vg.no\/tips-oss\" rel=\"nofollow noopener\" target=\"_blank\"> Tips oss <\/a>      <\/p>\n","protected":false},"excerpt":{"rendered":"Granatene som politiet mener skulle brukes i et angrep i Sarpsborg, skulle overleveres p\u00e5 Ikea Furuset i Oslo.&hellip;\n","protected":false},"author":2,"featured_media":51857,"comment_status":"","ping_status":"","sticky":false,"template":"","format":"standard","meta":{"footnotes":""},"categories":[10],"tags":[31,20,21,24,25,7060,15,7368,22,23,13,30,28,29,14,16,254,812,26,27],"class_list":{"0":"post-51856","1":"post","2":"type-post","3":"status-publish","4":"format-standard","5":"has-post-thumbnail","7":"category-norge","8":"tag-breaking","9":"tag-breaking-news","10":"tag-breakingnews","11":"tag-featured-news","12":"tag-featurednews","13":"tag-granatangrepet-i-pilestredet","14":"tag-headlines","15":"tag-ikea","16":"tag-latest-news","17":"tag-latestnews","18":"tag-news","19":"tag-no","20":"tag-norge","21":"tag-norway","22":"tag-nyheter","23":"tag-overskrifter","24":"tag-politi","25":"tag-sarpsborg","26":"tag-top-stories","27":"tag-topstories"},"share_on_mastodon":{"url":"","error":""},"_links":{"self":[{"href":"https:\/\/www.europesays.com\/no\/wp-json\/wp\/v2\/posts\/51856","targetHints":{"allow":["GET"]}}],"collection":[{"href":"https:\/\/www.europesays.com\/no\/wp-json\/wp\/v2\/posts"}],"about":[{"href":"https:\/\/www.europesays.com\/no\/wp-json\/wp\/v2\/types\/post"}],"author":[{"embeddable":true,"href":"https:\/\/www.europesays.com\/no\/wp-json\/wp\/v2\/users\/2"}],"replies":[{"embeddable":true,"href":"https:\/\/www.europesays.com\/no\/wp-json\/wp\/v2\/comments?post=51856"}],"version-history":[{"count":0,"href":"https:\/\/www.europesays.com\/no\/wp-json\/wp\/v2\/posts\/51856\/revisions"}],"wp:featuredmedia":[{"embeddable":true,"href":"https:\/\/www.europesays.com\/no\/wp-json\/wp\/v2\/media\/51857"}],"wp:attachment":[{"href":"https:\/\/www.europesays.com\/no\/wp-json\/wp\/v2\/media?parent=51856"}],"wp:term":[{"taxonomy":"category","embeddable":true,"href":"https:\/\/www.europesays.com\/no\/wp-json\/wp\/v2\/categories?post=51856"},{"taxonomy":"post_tag","embeddable":true,"href":"https:\/\/www.europesays.com\/no\/wp-json\/wp\/v2\/tags?post=51856"}],"curies":[{"name":"wp","href":"https:\/\/api.w.org\/{rel}","templated":true}]}}