{"id":51869,"date":"2025-10-03T16:48:27","date_gmt":"2025-10-03T16:48:27","guid":{"rendered":"https:\/\/www.europesays.com\/no\/51869\/"},"modified":"2025-10-03T16:48:27","modified_gmt":"2025-10-03T16:48:27","slug":"egersunds-cup-anke-avvist-anker-avgjorelsen","status":"publish","type":"post","link":"https:\/\/www.europesays.com\/no\/51869\/","title":{"rendered":"Egersunds cup-anke avvist &#8211; anker avgj\u00f8relsen"},"content":{"rendered":"\n<p class=\"_lead_1994c_2 _lead_xtcu6_50 layout-component text-serif-m layout-normal text-serif-l layout-component layout-wide layout-padded _wide_17hqh_1 layout-padded\">Egersund protesterte etter cupkampen mot Lyn som f\u00f8lge av det klubben mente var en dommerfeil. Protesten ble avvist, n\u00e5 varsler Egersund anke.<\/p>\n<p> <img class=\"_image_qp4xg_65 layout-component layout-wide\" data-fullscreen- data-track-element-type=\"Article image fullscreen\" data-track-name=\"ImageFullscreen\" fetchpriority=\"high\" decoding=\"sync\" loading=\"eager\" height=\"57\" itemprop=\"image\"  src=\"https:\/\/www.europesays.com\/no\/wp-content\/uploads\/2025\/09\/1758949121_516_0e6cc9a20e95f19b26f568f7174ec550.jpg\"  style=\"object-position:50% 50%;aspect-ratio:1.75;height:auto;object-fit:cover;width:100%\" width=\"102\"\/>  <\/p>\n<ul aria-hidden=\"true\" class=\"_images_1y6fe_106\">\n<li><a class=\"_link_1y6fe_111\" href=\"https:\/\/www.vg.no\/forfatter\/ntb\" style=\"z-index:1\" title=\"NTB\" rel=\"nofollow noopener\" target=\"_blank\"><img alt=\"Bilde av NTB\" class=\"_image_1y6fe_88\" fetchpriority=\"low\" loading=\"lazy\" decoding=\"async\" itemprop=\"image\"  src=\"https:\/\/www.europesays.com\/no\/wp-content\/uploads\/2025\/10\/1759510107_498_c33980b0-5d07-4027-84a1-813f90a7c8d6\"  width=\"480\"\/><\/a><\/li>\n<\/ul>\n<p> Oppdatert fredag 3. oktober kl. 14:21    <\/p>\n<ul class=\"_list_1994c_3 _list_64s2r_85 _unordered_1994c_105 text-sans-m\">\n<li class=\"_item_1994c_30\">NFFs Doms- og sanksjonsutvalg avviste Egersunds protest etter 1\u20130-tapet mot Lyn, som dermed g\u00e5r videre i cupen.<\/li>\n<li class=\"_item_1994c_30\">EIK anker avgj\u00f8relsen, med tre dager frist. Striden gjelder m\u00e5let der ballen traff dommer Tore Hansen f\u00f8r Even Bydal scoret; klubben mener regelen er feil brukt.<\/li>\n<\/ul>\n<p>Vis mer <\/p>\n<p class=\"_paragraph_1994c_4 _paragraph_xtcu6_10 layout-component text-serif-m layout-normal text-serif-m layout-padded\">Det er Doms- og sanksjonsutvalget i NFF som har behandlet protesten.<\/p>\n<p class=\"_paragraph_1994c_4 _paragraph_xtcu6_10 layout-component text-serif-m layout-normal text-serif-m layout-padded\">Konklusjonen er at utfallet av den aktuelle kampen opprettholdes. Dermed beholder Lyn 1-0-seieren og avanserer til neste runde i fotball-NM.<\/p>\n<p class=\"_paragraph_1994c_4 _paragraph_xtcu6_10 layout-component text-serif-m layout-normal text-serif-m layout-padded\">\u2013 Vi s\u00e5 dette komme. Vi er selvf\u00f8lgelig ikke enig i vurderingen som er gjort, men samtidig er jeg ikke overrasket, sa sportssjef i EIK Kenneth Andersen til <a href=\"https:\/\/www.aftenbladet.no\/sport\/i\/qPGgLz\/la-inn-protest-etter-dommerskandale-naa-er-avgjoerelsen-klar\" class=\"_link_1994c_39\" rel=\"nofollow noopener\" target=\"_blank\">Aftenbladet<\/a> fredag formiddag.<\/p>\n<p class=\"_paragraph_1994c_4 _paragraph_xtcu6_10 layout-component text-serif-m layout-normal text-serif-m layout-padded\">Bakgrunnen for protesten var m\u00e5ten Lyn fikk sin 1-0-scoring p\u00e5. En klarering fra en Egersund-spiller traff dommer Tore Hansen og landet i f\u00f8ttene p\u00e5 Even Bydal. Lyn-spilleren fikk s\u00e5 dr\u00f8mmetreff og hamret ballen i krysset fra 17-18-meter.<\/p>\n<p class=\"_paragraph_1994c_4 _paragraph_xtcu6_10 layout-component text-serif-m layout-normal text-serif-m layout-padded\">Se situasjonen \u00f8verst i saken.<\/p>\n<p class=\"_paragraph_1994c_4 _paragraph_xtcu6_10 layout-component text-serif-m layout-normal text-serif-m layout-padded\">N\u00e5 har EIK satt advokat p\u00e5 saken og bestemt seg for \u00e5 anke avgj\u00f8relsen.<\/p>\n<p class=\"_paragraph_1994c_4 _paragraph_xtcu6_10 layout-component text-serif-m layout-normal text-serif-m layout-padded\">\u2013 Vi har varslet NFF om at vi anker avgj\u00f8relsen, bekrefter Kenneth Andersen overfor Aftenbladet.<\/p>\n<p class=\"_paragraph_1994c_4 _paragraph_xtcu6_10 layout-component text-serif-m layout-normal text-serif-m layout-padded\">Etter at anken er varslet har EIK tre dager p\u00e5 seg til \u00e5 sende inn anken.<\/p>\n<p class=\"_paragraph_1994c_4 _paragraph_xtcu6_10 layout-component text-serif-m layout-normal text-serif-m layout-padded\">\u2013 Grunnen til at vi anker handler om det vi mener er feil anvendelse av regelen om at dommeren er borti ballen. Regelen legger ikke opp til skj\u00f8nn, slik vi tolker den. S\u00e5 n\u00e5 skal vi forfatte en anke som g\u00e5r til ankeutvalget og behandles der, sier Andersen videre til avisen.<\/p>\n<p class=\"_paragraph_1994c_4 _paragraph_xtcu6_10 layout-component text-serif-m layout-normal text-serif-m layout-padded\">Vinneren av Egersund-Lyn m\u00f8ter Kjetil Rekdals Aalesund i 4. runde som spilles 8. mars neste \u00e5r.<\/p>\n<p class=\"_paragraph_1994c_4 _paragraph_xtcu6_10 layout-component text-serif-m layout-normal text-serif-m layout-padded\">NFF har forklart hvorfor de forkastet protesten til EIK:<\/p>\n<p class=\"_paragraph_1994c_4 _paragraph_xtcu6_10 layout-component text-serif-m layout-normal text-serif-m layout-padded\">\u00abDet fremg\u00e5r av redegj\u00f8relse fra kampens dommer at hans oppfatning av det som skjedde der og da var at ballen ble headet utover etter hj\u00f8rnespark f\u00f8r den s\u00e5 vidt traff han i l\u00e5ret og gikk videre til Lyn-spiller som sk\u00f8yt direkte i m\u00e5l.<\/p>\n<p class=\"_paragraph_1994c_4 _paragraph_xtcu6_10 layout-component text-serif-m layout-normal text-serif-m layout-padded\">Dommeren oppfattet at ballbanen forble noenlunde uendret fordi ber\u00f8ringen via han var s\u00e5 liten at utfallet hadde blitt det samme uten ber\u00f8ringen.\u00bb<\/p>\n<p class=\"_paragraph_1994c_4 _paragraph_xtcu6_10 layout-component text-serif-m layout-normal text-serif-m layout-padded\">Utvalget skriver videre at \u00abdommerfeil kan skje, og at denne feilen ikke skiller seg fra andre dommerfeil\u00bb, og viser til eksempler som manglende id\u00f8mte straffespark.<\/p>\n<p class=\"_paragraph_1994c_4 _paragraph_xtcu6_10 layout-component text-serif-m layout-normal text-serif-m layout-padded\">\u00abUtvalget legger dommerens redegj\u00f8relse til grunn der det opplyses at ballen s\u00e5 vidt var n\u00e6r han f\u00f8r den gikk i beina til Lyn-spilleren. Utvalget viser til video av hendelsen, og er enig i dommerens vurdering av at ballbanen var noenlunde uendret, og at utfallet ikke ville v\u00e6rt noe annet om ballen ikke ber\u00f8rte dommeren.<br \/>Situasjonen faller derfor utenfor reaksjonsreglementet \u00a7 5\u20133 (1) bokstav c, og det foreligger ikke en grov feil ved dommerens forst\u00e5else og praktisering av regelverket i den situasjonen.\u00bb<\/p>\n","protected":false},"excerpt":{"rendered":"Egersund protesterte etter cupkampen mot Lyn som f\u00f8lge av det klubben mente var en dommerfeil. Protesten ble avvist,&hellip;\n","protected":false},"author":2,"featured_media":44203,"comment_status":"","ping_status":"","sticky":false,"template":"","format":"standard","meta":{"footnotes":""},"categories":[59],"tags":[1599,6949,92,585,30,28,29,83,82],"class_list":{"0":"post-51869","1":"post","2":"type-post","3":"status-publish","4":"format-standard","5":"has-post-thumbnail","7":"category-sport","8":"tag-cupen","9":"tag-egersunds-ik","10":"tag-fotball","11":"tag-lyn-fotball","12":"tag-no","13":"tag-norge","14":"tag-norway","15":"tag-sport","16":"tag-sports"},"share_on_mastodon":{"url":"","error":""},"_links":{"self":[{"href":"https:\/\/www.europesays.com\/no\/wp-json\/wp\/v2\/posts\/51869","targetHints":{"allow":["GET"]}}],"collection":[{"href":"https:\/\/www.europesays.com\/no\/wp-json\/wp\/v2\/posts"}],"about":[{"href":"https:\/\/www.europesays.com\/no\/wp-json\/wp\/v2\/types\/post"}],"author":[{"embeddable":true,"href":"https:\/\/www.europesays.com\/no\/wp-json\/wp\/v2\/users\/2"}],"replies":[{"embeddable":true,"href":"https:\/\/www.europesays.com\/no\/wp-json\/wp\/v2\/comments?post=51869"}],"version-history":[{"count":0,"href":"https:\/\/www.europesays.com\/no\/wp-json\/wp\/v2\/posts\/51869\/revisions"}],"wp:featuredmedia":[{"embeddable":true,"href":"https:\/\/www.europesays.com\/no\/wp-json\/wp\/v2\/media\/44203"}],"wp:attachment":[{"href":"https:\/\/www.europesays.com\/no\/wp-json\/wp\/v2\/media?parent=51869"}],"wp:term":[{"taxonomy":"category","embeddable":true,"href":"https:\/\/www.europesays.com\/no\/wp-json\/wp\/v2\/categories?post=51869"},{"taxonomy":"post_tag","embeddable":true,"href":"https:\/\/www.europesays.com\/no\/wp-json\/wp\/v2\/tags?post=51869"}],"curies":[{"name":"wp","href":"https:\/\/api.w.org\/{rel}","templated":true}]}}