{"id":51872,"date":"2025-10-03T17:01:11","date_gmt":"2025-10-03T17:01:11","guid":{"rendered":"https:\/\/www.europesays.com\/no\/51872\/"},"modified":"2025-10-03T17:01:11","modified_gmt":"2025-10-03T17:01:11","slug":"matte-snu-pa-grunn-av-vind","status":"publish","type":"post","link":"https:\/\/www.europesays.com\/no\/51872\/","title":{"rendered":"M\u00e5tte snu p\u00e5 grunn av vind"},"content":{"rendered":"<p>  Ekstremv\u00e6ret\u00a0\u00abAmy\u00bb er ventet \u00e5 treffe S\u00f8r-Norge fredag kveld. Men allerede har v\u00e6ret p\u00e5virket b\u00e5de fly- og b\u00e5ttrafikken.\u00a0<\/p>\n<p>\n    SNUDDE: Kartet viser at et SAS-fly som skulle lande p\u00e5 V\u00e6rnes lufthavn, nord for Trondheim, fredag ettermiddag, m\u00e5tte snu. Foto: Flightradar24\n  <\/p>\n<p>    Kort fortalt<\/p>\n<ul lang=\"nb-NO\">\n<li>S\u00f8r-Norge forbereder seg p\u00e5 ekstremv\u00e6ret \u00abAmy\u00bb som ventes \u00e5 treffe fredag kveld.<\/li>\n<li>Meteorologisk institutt har sendt ut farevarsler om kraftig vind og mye nedb\u00f8r.<\/li>\n<li>To SAS-fly m\u00e5tte snu f\u00f8r landing p\u00e5 V\u00e6rnes lufthavn p\u00e5 grunn av vindforhold fredag ettermiddag.<\/li>\n<li>En b\u00e5t har kantret i Lindesnes, men alle om bord ble reddet opp av vannet.<\/li>\n<\/ul>\n<p class=\"italic ai-disclaimer\" data-lab-italic=\"italic\">Sammendraget er laget av ChatGPT og godkjent av Dagbladet.<\/p>\n<p>      Vis mer<br \/>\n      Vis mindre<\/p>\n<p>S\u00f8r-Norge forbereder seg p\u00e5 ekstremv\u00e6ret \u00abAmy\u00bb som er ventet \u00e5 treffe land fredag kveld og i l\u00f8pet av natt til l\u00f8rdag.\u00a0<\/p>\n<p>Meteorologisk institutt har sendt ut <a href=\"https:\/\/www.yr.no\/nb\/farevarsler\" target=\"_blank\" rel=\"nofollow noopener\">farevarsler<\/a> i fleng, som advarer om mye nedb\u00f8r og kraftig vind.\u00a0<\/p>\n<p>Men v\u00e6ret p\u00e5virker allerede lufttrafikken. Fem fly fra SAS har m\u00e5ttet snu f\u00f8r landing p\u00e5 V\u00e6rnes lufthavn fredag p\u00e5 grunn av vind.<\/p>\n<p>&#8211; Forholdene p\u00e5 bakken er fine, men det er s\u00f8r\u00f8stlig vind, noe som er litt krevende. Selv om vi har gjort gode forberedelser, er nok vindretningen grunnen til at man har valgt \u00e5 snu, sier lufthavnssjef Marit Helene Stigen til <a href=\"https:\/\/www.nidaros.no\/fikk-ikke-landet-pa-varnes-matte-snu\/s\/30-113-7381\" target=\"_blank\" rel=\"nofollow noopener\">Nidaros<\/a>.<\/p>\n<p>        EKSTREMV\u00c6R: Klimaforsker ved Meteorologisk institutt, Rasmus Benestad forteller om ekstremv\u00e6ret \u00abAmy\u00bb som treffer norge i dag, fredag.<\/p>\n<p>Omdirigert\t<\/p>\n<p>Et fly fra K\u00f8benhavn og et fly fra Oslo klarte ikke lande p\u00e5 V\u00e6rnes, og m\u00e5tte snu fredag mellom 14.30 og 15.30.<\/p>\n<p>Ved halv seks-tiden m\u00e5tte enda et fly fra Oslo gi opp etter \u00e5 ha pr\u00f8vd \u00e5 lande flere ganger. Ogs\u00e5 et fly fra Stavanger klarte ikke \u00e5 lande ved 18.15 tiden.<\/p>\n<p>    <a itemprop=\"url\" href=\"https:\/\/www.dagbladet.no\/nyheter\/sender-varsel-til-heimevernssoldater\/83678092\" rel=\"nofollow noopener\" target=\"_blank\"><\/p>\n<p>      <img loading=\"lazy\" decoding=\"async\" src=\"https:\/\/www.europesays.com\/no\/wp-content\/uploads\/2025\/10\/83678145.webp\" width=\"980\" height=\"441\" title=\"Sender varsel til Heimevernssoldater\" alt=\"\" class=\"lazyload\" style=\"--aspect-ratio-image: 2.22; \"\/><\/p>\n<p>        Sender varsel til Heimevernssoldater<\/p>\n<p>    <\/a><\/p>\n<p>Det er mye vind i Tr\u00f8ndelag fredag, og l\u00f8rdag er det ventet enda mer.<\/p>\n<p>&#8211; Vinden skal ta seg opp, men det er meldt en mer gunstig vindretning. I tillegg er det f\u00e6rre flyginger i perioden hvor varselet er mest krevende, sier hun om utsiktene for l\u00f8rdag.<\/p>\n<p>Hun oppfordrer reisende til \u00e5 m\u00f8te opp til vanlig tid, med mindre flyselskapet har kommet med annen informasjon.<\/p>\n<p>Meteorologisk institutt har sendt ut et gult farevarsel om kraftige vindkast i Tr\u00f8ndelag fra midnatt av.\u00a0<\/p>\n<p>Sikrer l\u00f8se gjenstander\t<\/p>\n<p>Avinor opplyser til Dagbladet at det viktigste de gj\u00f8r i forbindelse med uv\u00e6ret, er \u00e5 sikre l\u00f8se gjenstander og \u00e5 sikre at flyplassene er trygge \u00e5 oppholde seg p\u00e5 for passasjerer, bakkemannskaper og fly.\u00a0<\/p>\n<p>&#8211; Avinor kan hverken sp\u00e5 eller forutse hvordan v\u00e6ret blir, s\u00e5 vi f\u00f8lger med og jobber med \u00e5 sikre l\u00f8se gjenstander. Vi kan s\u00f8rge for at lufthavnene er oppe og g\u00e5r, sier Karoline Andersen, pressevakt i Avinor, fredag ettermiddag.\u00a0<\/p>\n<p>Hun opplyser at det er pilotene som avgj\u00f8r om de kan lande, og at de har god kommunikasjon med kontrollt\u00e5rnene. Det er flysikkerheten som er f\u00f8rste prioritering, understreker Andersen.<\/p>\n<p>Utover de to SAS-flyene som sleit med \u00e5 lande p\u00e5 V\u00e6rnes, kjenner ikke Avinor til andre v\u00e6rrelaterte hendelser.\u00a0<\/p>\n<p>Andersen r\u00e5der reisende til \u00e5 m\u00f8te opp til planlagt tid. Hvis det blir endringer, mottar passasjerene informajsonen direkte fra flyselskapet sitt.\u00a0<\/p>\n<p>F\u00f8lger med\t<\/p>\n<p>Norwegian opplyser til Dagbladet fredag ettermiddag at de f\u00f8lger med p\u00e5 hvordan v\u00e6ret utvikler seg her til lands.<\/p>\n<p>&#8211; Vi f\u00f8lger n\u00f8ye med p\u00e5 v\u00e6ret. Sikkerheten er v\u00e5r viktigste prioritering. Blir det endringer i ruteplanen, opplyser vi kundene om dette, sier Eline Hyggen Skari, pressesjef i Norwegian.\u00a0<\/p>\n<p>        EKSTREMV\u00c6RET \u00abAMY\u00bb: Meteorologisk Institutt har sendt ut farevarsel flere steder. Meteorolog Eirin Ristesund kommer med flere advarsler og r\u00e5d til de som befinner seg i omr\u00e5dene. <\/p>\n<p>Hun har ingen opplysninger om at noen Norwegian-fly her til lands er p\u00e5virket av v\u00e6ret fredag ettermiddag.\u00a0<\/p>\n<p>B\u00e5t kantret\t<\/p>\n<p>Agder politidistrikt opplyser fredag ettermiddag, like etter klokka 17, at redningsressurser er p\u00e5 vei til Grasdalsbukta i Lindesnes etter melding om at en b\u00e5t med tre personer om bord har kantret. <\/p>\n<p>    <a itemprop=\"url\" href=\"https:\/\/www.dagbladet.no\/nyheter\/hamstrer-inn-for-uvaershelga\/83678596\" rel=\"nofollow noopener\" target=\"_blank\"><\/p>\n<p>      <img loading=\"lazy\" decoding=\"async\" src=\"https:\/\/www.europesays.com\/no\/wp-content\/uploads\/2025\/10\/83678633.webp\" width=\"980\" height=\"441\" title=\"Hamstrer inn f\u00f8r uv\u00e6rshelga\" alt=\"\" class=\"lazyload\" style=\"--aspect-ratio-image: 2.22; \"\/><\/p>\n<p>        Hamstrer inn f\u00f8r uv\u00e6rshelga<\/p>\n<p>    <\/a><\/p>\n<p>Politiet opplyser at en annen b\u00e5t har jobbet og lykkes med \u00e5 f\u00e5 personene opp av vannet.\u00a0<\/p>\n<p class=\"font-weight-bold m-font-weight-bold\" data-lab-font_weight=\"font-weight-bold\">&#8211; Framst\u00e5r som at alle tre er i god behold. Det er meldt om forholdsvis grov sj\u00f8 p\u00e5 stedet, skriver operasjonsleder i Agder politidistrikt, Knut Odde.\u00a0<\/p>\n<p class=\"font-weight-normal m-font-weight-normal\" data-lab-font_weight=\"font-weight-normal\">I en oppdatering klokka 18.06 melder politiet at det ikke er kontroll p\u00e5 b\u00e5ten som har kantret.\u00a0<\/p>\n","protected":false},"excerpt":{"rendered":"Ekstremv\u00e6ret\u00a0\u00abAmy\u00bb er ventet \u00e5 treffe S\u00f8r-Norge fredag kveld. Men allerede har v\u00e6ret p\u00e5virket b\u00e5de fly- og b\u00e5ttrafikken.\u00a0 SNUDDE:&hellip;\n","protected":false},"author":2,"featured_media":51873,"comment_status":"","ping_status":"","sticky":false,"template":"","format":"standard","meta":{"footnotes":""},"categories":[5],"tags":[20,21,24,25,15,19,2539,22,23,17,18,13,30,28,29,14,16,26,27],"class_list":{"0":"post-51872","1":"post","2":"type-post","3":"status-publish","4":"format-standard","5":"has-post-thumbnail","7":"category-overskrifter","8":"tag-breaking-news","9":"tag-breakingnews","10":"tag-featured-news","11":"tag-featurednews","12":"tag-headlines","13":"tag-hovedoppslag","14":"tag-innenriks","15":"tag-latest-news","16":"tag-latestnews","17":"tag-main-news","18":"tag-mainnews","19":"tag-news","20":"tag-no","21":"tag-norge","22":"tag-norway","23":"tag-nyheter","24":"tag-overskrifter","25":"tag-top-stories","26":"tag-topstories"},"share_on_mastodon":{"url":"","error":""},"_links":{"self":[{"href":"https:\/\/www.europesays.com\/no\/wp-json\/wp\/v2\/posts\/51872","targetHints":{"allow":["GET"]}}],"collection":[{"href":"https:\/\/www.europesays.com\/no\/wp-json\/wp\/v2\/posts"}],"about":[{"href":"https:\/\/www.europesays.com\/no\/wp-json\/wp\/v2\/types\/post"}],"author":[{"embeddable":true,"href":"https:\/\/www.europesays.com\/no\/wp-json\/wp\/v2\/users\/2"}],"replies":[{"embeddable":true,"href":"https:\/\/www.europesays.com\/no\/wp-json\/wp\/v2\/comments?post=51872"}],"version-history":[{"count":0,"href":"https:\/\/www.europesays.com\/no\/wp-json\/wp\/v2\/posts\/51872\/revisions"}],"wp:featuredmedia":[{"embeddable":true,"href":"https:\/\/www.europesays.com\/no\/wp-json\/wp\/v2\/media\/51873"}],"wp:attachment":[{"href":"https:\/\/www.europesays.com\/no\/wp-json\/wp\/v2\/media?parent=51872"}],"wp:term":[{"taxonomy":"category","embeddable":true,"href":"https:\/\/www.europesays.com\/no\/wp-json\/wp\/v2\/categories?post=51872"},{"taxonomy":"post_tag","embeddable":true,"href":"https:\/\/www.europesays.com\/no\/wp-json\/wp\/v2\/tags?post=51872"}],"curies":[{"name":"wp","href":"https:\/\/api.w.org\/{rel}","templated":true}]}}