{"id":51891,"date":"2025-10-03T17:29:15","date_gmt":"2025-10-03T17:29:15","guid":{"rendered":"https:\/\/www.europesays.com\/no\/51891\/"},"modified":"2025-10-03T17:29:15","modified_gmt":"2025-10-03T17:29:15","slug":"prins-william-planlegger-endringer-i-det-britiske-monarkiet","status":"publish","type":"post","link":"https:\/\/www.europesays.com\/no\/51891\/","title":{"rendered":"Prins William planlegger endringer i det britiske monarkiet"},"content":{"rendered":"<p class=\"kicker \" style=\"\">Prins William:\u00a0<\/p>\n<p>  Storbritannias neste konge har allerede lagt egne planer for familien og monarkiet. Slik vil han gj\u00f8re det.<\/p>\n<p>\n    FAMILIE: Prins George, prins William, prins Louis og prinsesse Kate og prinsesse Charlotte. Foto; Doug Peters \/ EMPICS \/ NTB\n  <\/p>\n<p>Kong Charles (76) ble <a href=\"https:\/\/www.seher.no\/kongelig\/nettet-koker-etter-dette\/79215040\" rel=\"nofollow noopener\" target=\"_blank\">offisielt kronet til Storbritannias monark<\/a>\u00a0i kirken Westminster Abbey i London i 2023, hvor om lag 2000 gjester var til stede for \u00e5 bevitne den historiske hendelsen.\u00a0<\/p>\n<p>Etter at dronning Elizabeth gikk bort i september 2022, var det den gang hele 70 \u00e5r siden Storbritannia sist kronet en monark.\u00a0<\/p>\n<p>    <a itemprop=\"url\" href=\"https:\/\/www.seher.no\/kongelig\/sonja-i-tarer-etter-tv-sjokket\/83672253\" rel=\"nofollow noopener\" target=\"_blank\"><\/p>\n<p>      <img loading=\"lazy\" decoding=\"async\" src=\"https:\/\/www.europesays.com\/no\/wp-content\/uploads\/2025\/10\/83673314.webp\" width=\"980\" height=\"441\" title=\"- Sonja i t\u00e5rer etter TV-sjokket\" alt=\"\" class=\"lazyload\" style=\"--aspect-ratio-image: 2.22; \"\/><\/p>\n<p>        &#8211; Sonja i t\u00e5rer etter TV-sjokket<\/p>\n<p>    <\/a><\/p>\n<p>Den neste i arverekken er prins William (43), som n\u00e5 kan r\u00f8pe at han allerede har lagt planer for dagen han tar over som konge.\u00a0<\/p>\n<p>Det forteller han i et intervju i forbindelse med AppleTV+-programmet\u00a0\u00abThe Reluctant Traveller\u00bb. \u00a0<\/p>\n<p>Prins William f\u00e5r nemlig sp\u00f8rsm\u00e5l fra skuespiller Eugene Levy (78), som st\u00e5r for intervjuet, om hva han tenker om sin framtidige rolle som konge. Det skriver <a href=\"https:\/\/www.bbc.com\/news\/articles\/c20vyjevxe3o\" rel=\"nofollow noopener\" target=\"_blank\">BBC<\/a>.\u00a0<\/p>\n<p>        SVINGER SEG: B\u00e5de kong Frederik, kong Carl Gustaf og kronprins Haakon har sl\u00e5tt seg l\u00f8s p\u00e5 dansegulvet i det siste. Video: Hanne Juul \/ Swedish Press Agency \/ H\u00e5vard Bj\u00f8rnerem \/\/ Foto: NTB \/\/ Reporter: Caroline Vagle<\/p>\n<p class=\"font-weight-bold m-font-weight-bold\" data-lab-font_weight=\"font-weight-bold\">&#8211; Jeg tror det er trygt \u00e5 si at endring st\u00e5r p\u00e5 agendaen min. Endring til det bedre, og jeg omfavner det, jeg liker den endringen. Jeg frykter det ikke, det er den delen som begeistrer meg &#8211; ideen om \u00e5 kunne gj\u00f8re visse endringer. Ikke altfor radikale, men endringer som jeg mener m\u00e5 skje, avsl\u00f8rer han.\u00a0<\/p>\n<p>          <img loading=\"lazy\" decoding=\"async\" src=\"https:\/\/www.europesays.com\/no\/wp-content\/uploads\/2025\/10\/83677505.webp\" width=\"686\" height=\"460\" title=\"SEREMONI: Prins William var p\u00e5 plass under kroningsseremonien til kong Charles i mai 2023. Foto: Yui Mok \/ Pool via AP \/ NTB\" alt=\"\" class=\"\" style=\"--aspect-ratio-image: 1.49; filter: brightness(1.1);\"\/><\/p>\n<p>\n          SEREMONI: Prins William var p\u00e5 plass under kroningsseremonien til kong Charles i mai 2023. Foto: Yui Mok \/ Pool via AP \/ NTB\n      <\/p>\n<p>Videre understreker William viktigheten av tradisjon, men forteller at han ikke er redd for \u00e5 stille sp\u00f8rsm\u00e5l for \u00e5 holde monarkiet relevant.<\/p>\n<p>&#8211; Det finnes punkter n\u00e5r du ser p\u00e5 tradisjoner og tenker: \u00abEr dette fortsatt hensiktsmessig i dag? Er det fortsatt det rette \u00e5 gj\u00f8re? Gj\u00f8r vi fortsatt det som gir st\u00f8rst mulig effekt?\u00bb. S\u00e5 jeg liker \u00e5 stille sp\u00f8rsm\u00e5l ved ting, det er det jeg egentlig mener, sier han.<\/p>\n<p>          <img loading=\"lazy\" decoding=\"async\" src=\"https:\/\/www.europesays.com\/no\/wp-content\/uploads\/2025\/10\/83677403.webp\" width=\"686\" height=\"611\" title=\"TOK OVER: Dronning Elizabeth sammen med s\u00f8nnen og dav\u00e6rende prins Charles, f\u00f8r han tok over tronen. Foto: Splash News \/ Pictures USA \/ NTB\" alt=\"\" class=\"\" style=\"--aspect-ratio-image: 1.12; \"\/><\/p>\n<p>\n          TOK OVER: Dronning Elizabeth sammen med s\u00f8nnen og dav\u00e6rende prins Charles, f\u00f8r han tok over tronen. Foto: Splash News \/ Pictures USA \/ NTB\n      <\/p>\n<p>Prins William\u00a0er fortsatt ikke p\u00e5 talefot med lillebror prins Harry (41), og det har v\u00e6rt full isfront mellom dem siden han forlot hjemlandet i 2020.\u00a0<\/p>\n<p>Begge m\u00f8tte imidlertid opp under farens kroning i 2023, men da skal William ha v\u00e6rt helt bestemt p\u00e5 at hans kommende kroning skal v\u00e6re noe helt annet enn sin fars.<\/p>\n<p>        TURBULENT: Kongen diskuterer den nye Netflix dokumentaren til prinsesse M\u00e4rtha Louise og Durek Verrett. Video: NTB. <\/p>\n<p> If\u00f8lge\u00a0<a href=\"https:\/\/www.thetimes.com\/magazines\/the-sunday-times-magazine\/article\/prince-harry-age-40-birthday-tqt9d2rdx\" rel=\"nofollow noopener\" target=\"_blank\">The Sunday Times<\/a>\u00a0skal William tidligere ha uttalt at hans kroning b\u00e5de skal \u00abse og f\u00f8les annerledes ut\u00bb enn kong Charles sin.\u00a0<\/p>\n<p>If\u00f8lge venner av William skal han heller ikke ha lyst til \u00e5 invitere Harry.\u00a0\u00a0<\/p>\n","protected":false},"excerpt":{"rendered":"Prins William:\u00a0 Storbritannias neste konge har allerede lagt egne planer for familien og monarkiet. Slik vil han gj\u00f8re&hellip;\n","protected":false},"author":2,"featured_media":51892,"comment_status":"","ping_status":"","sticky":false,"template":"","format":"standard","meta":{"footnotes":""},"categories":[5],"tags":[20,21,1893,24,25,15,19,479,2543,3994,22,23,17,18,13,30,28,29,14,16,4636,4387,26,27],"class_list":{"0":"post-51891","1":"post","2":"type-post","3":"status-publish","4":"format-standard","5":"has-post-thumbnail","7":"category-overskrifter","8":"tag-breaking-news","9":"tag-breakingnews","10":"tag-det-britiske-kongehuset","11":"tag-featured-news","12":"tag-featurednews","13":"tag-headlines","14":"tag-hovedoppslag","15":"tag-kjendis","16":"tag-kjendisdesken","17":"tag-kong-charles","18":"tag-latest-news","19":"tag-latestnews","20":"tag-main-news","21":"tag-mainnews","22":"tag-news","23":"tag-no","24":"tag-norge","25":"tag-norway","26":"tag-nyheter","27":"tag-overskrifter","28":"tag-prins-william","29":"tag-prinsesse-kate","30":"tag-top-stories","31":"tag-topstories"},"share_on_mastodon":{"url":"","error":""},"_links":{"self":[{"href":"https:\/\/www.europesays.com\/no\/wp-json\/wp\/v2\/posts\/51891","targetHints":{"allow":["GET"]}}],"collection":[{"href":"https:\/\/www.europesays.com\/no\/wp-json\/wp\/v2\/posts"}],"about":[{"href":"https:\/\/www.europesays.com\/no\/wp-json\/wp\/v2\/types\/post"}],"author":[{"embeddable":true,"href":"https:\/\/www.europesays.com\/no\/wp-json\/wp\/v2\/users\/2"}],"replies":[{"embeddable":true,"href":"https:\/\/www.europesays.com\/no\/wp-json\/wp\/v2\/comments?post=51891"}],"version-history":[{"count":0,"href":"https:\/\/www.europesays.com\/no\/wp-json\/wp\/v2\/posts\/51891\/revisions"}],"wp:featuredmedia":[{"embeddable":true,"href":"https:\/\/www.europesays.com\/no\/wp-json\/wp\/v2\/media\/51892"}],"wp:attachment":[{"href":"https:\/\/www.europesays.com\/no\/wp-json\/wp\/v2\/media?parent=51891"}],"wp:term":[{"taxonomy":"category","embeddable":true,"href":"https:\/\/www.europesays.com\/no\/wp-json\/wp\/v2\/categories?post=51891"},{"taxonomy":"post_tag","embeddable":true,"href":"https:\/\/www.europesays.com\/no\/wp-json\/wp\/v2\/tags?post=51891"}],"curies":[{"name":"wp","href":"https:\/\/api.w.org\/{rel}","templated":true}]}}