{"id":51895,"date":"2025-10-03T17:34:11","date_gmt":"2025-10-03T17:34:11","guid":{"rendered":"https:\/\/www.europesays.com\/no\/51895\/"},"modified":"2025-10-03T17:34:11","modified_gmt":"2025-10-03T17:34:11","slug":"usa-har-utfort-et-nytt-angrep-i-internasjonalt-farvann","status":"publish","type":"post","link":"https:\/\/www.europesays.com\/no\/51895\/","title":{"rendered":"USA har utf\u00f8rt et nytt angrep i internasjonalt farvann"},"content":{"rendered":"\n<p class=\"_lead_1994c_2 _lead_xtcu6_50 layout-component text-serif-m layout-normal text-serif-l layout-component layout-wide layout-padded _wide_17hqh_1 layout-padded\">Fire personer er drept i angrepet, hevder forsvarsminister Pete Hegseth fredag.<\/p>\n<p><img alt=\" Foto: Andrew Harnik \/ Reuters \/ NTB\" class=\"_image_qp4xg_65 layout-component layout-wide\" data-fullscreen- data-track-element-type=\"Article image fullscreen\" data-track-name=\"ImageFullscreen\" fetchpriority=\"high\" decoding=\"sync\" loading=\"eager\" height=\"5315\" itemprop=\"image\"  src=\"https:\/\/www.europesays.com\/no\/wp-content\/uploads\/2025\/10\/4b8b790c-c612-465d-a4cd-840e3aa29297\"  style=\"object-position:0% 0%\" width=\"7719\"\/> Foto: Andrew Harnik \/ Reuters \/ NTB<\/p>\n<ul aria-hidden=\"true\" class=\"_images_1y6fe_106\">\n<li><a class=\"_link_1y6fe_111\" href=\"https:\/\/www.vg.no\/forfatter\/silje-kathrine-sviggum\" style=\"z-index:1\" title=\"Silje Kathrine Sviggum\" rel=\"nofollow noopener\" target=\"_blank\"><img alt=\"Bilde av Silje Kathrine Sviggum\" class=\"_image_1y6fe_88\" fetchpriority=\"low\" loading=\"lazy\" decoding=\"async\" itemprop=\"image\"  src=\"https:\/\/www.europesays.com\/no\/wp-content\/uploads\/2025\/10\/e676a608-6bb3-4134-98e2-0f7e4dee1ab7\"  width=\"480\"\/><\/a><\/li>\n<\/ul>\n<p> Oppdatert fredag 3. oktober kl. 18:59     <\/p>\n<p class=\"_paragraph_1994c_4 _paragraph_xtcu6_10 layout-component text-serif-m layout-normal text-serif-m layout-padded\">Det melder nyhetsbyr\u00e5et Reuters.<\/p>\n<p class=\"_paragraph_1994c_4 _paragraph_xtcu6_10 layout-component text-serif-m layout-normal text-serif-m layout-padded\">USA drepte fire mennesker i et angrep mot et fart\u00f8y som angivelig fraktet ulovlige narkotika utenfor kysten av Venezuela, sa USAs forsvarsminister <a href=\"https:\/\/www.vg.no\/tag\/pete-hegseth?utm_source=vg-article&amp;utm_medium=auto-tagger&amp;utm_campaign=wgwyML\" class=\"_link_1994c_39\" rel=\"nofollow noopener\" target=\"_blank\">Pete Hegseth<\/a> fredag. <\/p>\n<p class=\"_paragraph_1994c_4 _paragraph_xtcu6_10 layout-component text-serif-m layout-normal text-serif-m layout-padded\">Dette er minst det fjerde slike angrepet de siste ukene.<\/p>\n<p class=\"_paragraph_1994c_4 _paragraph_xtcu6_10 layout-component text-serif-m layout-normal text-serif-m layout-padded\">\u2013 V\u00e5r etterretning bekreftet uten tvil at dette fart\u00f8yet drev narkotikahandel. Personene om bord var narkoterrorister, og de opererte p\u00e5 en kjent transittrute for narkotikahandel, skriver Hegseth p\u00e5 X.<\/p>\n<p class=\"_paragraph_1994c_4 _paragraph_xtcu6_10 layout-component text-serif-m layout-normal text-serif-m layout-padded\">\u2013 Disse angrepene vil fortsette til angrepene p\u00e5 det amerikanske folket er over!!!!, skriver han videre.<\/p>\n<p class=\"_root_1xq52_1\" lang=\"en\" dir=\"auto\">Earlier this morning, on President Trump&#8217;s orders, I directed a lethal, kinetic strike on a narco-trafficking vessel affiliated with Designated Terrorist Organizations in the USSOUTHCOM area of responsibility. Four male narco-terrorists aboard the vessel were killed in the<\/p>\n<p class=\"_paragraph_1994c_4 _paragraph_xtcu6_10 layout-component text-serif-m layout-normal text-serif-m layout-padded\">I angrepene har USA gjennomf\u00f8rt flere angrep mot angivelige smuglerb\u00e5ter fra Venezuela \u2013 som if\u00f8lge amerikanske myndigheter skal ha fraktet narkotika til USA.<\/p>\n<p class=\"_paragraph_1994c_4 _paragraph_xtcu6_10 layout-component text-serif-m layout-normal text-serif-m layout-padded\">Trump-administrasjonen har ikke lagt frem bevis p\u00e5 at p\u00e5standene deres stemmer.<\/p>\n<p class=\"_paragraph_1994c_4 _paragraph_xtcu6_10 layout-component text-serif-m layout-normal text-serif-m layout-padded\">Eksperter p\u00e5 internasjonal rett mener de amerikanske operasjonene strider mot grunnleggende folkerettsprinsipper.<\/p>\n<p class=\"_paragraph_1994c_4 _paragraph_xtcu6_10 layout-component text-serif-m layout-normal text-serif-m layout-padded\">Visepresident J.D. Vance er av en annen oppfatning. P\u00e5 X har han hevdet at \u00e5 drepe kartellmedlemmer som \u00abforgifter\u00bb amerikanske borgere \u00aber den viktigste og beste bruken av milit\u00e6ret\u00bb.<\/p>\n<p><img alt=\"Foto: SHAWN THEW \/ EPA \/ NTB\" class=\"_image_qp4xg_65 layout-component layout-normal\" data-fullscreen- data-track-element-type=\"Article image fullscreen\" data-track-name=\"ImageFullscreen\" decoding=\"async\" loading=\"lazy\" height=\"5038\" itemprop=\"image\"  src=\"https:\/\/www.europesays.com\/no\/wp-content\/uploads\/2025\/10\/a15b71cd-0c88-489a-bdf9-81fcc81f3bf0\"  style=\"object-position:0% 0%\" width=\"7553\"\/>Foto: SHAWN THEW \/ EPA \/ NTB<\/p>\n<p class=\"_paragraph_1994c_4 _paragraph_xtcu6_10 layout-component text-serif-m layout-normal text-serif-m layout-padded\">20. september omtalte VG at <a href=\"https:\/\/www.vg.no\/nyheter\/i\/Jbko6R\/trump-har-angrepet-ny-baat-i-internasjonalt-farvann-tre-drept\" data-track-element-type=\"Link\" data-track-id=\"link:Jbko6R\" class=\"_link_1994c_39\" rel=\"nofollow noopener\" target=\"_blank\">tre personer var drept<\/a> etter et amerikansk angrep i internasjonalt farvann direkte p\u00e5 Donald Trumps ordre.<\/p>\n<p class=\"_paragraph_1994c_4 _paragraph_xtcu6_10 layout-component text-serif-m layout-normal text-serif-m layout-padded\">\u00abP\u00e5 mine ordre beordret krigsministeren et d\u00f8delig angrep mot et fart\u00f8y tilknyttet en utpekt terrororganisasjon som drev narkotikasmugling i\u00a0USSOUTHCOMs ansvarsomr\u00e5de\u00bb, skrev Trump p\u00e5 Truth Social.<\/p>\n<p class=\"_paragraph_1994c_4 _paragraph_xtcu6_10 layout-component text-serif-m layout-normal text-serif-m layout-padded\">Totalt har minst 14 personer som Trump har beskrevet som \u00abnarko-terrorister\u00bb blitt drept i amerikanske angrep.<\/p>\n<p class=\"_paragraph_1994c_4 _paragraph_xtcu6_10 layout-component text-serif-m layout-normal text-serif-m layout-padded\">Trump p\u00e5sto at en av b\u00e5tene ble operert av gjengen Tren de Aragua, som tidligere i \u00e5r ble oppf\u00f8rt av USA som en utenlandsk terrororganisasjon. Den venezuelanske regjeringen har benektet at noen av de drepte tilh\u00f8rte gjengen.<\/p>\n<p>    <img decoding=\"async\" alt=\"Tips oss illustrasjon\" width=\"62px\" height=\"auto\" src=\"https:\/\/www.europesays.com\/no\/wp-content\/uploads\/2025\/08\/1754784428_95_W9avJzE.png\"\/>    <\/p>\n<p class=\"title-serif-s\">Har du tips til oss?<\/p>\n<p class=\"text-sans-m\">Send oss informasjon, bilder eller video<\/p>\n<p>  <a href=\"https:\/\/www.vg.no\/tips-oss\" rel=\"nofollow noopener\" target=\"_blank\"> Tips oss <\/a>      <\/p>\n","protected":false},"excerpt":{"rendered":"Fire personer er drept i angrepet, hevder forsvarsminister Pete Hegseth fredag. Foto: Andrew Harnik \/ Reuters \/ NTB&hellip;\n","protected":false},"author":2,"featured_media":51896,"comment_status":"","ping_status":"","sticky":false,"template":"","format":"standard","meta":{"footnotes":""},"categories":[12],"tags":[31,20,21,24,25,15,22,23,212,13,30,28,29,14,16,6506,26,27,50,42,43,44,45],"class_list":{"0":"post-51895","1":"post","2":"type-post","3":"status-publish","4":"format-standard","5":"has-post-thumbnail","7":"category-verden","8":"tag-breaking","9":"tag-breaking-news","10":"tag-breakingnews","11":"tag-featured-news","12":"tag-featurednews","13":"tag-headlines","14":"tag-latest-news","15":"tag-latestnews","16":"tag-narkotika","17":"tag-news","18":"tag-no","19":"tag-norge","20":"tag-norway","21":"tag-nyheter","22":"tag-overskrifter","23":"tag-pete-hegseth","24":"tag-top-stories","25":"tag-topstories","26":"tag-usa","27":"tag-verden","28":"tag-world","29":"tag-world-news","30":"tag-worldnews"},"share_on_mastodon":{"url":"","error":""},"_links":{"self":[{"href":"https:\/\/www.europesays.com\/no\/wp-json\/wp\/v2\/posts\/51895","targetHints":{"allow":["GET"]}}],"collection":[{"href":"https:\/\/www.europesays.com\/no\/wp-json\/wp\/v2\/posts"}],"about":[{"href":"https:\/\/www.europesays.com\/no\/wp-json\/wp\/v2\/types\/post"}],"author":[{"embeddable":true,"href":"https:\/\/www.europesays.com\/no\/wp-json\/wp\/v2\/users\/2"}],"replies":[{"embeddable":true,"href":"https:\/\/www.europesays.com\/no\/wp-json\/wp\/v2\/comments?post=51895"}],"version-history":[{"count":0,"href":"https:\/\/www.europesays.com\/no\/wp-json\/wp\/v2\/posts\/51895\/revisions"}],"wp:featuredmedia":[{"embeddable":true,"href":"https:\/\/www.europesays.com\/no\/wp-json\/wp\/v2\/media\/51896"}],"wp:attachment":[{"href":"https:\/\/www.europesays.com\/no\/wp-json\/wp\/v2\/media?parent=51895"}],"wp:term":[{"taxonomy":"category","embeddable":true,"href":"https:\/\/www.europesays.com\/no\/wp-json\/wp\/v2\/categories?post=51895"},{"taxonomy":"post_tag","embeddable":true,"href":"https:\/\/www.europesays.com\/no\/wp-json\/wp\/v2\/tags?post=51895"}],"curies":[{"name":"wp","href":"https:\/\/api.w.org\/{rel}","templated":true}]}}