{"id":51897,"date":"2025-10-03T17:35:10","date_gmt":"2025-10-03T17:35:10","guid":{"rendered":"https:\/\/www.europesays.com\/no\/51897\/"},"modified":"2025-10-03T17:35:10","modified_gmt":"2025-10-03T17:35:10","slug":"hadde-feilnavigert","status":"publish","type":"post","link":"https:\/\/www.europesays.com\/no\/51897\/","title":{"rendered":"Hadde feilnavigert"},"content":{"rendered":"<p>  President Donald Trump gir Hamas en endelig frist for \u00e5 g\u00e5 med p\u00e5 hans Gaza-avtale.\u00a0<\/p>\n<p>\n    GIR SISTE FRIST: President Donald Trump gir Hamas frist med \u00e5 godta planen til midnatt s\u00f8ndag, norsk tid. Foto: Leon Neal \/ Pa \/ NTB\n  <\/p>\n<p>President Donald Trump gir Hamas ny frist til \u00e5 g\u00e5 med p\u00e5 Gaza-avtalen.<\/p>\n<p>P\u00e5 Truth Social skriver han at en avtale m\u00e5 v\u00e6re p\u00e5 plass innen s\u00f8ndag kl 18, lokal tid i Washington D.C. Det vil si midnatt i Norge.\u00a0<\/p>\n<p>Dette er Hamas&#8217; siste sjanse, understreker han.<\/p>\n<p>    <a itemprop=\"url\" href=\"https:\/\/www.dagbladet.no\/nyheter\/et-gufs-fra-fortiden\/83658344\" rel=\"nofollow noopener\" target=\"_blank\"><\/p>\n<p>      <img loading=\"lazy\" decoding=\"async\" src=\"https:\/\/www.europesays.com\/no\/wp-content\/uploads\/2025\/10\/1759512909_437_83658312.webp\" width=\"147\" height=\"98\" title=\"- Et gufs fra fortiden\" alt=\"\" class=\"lazyload\" style=\"--aspect-ratio-image: 1.50; \"\/><\/p>\n<p>        &#8211; Et gufs fra fortiden<\/p>\n<p>    <\/a><\/p>\n<p>&#8211; Dere vil bli jaktet ned<\/p>\n<p>If\u00f8lge Trump er de fleste Hamas-soldatene som ikke allerede er drept i krigen, omringet av det israelske milit\u00e6ret.\u00a0<\/p>\n<p>&#8211; De venter bare p\u00e5 meg til \u00e5 si \u00abkj\u00f8r p\u00e5\u00bb, f\u00f8r livene deres vil bli tatt. Og til resten av dere: Vi vet hvem og hvor dere er, og dere vil bli jaktet ned og drept.\u00a0<\/p>\n<p>Dersom ikke Hamas g\u00e5r med p\u00e5 en avtale i siste liten kommer Trump med en klar advarsel:<\/p>\n<p>&#8211; Et helvete som ingen har sett lignende til vil bryte l\u00f8s mot Hamas.<\/p>\n<p> Han ber om at alle uskyldige palestinere umiddelbart forlater omr\u00e5der hvor potensielt mange kommer til \u00e5 d\u00f8 i framtiden. Han ber disse reise til tryggere omr\u00e5der av Gaza, uten \u00e5 si noe om hvilke omr\u00e5der dette er snakk om.\u00a0<\/p>\n<p>&#8211; Det skal bli fred i Midt\u00f8sten p\u00e5 den ene eller andre m\u00e5ten, avslutter Trump.<\/p>\n<p>    <a itemprop=\"url\" href=\"https:\/\/www.dagbladet.no\/nyheter\/bbc-kilder-hamas-vurderer-nei\/83673666\" rel=\"nofollow noopener\" target=\"_blank\"><\/p>\n<p>      <img loading=\"lazy\" decoding=\"async\" src=\"https:\/\/www.europesays.com\/no\/wp-content\/uploads\/2025\/10\/83673741.webp\" width=\"980\" height=\"441\" title=\"BBC-kilder: - Hamas vurderer \u00abnei\u00bb\" alt=\"\" class=\"lazyload\" style=\"--aspect-ratio-image: 2.22; \"\/><\/p>\n<p>        BBC-kilder: &#8211; Hamas vurderer \u00abnei\u00bb <\/p>\n<p>    <\/a><\/p>\n<p>Stort sett tause<\/p>\n<p>Det var mandag at <a href=\"https:\/\/www.dagbladet.no\/nyheter\/israel-har-sagt-ja\/83657476\" rel=\"nofollow noopener\" target=\"_blank\">Trump annonserte sin Gaza-plan<\/a> og at Israels statsminister Benjamin Netanyahu hadde sagt ja til avtalen. Hamas, som ikke hadde sett forlaget p\u00e5 dav\u00e6rende tidspunkt, svarte at de skulle se p\u00e5 avtalen med \u00e5pne \u00f8yne. Siden har det meste av informasjonen om hvordan Hamas stiller seg til avtalen v\u00e6rt basert p\u00e5 kilder.\u00a0<\/p>\n<p> Observat\u00f8rer i regionen tror p\u00e5 sin side at flere Hamas-ledere heller i retning av \u00e5 godta planen med visse justeringer. <\/p>\n<p>Mkhaimar Abusada som er statsviter fra Gaza, bosatt i Kairo, sier til The Guardian at Hamas m\u00e5 velge mellom det ille eller det verste.\u00a0<\/p>\n<p>&#8211; De vil si ja, men de vil si at de krever visse ting, sier han til avisa.<\/p>\n<p>BBCs Gaza-korrespondent Rushdi Abualouf skrev p\u00e5 sin side torsdag at at han forst\u00e5r det slik at den milit\u00e6re sjefen i Hamas, Izz al-Din al-Haddad, leser planen som en oppskrift for \u00e5 gj\u00f8re helt slutt p\u00e5 Hamas, <a href=\"https:\/\/www.dagbladet.no\/nyheter\/bbc-kilder-hamas-vurderer-nei\/83673666\" rel=\"nofollow noopener\" target=\"_blank\">enten planen blir godkjent eller ikke.<\/a><\/p>\n<p>&#8211; Han er derfor innstilt p\u00e5 \u00e5 videref\u00f8re kampen, skriver\u00a0<a href=\"https:\/\/www.bbc.com\/news\/articles\/c708v2q5r09o\" target=\"_blank\" rel=\"nofollow noopener\">BBC<\/a>, uten navngitte kilder for denne framstillingen.<\/p>\n<p>En talsperson for Hamas uttalte onsdag til BBC at planen bare tjener Israels interesser, men ignorerer det palestinske folks interesser.<\/p>\n<p>Ogs\u00e5 Egypts utenriksminister uttalte torsdag at planen har mange hull, og at det trengs flere diskusjoner rundt flere av punktene. Han mente likevel at Hamas m\u00e5 si ja.\u00a0\u00a0<\/p>\n<p>    Fakta om Trumps fredsplan for Gaza<\/p>\n<p>* Planen inneholder 20 punkter for \u00e5 oppn\u00e5 fred i\u00a0Gaza. Det f\u00f8rste punktet er at\u00a0Gaza\u00a0skal v\u00e6re en avradikalisert, terrorfri sone som ikke utgj\u00f8r en trussel mot sine naboer.<\/p>\n<p>* Hvis begge parter godtar planen, skal alle milit\u00e6roperasjoner umiddelbart opph\u00f8re. Store mengder n\u00f8dhjelp skal fraktes inn p\u00e5 Gazastripen.<\/p>\n<p>* Innen 72 timer etter at Israel offentlig godtar avtalen, skal samtlige gjenv\u00e6rende gisler p\u00e5 Gazastripen l\u00f8slates. Levninger av d\u00f8de gisler skal overleveres til Israel.<\/p>\n<p>* Deretter skal Israel l\u00f8slate 250 fanger som soner livstidsdommer samt 1700 palestinere fra Gazastripen som er blitt p\u00e5grepet i l\u00f8pet av krigen.<\/p>\n<p>* Hamas-medlemmer som godtar \u00e5 gi fra seg v\u00e5pnene sine og leve fredelig p\u00e5 Gazastripen, skal f\u00e5 amnesti. De som \u00f8nsker \u00e5 forlate Gazastripen, skal kunne reise trygt til andre land. Hamas skal ikke ha noen rolle i styringen av\u00a0Gaza\u00a0i framtiden.<\/p>\n<p>* Styringen av Gazastripen skal i f\u00f8rste omgang overlates til en midlertidig gruppe palestinske og internasjonale eksperter.<\/p>\n<p>* Et fredsr\u00e5d ledet av USAs president Donald\u00a0Trump\u00a0skal ha overoppsyn med ekspertgruppen. Ogs\u00e5 Storbritannias tidligere statsminister Tony Blair og flere andre internasjonale ledere skal delta i fredsr\u00e5det.<\/p>\n<p>* Ingen skal tvinges til \u00e5 forlate Gazastripen, og befolkningen der oppfordres til \u00e5 bli v\u00e6rende.<\/p>\n<p>* USA og arabiske land skal opprette en midlertidig internasjonal stabiliseringsstyrke som skal utplasseres p\u00e5 Gazastripen. Styrken skal trene en palestinsk politistyrke.<\/p>\n<p>* Israelske styrker skal gradvis skal overgi territorium p\u00e5 Gazastripen til den internasjonale styrken.<\/p>\n<p>* Fredsr\u00e5det skal ha ansvar for gjenoppbyggingen av\u00a0Gaza\u00a0inntil Den palestinske selvstyremyndigheten har fullf\u00f8rt et reformprogram. N\u00e5r det er fullf\u00f8rt, kan forholdene ligge til rette for palestinsk selvstyre.<\/p>\n<p>(Kilder: Amerikanske myndigheter, BBC)<\/p>\n<p>      Vis mer<br \/>\n      Vis mindre<\/p>\n","protected":false},"excerpt":{"rendered":"President Donald Trump gir Hamas en endelig frist for \u00e5 g\u00e5 med p\u00e5 hans Gaza-avtale.\u00a0 GIR SISTE FRIST:&hellip;\n","protected":false},"author":2,"featured_media":51898,"comment_status":"","ping_status":"","sticky":false,"template":"","format":"standard","meta":{"footnotes":""},"categories":[10],"tags":[20,21,24,25,15,2539,22,23,13,30,28,29,14,16,26,27],"class_list":{"0":"post-51897","1":"post","2":"type-post","3":"status-publish","4":"format-standard","5":"has-post-thumbnail","7":"category-norge","8":"tag-breaking-news","9":"tag-breakingnews","10":"tag-featured-news","11":"tag-featurednews","12":"tag-headlines","13":"tag-innenriks","14":"tag-latest-news","15":"tag-latestnews","16":"tag-news","17":"tag-no","18":"tag-norge","19":"tag-norway","20":"tag-nyheter","21":"tag-overskrifter","22":"tag-top-stories","23":"tag-topstories"},"share_on_mastodon":{"url":"","error":""},"_links":{"self":[{"href":"https:\/\/www.europesays.com\/no\/wp-json\/wp\/v2\/posts\/51897","targetHints":{"allow":["GET"]}}],"collection":[{"href":"https:\/\/www.europesays.com\/no\/wp-json\/wp\/v2\/posts"}],"about":[{"href":"https:\/\/www.europesays.com\/no\/wp-json\/wp\/v2\/types\/post"}],"author":[{"embeddable":true,"href":"https:\/\/www.europesays.com\/no\/wp-json\/wp\/v2\/users\/2"}],"replies":[{"embeddable":true,"href":"https:\/\/www.europesays.com\/no\/wp-json\/wp\/v2\/comments?post=51897"}],"version-history":[{"count":0,"href":"https:\/\/www.europesays.com\/no\/wp-json\/wp\/v2\/posts\/51897\/revisions"}],"wp:featuredmedia":[{"embeddable":true,"href":"https:\/\/www.europesays.com\/no\/wp-json\/wp\/v2\/media\/51898"}],"wp:attachment":[{"href":"https:\/\/www.europesays.com\/no\/wp-json\/wp\/v2\/media?parent=51897"}],"wp:term":[{"taxonomy":"category","embeddable":true,"href":"https:\/\/www.europesays.com\/no\/wp-json\/wp\/v2\/categories?post=51897"},{"taxonomy":"post_tag","embeddable":true,"href":"https:\/\/www.europesays.com\/no\/wp-json\/wp\/v2\/tags?post=51897"}],"curies":[{"name":"wp","href":"https:\/\/api.w.org\/{rel}","templated":true}]}}