{"id":51915,"date":"2025-10-03T18:04:13","date_gmt":"2025-10-03T18:04:13","guid":{"rendered":"https:\/\/www.europesays.com\/no\/51915\/"},"modified":"2025-10-03T18:04:13","modified_gmt":"2025-10-03T18:04:13","slug":"elbilforeningen-advarer-politikerne-mot-moms-etter-elbilrekorder","status":"publish","type":"post","link":"https:\/\/www.europesays.com\/no\/51915\/","title":{"rendered":"Elbilforeningen advarer politikerne mot moms etter elbilrekorder"},"content":{"rendered":"<p>98,3 prosent av alle nye personbiler i september var elbiler.\u00a0<\/p>\n<p>September ble dermed en rekordm\u00e5ned med den h\u00f8yeste andelen elbiler solgt i nybilsalget noensinne registrert i en enkeltm\u00e5ned, skriver Opplysningsr\u00e5det for veitrafikken (OFV) i en\u00a0<a href=\"https:\/\/ofv.no\/aktuelt\/2025\/to-nye-rekorder-i-september\" target=\"_blank\" rel=\"nofollow noopener\">pressemelding<\/a>.<\/p>\n<p>Og etter \u00e5rets f\u00f8rste ni m\u00e5neder er elbilandelen av nybilsalget p\u00e5 hele 95 prosent. Ogs\u00e5 det er ny rekord, if\u00f8lge OFV.<\/p>\n<p>    <a itemprop=\"url\" href=\"https:\/\/www.elbil24.no\/nyheter\/to-nye-elbil-rekorder\/83664839\" rel=\"nofollow noopener\" target=\"_blank\"><\/p>\n<p>      <img loading=\"lazy\" decoding=\"async\" src=\"https:\/\/www.europesays.com\/no\/wp-content\/uploads\/2025\/10\/1759514651_434_83664925.webp\" width=\"147\" height=\"98\" title=\"To nye elbil-rekorder\" alt=\"\" class=\"lazyload\" style=\"--aspect-ratio-image: 1.50; \"\/><\/p>\n<p>        To nye elbil-rekorder<\/p>\n<p>    <\/a><\/p>\n<p>Elbilforeningen er likevel tydelig p\u00e5 at selv om bilparken blir stadig mer elektrisk, er det fortsatt en vei \u00e5 g\u00e5.<\/p>\n<p>Foreningen advarer derfor mot \u00e5 \u00f8ke elbilmomsen for raskt.<\/p>\n<p>\u2013 Sju av ti kj\u00f8rer fossilbil\t<\/p>\n<p>\u2013 Selv om de fleste nye biler er elbiler, er ikke jobben over. Sju av ti kj\u00f8rer fortsatt rundt i en fossilbil. Stortinget m\u00e5 i den kommende perioden sikre at ogs\u00e5 disse f\u00e5r muligheten til \u00e5 bytte til\u00a0elbil, sier generalsekret\u00e6r Christina Bu i Elbilforeningen i en\u00a0<a href=\"https:\/\/kommunikasjon.ntb.no\/pressemelding\/18670635\/jubler-over-ny-elbilrekord-i-september-men-ber-nytt-storting-om-a-vaere-varsom-med-elbilmoms?publisherId=15519297&amp;lang=no\" target=\"_blank\" rel=\"nofollow noopener\">pressemelding<\/a>.<\/p>\n<p>I dag er det moms p\u00e5 elbiler over 500.000 kroner. Selv om foreningen mener det er riktig \u00e5 fase inn noe mer enn dette i kommende stortingsperiode, advarer Bu mot \u00e5 ta for raske steg.<\/p>\n<p>    <a itemprop=\"url\" href=\"https:\/\/www.elbil24.no\/nyheter\/ny-rapport-her-er-elbilen-klart-billigst\/83669819\" rel=\"nofollow noopener\" target=\"_blank\"><\/p>\n<p>      <img loading=\"lazy\" decoding=\"async\" src=\"https:\/\/www.europesays.com\/no\/wp-content\/uploads\/2025\/10\/83669938.webp\" width=\"980\" height=\"441\" title=\"Ny rapport: Her er elbilen klart billigst\" alt=\"\" class=\"lazyload\" style=\"--aspect-ratio-image: 2.22; \"\/><\/p>\n<p>        Ny rapport: Her er elbilen klart billigst<\/p>\n<p>    <\/a><\/p>\n<p>Hun mener neste steg er \u00e5 innf\u00f8re moms p\u00e5 elbiler over 400.000 kroner. Det m\u00e5 skje gradvis og p\u00e5 en m\u00e5te som ikke svekker konkurransen i elbilmarkedet, if\u00f8lge henne.<\/p>\n<p>F\u00f8rste test kommer i statsbudsjettet, skriver Elbilforeningen. Statsbudsjettet legges fram 15. oktober.<\/p>\n<p>    <a itemprop=\"url\" href=\"https:\/\/www.elbil24.no\/nyheter\/stem-fram-folkets-favoritt-2026\/83655170\" rel=\"nofollow noopener\" target=\"_blank\"><\/p>\n<p>      <img loading=\"lazy\" decoding=\"async\" src=\"https:\/\/www.europesays.com\/no\/wp-content\/uploads\/2025\/10\/83655285.webp\" width=\"980\" height=\"441\" title=\"Stem fram Folkets Favoritt 2026\" alt=\"\" class=\"lazyload\" style=\"--aspect-ratio-image: 2.22; \"\/><\/p>\n<p>        Stem fram Folkets Favoritt 2026<\/p>\n<p>    <\/a><\/p>\n<p>\u2013 Naturlig \u00e5 vurdere momsfritaket\t<\/p>\n<p>Tuva Moflag, Arbeiderpartiets finanspolitiske talsperson, sa nylig til\u00a0<a href=\"https:\/\/www.dn.no\/samferdsel\/elbiler\/momsfritak\/politikk\/elbil-stotten-under-press-stortingets-mal-er-nadd\/2-1-1869517\" target=\"_blank\" rel=\"nofollow noopener\">Dagens N\u00e6ringsliv<\/a>\u00a0av Stortingets m\u00e5l med elbilpolitikken var \u00abmer eller mindre n\u00e5dd\u00bb.<\/p>\n<p>Hun signaliserte at det kan komme endringer i elbilst\u00f8tten.<\/p>\n<p>\u2013 Det er naturlig at man vurderer momsfritaket p\u00e5 elbiler p\u00e5 nytt n\u00e5r Esas godkjennelse av momsfritaket g\u00e5r ut i 2026, selv om det fortsatt er mange fossilbiler som kj\u00f8rer p\u00e5 norske veier. Vi har brukt flerfoldig milliarder kroner for \u00e5 stimulere nybilkj\u00f8pere til \u00e5 velge elbiler, noe som har kommet privatpersoner og bransjer til gode, sa hun til avisen.<\/p>\n","protected":false},"excerpt":{"rendered":"98,3 prosent av alle nye personbiler i september var elbiler.\u00a0 September ble dermed en rekordm\u00e5ned med den h\u00f8yeste&hellip;\n","protected":false},"author":2,"featured_media":51916,"comment_status":"","ping_status":"","sticky":false,"template":"","format":"standard","meta":{"footnotes":""},"categories":[5],"tags":[20,21,267,7941,7940,4814,24,25,15,19,22,23,17,18,7939,7938,13,30,28,29,14,16,4114,26,27],"class_list":{"0":"post-51915","1":"post","2":"type-post","3":"status-publish","4":"format-standard","5":"has-post-thumbnail","7":"category-overskrifter","8":"tag-breaking-news","9":"tag-breakingnews","10":"tag-elbil","11":"tag-elbilavgift","12":"tag-elbilforeningen","13":"tag-elbilsalget","14":"tag-featured-news","15":"tag-featurednews","16":"tag-headlines","17":"tag-hovedoppslag","18":"tag-latest-news","19":"tag-latestnews","20":"tag-main-news","21":"tag-mainnews","22":"tag-moms","23":"tag-momsgrense","24":"tag-news","25":"tag-no","26":"tag-norge","27":"tag-norway","28":"tag-nyheter","29":"tag-overskrifter","30":"tag-registreringsstatistikk","31":"tag-top-stories","32":"tag-topstories"},"share_on_mastodon":{"url":"","error":""},"_links":{"self":[{"href":"https:\/\/www.europesays.com\/no\/wp-json\/wp\/v2\/posts\/51915","targetHints":{"allow":["GET"]}}],"collection":[{"href":"https:\/\/www.europesays.com\/no\/wp-json\/wp\/v2\/posts"}],"about":[{"href":"https:\/\/www.europesays.com\/no\/wp-json\/wp\/v2\/types\/post"}],"author":[{"embeddable":true,"href":"https:\/\/www.europesays.com\/no\/wp-json\/wp\/v2\/users\/2"}],"replies":[{"embeddable":true,"href":"https:\/\/www.europesays.com\/no\/wp-json\/wp\/v2\/comments?post=51915"}],"version-history":[{"count":0,"href":"https:\/\/www.europesays.com\/no\/wp-json\/wp\/v2\/posts\/51915\/revisions"}],"wp:featuredmedia":[{"embeddable":true,"href":"https:\/\/www.europesays.com\/no\/wp-json\/wp\/v2\/media\/51916"}],"wp:attachment":[{"href":"https:\/\/www.europesays.com\/no\/wp-json\/wp\/v2\/media?parent=51915"}],"wp:term":[{"taxonomy":"category","embeddable":true,"href":"https:\/\/www.europesays.com\/no\/wp-json\/wp\/v2\/categories?post=51915"},{"taxonomy":"post_tag","embeddable":true,"href":"https:\/\/www.europesays.com\/no\/wp-json\/wp\/v2\/tags?post=51915"}],"curies":[{"name":"wp","href":"https:\/\/api.w.org\/{rel}","templated":true}]}}