{"id":51917,"date":"2025-10-03T18:11:12","date_gmt":"2025-10-03T18:11:12","guid":{"rendered":"https:\/\/www.europesays.com\/no\/51917\/"},"modified":"2025-10-03T18:11:12","modified_gmt":"2025-10-03T18:11:12","slug":"tre-menn-domt-for-gruppevoldtekt-i-ankesak","status":"publish","type":"post","link":"https:\/\/www.europesays.com\/no\/51917\/","title":{"rendered":"Tre menn d\u00f8mt for gruppevoldtekt i ankesak"},"content":{"rendered":"\n<p class=\"_lead_1994c_2 _lead_xtcu6_50 layout-component text-serif-m layout-normal text-serif-l layout-component layout-wide layout-padded _wide_17hqh_1 layout-padded\">Alle de tre tiltalte mennene i gruppevoldtektssaken i Nordfjord er d\u00f8mt i Gulating lagmannsrett.<\/p>\n<p>Aktiver kart<\/p>\n<ul aria-hidden=\"true\" class=\"_images_1y6fe_106\">\n<li><a class=\"_link_1y6fe_111\" href=\"https:\/\/www.vg.no\/forfatter\/ntb\" style=\"z-index:1\" title=\"NTB\" rel=\"nofollow noopener\" target=\"_blank\"><img alt=\"Bilde av NTB\" class=\"_image_1y6fe_88\" fetchpriority=\"low\" loading=\"lazy\" decoding=\"async\" itemprop=\"image\"  src=\"https:\/\/www.europesays.com\/no\/wp-content\/uploads\/2025\/10\/1759515072_471_c33980b0-5d07-4027-84a1-813f90a7c8d6\"  width=\"480\"\/><\/a><\/li>\n<\/ul>\n<p> Oppdatert fredag 3. oktober kl. 16:19     <\/p>\n<p class=\"_paragraph_1994c_4 _paragraph_xtcu6_10 layout-component text-serif-m layout-normal text-serif-m layout-padded\">Mennene var tiltalt for \u00e5 ha voldtatt en ten\u00e5ringsjente etter en ungdomsfest i <a href=\"https:\/\/www.vg.no\/tag\/nordfjord?utm_source=vg-article&amp;utm_medium=auto-tagger&amp;utm_campaign=eMAlxO\" class=\"_link_1994c_39\" rel=\"nofollow noopener\" target=\"_blank\">Nordfjord<\/a> i Vestland i januar i fjor. Alle nektet straffskyld.<\/p>\n<p class=\"_paragraph_1994c_4 _paragraph_xtcu6_10 layout-component text-serif-m layout-normal text-serif-m layout-padded\">Tiltalen var tatt ut etter straffelovens paragraf 293, \u00abfor \u00e5 ha hatt seksuell omgang med noen som var bevisstl\u00f8s eller av andre grunner ute av stand til \u00e5 motsette seg handlingen\u00bb.<\/p>\n<p class=\"_paragraph_1994c_4 _paragraph_xtcu6_10 layout-component text-serif-m layout-normal text-serif-m layout-padded\"> De tre mennene ble d\u00f8mt til over fem \u00e5rs fengsel hver da saken gikk for Sogn og Fjordane tingrett i januar. Alle tre anket dommen, men ble d\u00f8mt ogs\u00e5 i lagmannsretten, skriver <a href=\"https:\/\/www.nrk.no\/vestland\/gruppevaldtektssaka-i-nordfjord-_-alle-tre-domde-i-lagmannsretten-1.17597058\" class=\"_link_1994c_39\" rel=\"nofollow noopener\" target=\"_blank\">NRK<\/a>. <\/p>\n<p class=\"_paragraph_1994c_4 _paragraph_xtcu6_10 layout-component text-serif-m layout-normal text-serif-m layout-padded\">Straffen etter ankebehandlingen lyder p\u00e5 fengsel i henholdsvis fem \u00e5r, fem \u00e5r og tre m\u00e5neder og seks \u00e5r.<\/p>\n<p class=\"_paragraph_1994c_4 _paragraph_xtcu6_10 layout-component text-serif-m layout-normal text-serif-m layout-padded\">Alle tre m\u00e5 betale den forn\u00e6rmede jenta 300.000 kroner hver i oppreisningserstatning.<\/p>\n","protected":false},"excerpt":{"rendered":"Alle de tre tiltalte mennene i gruppevoldtektssaken i Nordfjord er d\u00f8mt i Gulating lagmannsrett. Aktiver kart Oppdatert fredag&hellip;\n","protected":false},"author":2,"featured_media":51918,"comment_status":"","ping_status":"","sticky":false,"template":"","format":"standard","meta":{"footnotes":""},"categories":[5],"tags":[20,21,24,25,15,19,22,23,17,18,13,30,5268,28,29,14,16,26,27],"class_list":{"0":"post-51917","1":"post","2":"type-post","3":"status-publish","4":"format-standard","5":"has-post-thumbnail","7":"category-overskrifter","8":"tag-breaking-news","9":"tag-breakingnews","10":"tag-featured-news","11":"tag-featurednews","12":"tag-headlines","13":"tag-hovedoppslag","14":"tag-latest-news","15":"tag-latestnews","16":"tag-main-news","17":"tag-mainnews","18":"tag-news","19":"tag-no","20":"tag-nordfjord","21":"tag-norge","22":"tag-norway","23":"tag-nyheter","24":"tag-overskrifter","25":"tag-top-stories","26":"tag-topstories"},"share_on_mastodon":{"url":"","error":""},"_links":{"self":[{"href":"https:\/\/www.europesays.com\/no\/wp-json\/wp\/v2\/posts\/51917","targetHints":{"allow":["GET"]}}],"collection":[{"href":"https:\/\/www.europesays.com\/no\/wp-json\/wp\/v2\/posts"}],"about":[{"href":"https:\/\/www.europesays.com\/no\/wp-json\/wp\/v2\/types\/post"}],"author":[{"embeddable":true,"href":"https:\/\/www.europesays.com\/no\/wp-json\/wp\/v2\/users\/2"}],"replies":[{"embeddable":true,"href":"https:\/\/www.europesays.com\/no\/wp-json\/wp\/v2\/comments?post=51917"}],"version-history":[{"count":0,"href":"https:\/\/www.europesays.com\/no\/wp-json\/wp\/v2\/posts\/51917\/revisions"}],"wp:featuredmedia":[{"embeddable":true,"href":"https:\/\/www.europesays.com\/no\/wp-json\/wp\/v2\/media\/51918"}],"wp:attachment":[{"href":"https:\/\/www.europesays.com\/no\/wp-json\/wp\/v2\/media?parent=51917"}],"wp:term":[{"taxonomy":"category","embeddable":true,"href":"https:\/\/www.europesays.com\/no\/wp-json\/wp\/v2\/categories?post=51917"},{"taxonomy":"post_tag","embeddable":true,"href":"https:\/\/www.europesays.com\/no\/wp-json\/wp\/v2\/tags?post=51917"}],"curies":[{"name":"wp","href":"https:\/\/api.w.org\/{rel}","templated":true}]}}