{"id":51947,"date":"2025-10-03T18:39:11","date_gmt":"2025-10-03T18:39:11","guid":{"rendered":"https:\/\/www.europesays.com\/no\/51947\/"},"modified":"2025-10-03T18:39:11","modified_gmt":"2025-10-03T18:39:11","slug":"ryktene-svirrer-dagbladet-no","status":"publish","type":"post","link":"https:\/\/www.europesays.com\/no\/51947\/","title":{"rendered":"Ryktene svirrer &#8211; dagbladet.no"},"content":{"rendered":"<ol>\n<li><a href=\"https:\/\/news.google.com\/rss\/articles\/CBMiZkFVX3lxTE5IQmFhTThyTzdYb1hlSzVhMzd1Rzk1ZEF5aGV0TVRrSjU3M2ZUOW5xeFlJY1VKUE5PSlc1bjN3T0lEUkVjOWFTRXdtLXNDbGdFU0QzZ0IyOGJrNmxvREFBM2FrVlNsdw?oc=5\" target=\"_blank\" rel=\"nofollow noopener\">Ryktene svirrer<\/a>&nbsp;&nbsp;dagbladet.no<\/li>\n<li><a href=\"https:\/\/news.google.com\/rss\/articles\/CBMibkFVX3lxTE5keXRyemx4el9BUHFrbktmSXR2TjlRb090MEF5ZUhRYndCUjJFQWJYSHJnNUZTcFk4emFwS1BzRk1Tb3lweE1GQlpUdVBMenVBNTNSSHdBOXFFV2o5ZU84bVRUTm5LUHViVkhNQjBR?oc=5\" target=\"_blank\" rel=\"nofollow noopener\">Vekker harme: \u2013 J\u00e6vlig trist<\/a>&nbsp;&nbsp;TV2.no<\/li>\n<li><a href=\"https:\/\/news.google.com\/rss\/articles\/CBMiowFBVV95cUxQQ3REc3ZGZGRkR0kyNktHb0hseWRrNmRaNV8xNENUeFVtVHRXMWlFSEFUY1J4Vlh6ZDNLQW5xSk9sQUJiSjJtaHI3bkVJZWRGcm8za1pJbVVMNXhoUlA1NTFxYmstWE42bDdKbnJUR2NiZ1ZMU0tVLU5DX2lSRUxSOEVDZXFLV3FrM201RXQ1c3M1R0hTSG1ad3hWTVlQNm84bW5r?oc=5\" target=\"_blank\" rel=\"nofollow noopener\">Frank L\u00f8ke, Lillestr\u00f8m | Bekrefter m\u00f8te med L\u00f8ke p\u00e5 kammerset: \u2013 Da havner han p\u00e5 d\u00f8dslisten min<\/a>&nbsp;&nbsp;Romerikes Blad<\/li>\n<li><a href=\"https:\/\/news.google.com\/rss\/articles\/CBMikwFBVV95cUxNc3UtVTdNOGR2SHBPMEZ3dlRjWDRacnlLbElzNVFTYjVHRFFlMm9LWFlfaXJ0WW10NUxJaFJvRjlUN25NZTJQQy1pbHdYSmNFT00xN0RobmUyU29kRWQzUlhwdnNCTDI4bVR6NHZWelNlcFBwNG4wSFNWOVR1Y3c0ZkxOMGRVanNxSGYyM1N6R0pYcXc?oc=5\" target=\"_blank\" rel=\"nofollow noopener\">Br\u00e6khus klar for siste kamp: Vil avslutte med knockout<\/a>&nbsp;&nbsp;VG<\/li>\n<li><a href=\"https:\/\/news.google.com\/rss\/articles\/CBMikgFBVV95cUxQcnp0a3pJOWhRN0ppZmRwMGVTb3BMUEs2VWJWWU9Xc1NRakJBYWRtWWxzaVBGXzlKZGNkc1l3dlJ3RlBiV2MtTElGOC1NRkd0N1Zkelp2Z08tS1BLbGF0NTFRMElWVmQzSUNoV24zRnBwUTRYUUxDTDUtOTRTamFhUzdnR1NiOWc0TEttOTRLUC1xZw?oc=5\" target=\"_blank\" rel=\"nofollow noopener\">Krever millioner for \u00e5 m\u00f8te L\u00f8ke: \u2013 Det skjer ikke i Norge<\/a>&nbsp;&nbsp;Nettavisen<\/li>\n<\/ol>\n","protected":false},"excerpt":{"rendered":"Ryktene svirrer&nbsp;&nbsp;dagbladet.no Vekker harme: \u2013 J\u00e6vlig trist&nbsp;&nbsp;TV2.no Frank L\u00f8ke, Lillestr\u00f8m | Bekrefter m\u00f8te med L\u00f8ke p\u00e5 kammerset: \u2013&hellip;\n","protected":false},"author":2,"featured_media":51948,"comment_status":"","ping_status":"","sticky":false,"template":"","format":"standard","meta":{"footnotes":""},"categories":[5],"tags":[1563,20,21,1610,6936,24,25,1561,15,19,22,23,17,18,13,30,28,29,14,7875,16,83,26,27],"class_list":{"0":"post-51947","1":"post","2":"type-post","3":"status-publish","4":"format-standard","5":"has-post-thumbnail","7":"category-overskrifter","8":"tag-boksing","9":"tag-breaking-news","10":"tag-breakingnews","11":"tag-cecilia-braekhus","12":"tag-ema-kozin","13":"tag-featured-news","14":"tag-featurednews","15":"tag-frank-loke","16":"tag-headlines","17":"tag-hovedoppslag","18":"tag-latest-news","19":"tag-latestnews","20":"tag-main-news","21":"tag-mainnews","22":"tag-news","23":"tag-no","24":"tag-norge","25":"tag-norway","26":"tag-nyheter","27":"tag-ole-laache","28":"tag-overskrifter","29":"tag-sport","30":"tag-top-stories","31":"tag-topstories"},"share_on_mastodon":{"url":"","error":""},"_links":{"self":[{"href":"https:\/\/www.europesays.com\/no\/wp-json\/wp\/v2\/posts\/51947","targetHints":{"allow":["GET"]}}],"collection":[{"href":"https:\/\/www.europesays.com\/no\/wp-json\/wp\/v2\/posts"}],"about":[{"href":"https:\/\/www.europesays.com\/no\/wp-json\/wp\/v2\/types\/post"}],"author":[{"embeddable":true,"href":"https:\/\/www.europesays.com\/no\/wp-json\/wp\/v2\/users\/2"}],"replies":[{"embeddable":true,"href":"https:\/\/www.europesays.com\/no\/wp-json\/wp\/v2\/comments?post=51947"}],"version-history":[{"count":0,"href":"https:\/\/www.europesays.com\/no\/wp-json\/wp\/v2\/posts\/51947\/revisions"}],"wp:featuredmedia":[{"embeddable":true,"href":"https:\/\/www.europesays.com\/no\/wp-json\/wp\/v2\/media\/51948"}],"wp:attachment":[{"href":"https:\/\/www.europesays.com\/no\/wp-json\/wp\/v2\/media?parent=51947"}],"wp:term":[{"taxonomy":"category","embeddable":true,"href":"https:\/\/www.europesays.com\/no\/wp-json\/wp\/v2\/categories?post=51947"},{"taxonomy":"post_tag","embeddable":true,"href":"https:\/\/www.europesays.com\/no\/wp-json\/wp\/v2\/tags?post=51947"}],"curies":[{"name":"wp","href":"https:\/\/api.w.org\/{rel}","templated":true}]}}