{"id":51960,"date":"2025-10-03T18:51:14","date_gmt":"2025-10-03T18:51:14","guid":{"rendered":"https:\/\/www.europesays.com\/no\/51960\/"},"modified":"2025-10-03T18:51:14","modified_gmt":"2025-10-03T18:51:14","slug":"jane-goodall-er-dod","status":"publish","type":"post","link":"https:\/\/www.europesays.com\/no\/51960\/","title":{"rendered":"Jane Goodall er d\u00f8d"},"content":{"rendered":"<p>  Forskeren ble 91 \u00e5r gammel.<\/p>\n<p>\n    D\u00d8DE: Den folkekj\u00e6re forskeren Jane Goodall er d\u00f8d. Foto: Fotos International\/REX\n  <\/p>\n<p>Den britiske forskeren Jane Goodall er d\u00f8d. Hun ble 91 \u00e5r gammel.\u00a0<\/p>\n<p>Det melder flere medier, deriblant Sky News.<\/p>\n<p>    <a itemprop=\"url\" href=\"https:\/\/www.seher.no\/kjendis\/deler-gladnyhet-veldig-hemmelighetsfull\/83661342\" rel=\"nofollow noopener\" target=\"_blank\"><\/p>\n<p>      <img loading=\"lazy\" decoding=\"async\" src=\"https:\/\/www.europesays.com\/no\/wp-content\/uploads\/2025\/10\/1759517474_357_83661820.webp\" width=\"980\" height=\"441\" title=\"Skjulte det et \u00e5r\" alt=\"\" class=\"lazyload\" style=\"--aspect-ratio-image: 2.22; \"\/><\/p>\n<p>        Skjulte det et \u00e5r<\/p>\n<p>    <\/a><\/p>\n<p>\u00abJane Goodall Institute fikk i morges, onsdag 1. oktober 2025, vite at dr. Jane Goodall DBE, FNs fredsbudb\u00e6rer og grunnlegger av Jane Goodall Institute, har g\u00e5tt bort av naturlige \u00e5rsaker\u00bb, heter det i uttalelsen p\u00e5 Instagram.<\/p>\n<p>Hun skal ha v\u00e6rt i California som del av en foredragsturn\u00e9 i USA da hun d\u00f8de.<\/p>\n<p>        TURBULENT: Kongen diskuterer den nye Netflix dokumentaren til prinsesse M\u00e4rtha Louise og Durek Verrett. Video: NTB. <\/p>\n<p>Flere har tatt til kommentarfeltet hvor de hyller Goodall for jobben hun har gjort.<\/p>\n<p>\u00abDet var utrolig triste nyheter. En helt fantastisk kvinne som har v\u00e6rt en inspirasjon for mange. Jeg lover \u00e5 s\u00f8rge for at budskapet hennes lever videre\u00bb, skriver artist Ellie Goulding.\u00a0<\/p>\n<p>\u00abEn bemerkelsesverdig kvinne som skapte historie og forandret verden med lidenskap og empati. Hennes p\u00e5virkning p\u00e5 denne jorden kommer alltid til \u00e5 bety noe. M\u00e5tte hun hvile i fred. Min dypste medf\u00f8lelse til familien hennes\u00bb, skriver TV-profil Jo Frost, kjent som \u00abSupernanny\u00bb.<\/p>\n<p>        DRAMA: En av deltakerne ble sendt til sykehus under utfordring. Video: \u00abNaked And Afraid: Last One Standing\u00bb\/Max<\/p>\n<p>Goodall har i mer enn 60 \u00e5r jobbet for \u00e5 \u00f8ke forst\u00e5elsen for sjimpanser og andre menneskeaper.<\/p>\n<p>Hun ble verdenskjent for sine banebrytende studier av sjimpanser i Tanzania p\u00e5 1960-tallet. Hun var bare 26 \u00e5r gammel da hun startet forskningen som skulle revolusjonere v\u00e5r forst\u00e5else av primater.<\/p>\n","protected":false},"excerpt":{"rendered":"Forskeren ble 91 \u00e5r gammel. D\u00d8DE: Den folkekj\u00e6re forskeren Jane Goodall er d\u00f8d. Foto: Fotos International\/REX Den britiske&hellip;\n","protected":false},"author":2,"featured_media":51961,"comment_status":"","ping_status":"","sticky":false,"template":"","format":"standard","meta":{"footnotes":""},"categories":[12],"tags":[20,21,24,25,15,7950,479,2543,22,23,13,30,28,29,14,16,26,27,42,43,44,45],"class_list":{"0":"post-51960","1":"post","2":"type-post","3":"status-publish","4":"format-standard","5":"has-post-thumbnail","7":"category-verden","8":"tag-breaking-news","9":"tag-breakingnews","10":"tag-featured-news","11":"tag-featurednews","12":"tag-headlines","13":"tag-jane-goodall","14":"tag-kjendis","15":"tag-kjendisdesken","16":"tag-latest-news","17":"tag-latestnews","18":"tag-news","19":"tag-no","20":"tag-norge","21":"tag-norway","22":"tag-nyheter","23":"tag-overskrifter","24":"tag-top-stories","25":"tag-topstories","26":"tag-verden","27":"tag-world","28":"tag-world-news","29":"tag-worldnews"},"share_on_mastodon":{"url":"","error":""},"_links":{"self":[{"href":"https:\/\/www.europesays.com\/no\/wp-json\/wp\/v2\/posts\/51960","targetHints":{"allow":["GET"]}}],"collection":[{"href":"https:\/\/www.europesays.com\/no\/wp-json\/wp\/v2\/posts"}],"about":[{"href":"https:\/\/www.europesays.com\/no\/wp-json\/wp\/v2\/types\/post"}],"author":[{"embeddable":true,"href":"https:\/\/www.europesays.com\/no\/wp-json\/wp\/v2\/users\/2"}],"replies":[{"embeddable":true,"href":"https:\/\/www.europesays.com\/no\/wp-json\/wp\/v2\/comments?post=51960"}],"version-history":[{"count":0,"href":"https:\/\/www.europesays.com\/no\/wp-json\/wp\/v2\/posts\/51960\/revisions"}],"wp:featuredmedia":[{"embeddable":true,"href":"https:\/\/www.europesays.com\/no\/wp-json\/wp\/v2\/media\/51961"}],"wp:attachment":[{"href":"https:\/\/www.europesays.com\/no\/wp-json\/wp\/v2\/media?parent=51960"}],"wp:term":[{"taxonomy":"category","embeddable":true,"href":"https:\/\/www.europesays.com\/no\/wp-json\/wp\/v2\/categories?post=51960"},{"taxonomy":"post_tag","embeddable":true,"href":"https:\/\/www.europesays.com\/no\/wp-json\/wp\/v2\/tags?post=51960"}],"curies":[{"name":"wp","href":"https:\/\/api.w.org\/{rel}","templated":true}]}}