{"id":51962,"date":"2025-10-03T18:53:12","date_gmt":"2025-10-03T18:53:12","guid":{"rendered":"https:\/\/www.europesays.com\/no\/51962\/"},"modified":"2025-10-03T18:53:12","modified_gmt":"2025-10-03T18:53:12","slug":"sprakradet-sier-nei-til-lofoten-kommune-nytt-navneforslag-vekker-oppsikt","status":"publish","type":"post","link":"https:\/\/www.europesays.com\/no\/51962\/","title":{"rendered":"Spr\u00e5kr\u00e5det sier nei til Lofoten kommune. Nytt navneforslag vekker oppsikt"},"content":{"rendered":"\n<p class=\"_paragraph_1994c_4 _paragraph_xtcu6_10 layout-component text-serif-m layout-normal text-serif-m layout-padded\">Moskenes, Vestv\u00e5g\u00f8y og eventuelt Flakstad skal sl\u00e5s sammen til \u00e8n kommune. <\/p>\n<p class=\"_paragraph_1994c_4 _paragraph_xtcu6_10 layout-component text-serif-m layout-normal text-serif-m layout-padded\">De \u00f8nsker \u00e5 hete <a href=\"https:\/\/www.vg.no\/tag\/lofoten?utm_source=vg-article&amp;utm_medium=auto-tagger&amp;utm_campaign=4ByMv6\" class=\"_link_1994c_39\" rel=\"nofollow noopener\" target=\"_blank\">Lofoten<\/a> kommune, <a href=\"https:\/\/www.nrk.no\/nordland\/vestvagoy-og-moskenes-kommune-i-lofoten-har-spurt-innbyggarane-om-samanslaing-1.17485433\" class=\"_link_1994c_39\" rel=\"nofollow noopener\" target=\"_blank\">noe som har skapt protester blant de andre kommunene<\/a> i regionenregionenLofoten er en region best\u00e5ende av seks kommuner: V\u00e5gan, Vestv\u00e5g\u00f8y, Flakstad, Moskenes, V\u00e6r\u00f8y og R\u00f8st. .<\/p>\n<p class=\"_paragraph_1994c_4 _paragraph_xtcu6_10 layout-component text-serif-m layout-normal text-serif-m layout-padded\">N\u00e5 vil heller ikke Spr\u00e5kr\u00e5detSpr\u00e5kr\u00e5detSpr\u00e5kr\u00e5det er en norsk statlig institusjon som gir r\u00e5d og veiledning om bruk av det norske spr\u00e5ket. tilr\u00e5de tilr\u00e5de \u00c5 gi r\u00e5d om noedet nye navnet, if\u00f8lge <a href=\"https:\/\/www.lofotposten.no\/sprakradet-sier-nei-vest-lofoten-vil-vare-et-dekkende-navn\/s\/5-29-1236993\" class=\"_link_1994c_39\" rel=\"nofollow noopener\" target=\"_blank\">Lofotposten<\/a>.<\/p>\n<p class=\"_paragraph_1994c_4 _paragraph_xtcu6_10 layout-component text-serif-m layout-normal text-serif-m layout-padded\"><strong class=\"_strong_1994c_25\">Spr\u00e5kr\u00e5det foresl\u00e5r heller \u00e5 kalle kommunen Vest-Lofoten.<\/strong><\/p>\n<p>Kommunesammensl\u00e5ing i Lofoten<\/p>\n<p class=\"_paragraph_1994c_4 _paragraph_xtcu6_10 _paragraph_16v91_10 layout-component text-serif-m layout-normal text-sans-m layout-padded\">Lofoten er i dag en region som best\u00e5r av seks kommuner: V\u00e5gan, Vestv\u00e5g\u00f8y, Flakstad, Moskenes, V\u00e6r\u00f8y og R\u00f8st. <\/p>\n<p class=\"_paragraph_1994c_4 _paragraph_xtcu6_10 _paragraph_16v91_10 layout-component text-serif-m layout-normal text-sans-m layout-padded\">Moskenes og Vestv\u00e5g\u00f8y har vedtatt sammensl\u00e5ing.<\/p>\n<p class=\"_paragraph_1994c_4 _paragraph_xtcu6_10 _paragraph_16v91_10 layout-component text-serif-m layout-normal text-sans-m layout-padded\">Det etter at regjeringen besluttet \u00e5 gi Moskenes kommune 163,5 millioner kroner dersom de frivillig slo seg sammen med Vestv\u00e5g\u00f8y. <\/p>\n<p class=\"_paragraph_1994c_4 _paragraph_xtcu6_10 _paragraph_16v91_10 layout-component text-serif-m layout-normal text-sans-m layout-padded\">Pengene skal slette gjelden som Moskenes opparbeidet seg etter \u00e5 i lang tid ha slitt med d\u00e5rlig \u00f8konomistyring.<\/p>\n<p class=\"_paragraph_1994c_4 _paragraph_xtcu6_10 _paragraph_16v91_10 layout-component text-serif-m layout-normal text-sans-m layout-padded\">Det er mulig at ogs\u00e5 Flakstad kommune tar del i sammensl\u00e5ingen.<\/p>\n<p class=\"_paragraph_1994c_4 _paragraph_xtcu6_10 _paragraph_16v91_10 layout-component text-serif-m layout-normal text-sans-m layout-padded\">Den nye kommunen skal v\u00e6re p\u00e5 plass 1. januar 2028.<\/p>\n<p class=\"_paragraph_1994c_4 _paragraph_xtcu6_10 _paragraph_16v91_10 layout-component text-serif-m layout-normal text-sans-m layout-padded\">Kilde: NTB<\/p>\n<p>Vis mer \u2013 Kan skape forvirring<\/p>\n<p class=\"_paragraph_1994c_4 _paragraph_xtcu6_10 layout-component text-serif-m layout-normal text-serif-m layout-padded\">At Vest-Lofoten foresl\u00e5s av Spr\u00e5kr\u00e5det, vekker imidlertid oppsikt hos ordf\u00f8rer Elisabeth Kristin Mikalsen i R\u00f8st.<\/p>\n<p class=\"_paragraph_1994c_4 _paragraph_xtcu6_10 layout-component text-serif-m layout-normal text-serif-m layout-padded\">Kommunen ligger, sammen med V\u00e6r\u00f8y, lengst vest i Lofoten.<\/p>\n<p class=\"_paragraph_1994c_4 _paragraph_xtcu6_10 layout-component text-serif-m layout-normal text-serif-m layout-padded\">\u2013 S\u00e5nn er det bare, sier Mikalsen til VG.<\/p>\n<p><img alt=\"Ordf\u00f8rer Elisabeth Kristin Mikalsen i R\u00f8st kommune.  Foto: Privat \/ VG\" class=\"_image_qp4xg_65 layout-component layout-normal\" data-fullscreen- data-track-element-type=\"Article image fullscreen\" data-track-name=\"ImageFullscreen\" decoding=\"async\" loading=\"lazy\" height=\"3678\" itemprop=\"image\"  src=\"https:\/\/www.europesays.com\/no\/wp-content\/uploads\/2025\/10\/ae19f9a7-936f-426b-9ed2-f4ad639ac629\"  style=\"object-position:0% 0%\" width=\"2729\"\/>Ordf\u00f8rer Elisabeth Kristin Mikalsen i R\u00f8st kommune.  Foto: Privat \/ VG<\/p>\n<p class=\"_paragraph_1994c_4 _paragraph_xtcu6_10 layout-component text-serif-m layout-normal text-serif-m layout-padded\">\u2013 Hva tenker du om at Spr\u00e5kr\u00e5det n\u00e5 foresl\u00e5r Vest-Lofoten, da?<\/p>\n<p class=\"_paragraph_1994c_4 _paragraph_xtcu6_10 layout-component text-serif-m layout-normal text-serif-m layout-padded\">\u2013 Jeg synes det er litt rart. Det sier kanskje sitt&#8230;<\/p>\n<p class=\"_paragraph_1994c_4 _paragraph_xtcu6_10 layout-component text-serif-m layout-normal text-serif-m layout-padded\">\u2013 Hva mener du med det?<\/p>\n<p class=\"_paragraph_1994c_4 _paragraph_xtcu6_10 layout-component text-serif-m layout-normal text-serif-m layout-padded\">\u2013 Har de sett p\u00e5 kartet? Og sett at det faktisk er R\u00f8st og V\u00e6r\u00f8y som ligger lengst vest i Lofoten? sier Mikalsen, og legger til:<\/p>\n<p class=\"_paragraph_1994c_4 _paragraph_xtcu6_10 layout-component text-serif-m layout-normal text-serif-m layout-padded\">\u2013 Navnet kan derfor fort skape forvirring for dem som ikke er kjent her, eller gi inntrykk av at \u00f8yene v\u00e5re ikke er del av Lofoten.<\/p>\n<p> \u2013 Uheldig<\/p>\n<p class=\"_paragraph_1994c_4 _paragraph_xtcu6_10 layout-component text-serif-m layout-normal text-serif-m layout-padded\">Avdelingsdirekt\u00f8r Daniel Gusfre Ims i Spr\u00e5kr\u00e5det sier navneforslaget Lofoten kommune er uheldig, da sammensl\u00e5ingen per n\u00e5 kun gjelder for to, potensielt tre av seks kommuner i regionen.<\/p>\n<p class=\"_paragraph_1994c_4 _paragraph_xtcu6_10 layout-component text-serif-m layout-normal text-serif-m layout-padded\">\u2013 Det er kanskje det aller mest kjente omr\u00e5denavnet vi har, og dermed er det uheldig dersom det oppst\u00e5r en diskusjon der Lofoten har to ulike betydninger, b\u00e5de som kommunenavn og som navn p\u00e5 en region, sier han.<\/p>\n<p><img decoding=\"async\" alt=\"Bilde av Avdelingsdirekt\u00f8r Daniel Gusfre Ims i Spr\u00e5kr\u00e5det\" class=\"_image_ygndg_42\" height=\"27\" itemprop=\"image\" loading=\"lazy\"  src=\"https:\/\/www.europesays.com\/no\/wp-content\/uploads\/2025\/10\/1aac68a5-46a0-4108-b89d-2a511302f966\"  width=\"40\"\/><strong class=\"_name_ygndg_51 title-serif-xs\">Avdelingsdirekt\u00f8r Daniel Gusfre Ims i Spr\u00e5kr\u00e5det<\/strong><\/p>\n<p class=\"_paragraph_1994c_4 _paragraph_xtcu6_10 layout-component text-serif-m layout-normal text-serif-m layout-padded\"><strong class=\"_strong_1994c_25\">Det er derfor Spr\u00e5kr\u00e5det foresl\u00e5r et tillegg i navnet \u2013 nemlig Vest-Lofoten.<\/strong><\/p>\n<p class=\"_paragraph_1994c_4 _paragraph_xtcu6_10 layout-component text-serif-m layout-normal text-serif-m layout-padded\">\u2013 Men de to kommunene i Lofoten som faktisk ligger lengst vest, er jo R\u00f8st og V\u00e6r\u00f8y?<\/p>\n<p class=\"_paragraph_1994c_4 _paragraph_xtcu6_10 layout-component text-serif-m layout-normal text-serif-m layout-padded\">\u2013 Ja, det kan jo v\u00e6re en innvending. Men n\u00e5 var Vest-Lofoten eller Midt-Lofoten de to  alternativene som ble nevnt fra kommunene selv, og selv om Midt-Lofoten ble mye brukt tidligere, ser vi at Vest-Lofoten faktisk blir mye brukt i dag, sier Ims, og p\u00e5peker:<\/p>\n<p class=\"_paragraph_1994c_4 _paragraph_xtcu6_10 layout-component text-serif-m layout-normal text-serif-m layout-padded\">\u2013 Vest-Lofoten videreg\u00e5ende skoleVest-Lofoten videreg\u00e5ende skoleVest-Lofoten vgs ligger i Vestv\u00e5g\u00f8y kommune. er et eksempel. Og Vest-Lofoten politistasjonVest-Lofoten politistasjonVest-Lofoten politistasjon ligger i Vestv\u00e5g\u00f8y kommune..<\/p>\n<p class=\"_paragraph_1994c_4 _paragraph_xtcu6_10 layout-component text-serif-m layout-normal text-serif-m layout-padded\">Det stemmer at R\u00f8st og V\u00e6r\u00f8y ligger lenger vest, men ogs\u00e5 lenger s\u00f8r, sier Ims.<\/p>\n<p class=\"_paragraph_1994c_4 _paragraph_xtcu6_10 layout-component text-serif-m layout-normal text-serif-m layout-padded\">\u2013 S\u00e5 dere har sett p\u00e5 kartet?<\/p>\n<p class=\"_paragraph_1994c_4 _paragraph_xtcu6_10 layout-component text-serif-m layout-normal text-serif-m layout-padded\">\u2013 Ja, vi har jo det. Men i tilr\u00e5dningen legger vi vekt p\u00e5 navnet som brukes mest, og ikke den konkrete, geografiske spesifikasjonen. <\/p>\n<p> Plan om storkommune<\/p>\n<p class=\"_paragraph_1994c_4 _paragraph_xtcu6_10 layout-component text-serif-m layout-normal text-serif-m layout-padded\">Jonny Finstad, ordf\u00f8rer i Vestv\u00e5g\u00f8y kommune, sier tilr\u00e5dningen fra Spr\u00e5kr\u00e5det er som forventet.<\/p>\n<p class=\"_paragraph_1994c_4 _paragraph_xtcu6_10 layout-component text-serif-m layout-normal text-serif-m layout-padded\">Til VG forklarer han at navneforslaget \u00abLofoten kommune\u00bb er motivert av planene om en storkommune i fremtiden.<\/p>\n<p class=\"_paragraph_1994c_4 _paragraph_xtcu6_10 layout-component text-serif-m layout-normal text-serif-m layout-padded\">\u2013 Vi er n\u00e5 i en prosess om \u00e5 sl\u00e5 sammen to kommuner, potensielt tre. Vi ser ogs\u00e5 for oss at en fjerde kommune, V\u00e5gan, kan bli med. Vi vil ha \u00abLofoten\u00bb med i navnet, ettersom det er verdifullt som et av Norges kanskje fremste merkevarenavn.<\/p>\n<p><img alt=\"Ordf\u00f8rer Jonny Finstad i Vestv\u00e5g\u00f8y kommune.   Foto: Marthe Stoksvik\" class=\"_image_qp4xg_65 layout-component layout-normal\" data-fullscreen- data-track-element-type=\"Article image fullscreen\" data-track-name=\"ImageFullscreen\" decoding=\"async\" loading=\"lazy\" height=\"4480\" itemprop=\"image\"  src=\"https:\/\/www.europesays.com\/no\/wp-content\/uploads\/2025\/10\/c41f82fd-b654-4ba5-ab86-86ee54b5073c\"  style=\"object-position:0% 0%\" width=\"6720\"\/>Ordf\u00f8rer Jonny Finstad i Vestv\u00e5g\u00f8y kommune.   Foto: Marthe Stoksvik<\/p>\n<p class=\"_paragraph_1994c_4 _paragraph_xtcu6_10 layout-component text-serif-m layout-normal text-serif-m layout-padded\">\u2013 Hva med de to andre kommunene i Lofoten?<\/p>\n<p class=\"_paragraph_1994c_4 _paragraph_xtcu6_10 layout-component text-serif-m layout-normal text-serif-m layout-padded\">\u2013 Vi \u00f8nsker i hvert fall en samlet kommune for oss p\u00e5 \u00abfastlandetfastlandetLofoten best\u00e5r av \u00f8yer, men noen av kommunene er koblet sammen med broer og tunneler. Det gjelder ikke R\u00f8st og V\u00e6r\u00f8y.\u00bb. V\u00e6r\u00f8y og R\u00f8st m\u00e5 selv bestemme retningen de vil g\u00e5 i. Men de er hjertelig velkommen de ogs\u00e5! sier Finstad.<\/p>\n<p class=\"_paragraph_1994c_4 _paragraph_xtcu6_10 layout-component text-serif-m layout-normal text-serif-m layout-padded\">Han sier han forst\u00e5r reaksjonene p\u00e5 navneforslaget.<\/p>\n<p class=\"_paragraph_1994c_4 _paragraph_xtcu6_10 layout-component text-serif-m layout-normal text-serif-m layout-padded\">\u2013 Men man kan se p\u00e5 navneforslaget p\u00e5 en annen m\u00e5te, som en invitasjon. Men det har sl\u00e5tt litt mer negativt ut enn vi trodde.<\/p>\n<p> \u2013 D\u00f8ren er ikke \u00e5pen for det<\/p>\n<p class=\"_paragraph_1994c_4 _paragraph_xtcu6_10 layout-component text-serif-m layout-normal text-serif-m layout-padded\">Vidar Thom Benjaminsen, ordf\u00f8rer i V\u00e5gan, er en av dem som har reagert p\u00e5 navnet \u00abLofoten kommune\u00bb. <\/p>\n<p class=\"_paragraph_1994c_4 _paragraph_xtcu6_10 layout-component text-serif-m layout-normal text-serif-m layout-padded\">\u2013 Lofoten er mer enn Moskenes og Vestv\u00e5g\u00f8y, vi er et \u00f8yrike med 25.000 innbyggere og ikke to \u00f8yer med 12.000 innbyggere, sier han til VG.<\/p>\n<p><img alt=\"Ordf\u00f8rer Vidar Thom Benjaminsen i V\u00e5gan kommune.   Foto: Gisle Oddstad \/ VG\" class=\"_image_qp4xg_65 layout-component layout-normal\" data-fullscreen- data-track-element-type=\"Article image fullscreen\" data-track-name=\"ImageFullscreen\" decoding=\"async\" loading=\"lazy\" height=\"5464\" itemprop=\"image\"  src=\"https:\/\/www.europesays.com\/no\/wp-content\/uploads\/2025\/10\/c93273f6-1e79-4c59-bd11-078073f9df90\"  style=\"object-position:0% 0%\" width=\"8192\"\/>Ordf\u00f8rer Vidar Thom Benjaminsen i V\u00e5gan kommune.   Foto: Gisle Oddstad \/ VG<\/p>\n<p class=\"_paragraph_1994c_4 _paragraph_xtcu6_10 layout-component text-serif-m layout-normal text-serif-m layout-padded\">Kommunestyret i V\u00e5gan har nylig fattet vedtak om \u00e5 se p\u00e5 muligheten for en storkommune i fremtiden, forklarer ordf\u00f8reren, f\u00f8r han p\u00e5peker:<\/p>\n<p class=\"_paragraph_1994c_4 _paragraph_xtcu6_10 layout-component text-serif-m layout-normal text-serif-m layout-padded\">\u2013 Men s\u00e5nn som det er i dag, s\u00e5 er ikke d\u00f8ren \u00e5pen for det. Det er greit \u00e5 tenke storkommune, men da m\u00e5 man gj\u00f8re ting i riktig rekkef\u00f8lge. <\/p>\n<p> \u2013 Vi er del av regionen<\/p>\n<p class=\"_paragraph_1994c_4 _paragraph_xtcu6_10 layout-component text-serif-m layout-normal text-serif-m layout-padded\">Ordf\u00f8rer Elisabeth Kristin Mikalsen i R\u00f8st har ikke forslag til et annet navn som Moskenes og Vestv\u00e5g\u00f8y kan velge i stedet for \u00abLofoten\u00bb eller \u00abVest-Lofoten\u00bb kommune.<\/p>\n<p class=\"_paragraph_1994c_4 _paragraph_xtcu6_10 layout-component text-serif-m layout-normal text-serif-m layout-padded\">\u2013 Det overlater jeg til dem. Jeg \u00f8nsker dem lykke til, sier Mikalsen, og legger til:<\/p>\n<p class=\"_paragraph_1994c_4 _paragraph_xtcu6_10 layout-component text-serif-m layout-normal text-serif-m layout-padded\">\u2013 Men jeg h\u00e5per Moskenes og Vestv\u00e5g\u00f8y tenker seg godt om f\u00f8r sitt endelige navnevalg. Vi er alle en del av Lofoten, og det er viktig at ogs\u00e5 geografien og identiteten til de vestlige \u00f8yene blir respektert. <\/p>\n<p><img alt=\"\u00d8ysamfunnet R\u00f8st ligger ute i havgapet i Lofoten.   Foto: Stephen John Baines \/ VG\" class=\"_image_qp4xg_65 layout-component layout-normal\" data-fullscreen- data-track-element-type=\"Article image fullscreen\" data-track-name=\"ImageFullscreen\" decoding=\"async\" loading=\"lazy\" height=\"3528\" itemprop=\"image\"  src=\"https:\/\/www.europesays.com\/no\/wp-content\/uploads\/2025\/10\/d4c4a1f5-b717-413c-a16a-96664e59e419\"  style=\"object-position:0% 0%\" width=\"5292\"\/>\u00d8ysamfunnet R\u00f8st ligger ute i havgapet i Lofoten.   Foto: Stephen John Baines \/ VG<\/p>\n<p class=\"_paragraph_1994c_4 _paragraph_xtcu6_10 layout-component text-serif-m layout-normal text-serif-m layout-padded\">Spr\u00e5kr\u00e5det har gitt sin tilr\u00e5dning til Kommunal- og distriktsdepartementet, som tar den endelige avgj\u00f8relsen om det nye kommunenavnet. De m\u00e5 ikke n\u00f8dvendigvis ta tilr\u00e5dningen fra Spr\u00e5kr\u00e5det videre. <\/p>\n<p class=\"_paragraph_1994c_4 _paragraph_xtcu6_10 layout-component text-serif-m layout-normal text-serif-m layout-padded\">\u2013 S\u00e5 vi f\u00e5r se, sier Mikalsen.<\/p>\n<p class=\"_paragraph_1994c_4 _paragraph_xtcu6_10 layout-component text-serif-m layout-normal text-serif-m layout-padded\">\u2013 Om vi blir skyvet ut, kanskje vi p\u00e5 sikt m\u00e5 bytte navn til Utr\u00f8st, fra sagnet om de tre skarvene, sier hun videre, noe lattermildt.<\/p>\n<p> Moskv\u00e5g og Fleksnes<\/p>\n<p class=\"_paragraph_1994c_4 _paragraph_xtcu6_10 layout-component text-serif-m layout-normal text-serif-m layout-padded\">B\u00e5de Moskenes og Vestv\u00e5g\u00f8y har tatt inn innspill fra innbyggere hva gjelder navneforslaget.<\/p>\n<p class=\"_paragraph_1994c_4 _paragraph_xtcu6_10 layout-component text-serif-m layout-normal text-serif-m layout-padded\">Hanna Sverdrup, ordf\u00f8rer i Moskenes kommune, omtaler navnet \u00abLofoten kommune\u00bb som fremoverlent.<\/p>\n<p><img alt=\"Ordf\u00f8rer Hanna Sverdrup i Moskenes kommune.   Foto: Gisle Oddstad \/ VG\" class=\"_image_qp4xg_65 layout-component layout-normal\" data-fullscreen- data-track-element-type=\"Article image fullscreen\" data-track-name=\"ImageFullscreen\" decoding=\"async\" loading=\"lazy\" height=\"5464\" itemprop=\"image\"  src=\"https:\/\/www.europesays.com\/no\/wp-content\/uploads\/2025\/10\/28c36ada-627d-4b41-b36c-4f77a6f9e709\"  style=\"object-position:0% 0%\" width=\"8192\"\/>Ordf\u00f8rer Hanna Sverdrup i Moskenes kommune.   Foto: Gisle Oddstad \/ VG<\/p>\n<p class=\"_paragraph_1994c_4 _paragraph_xtcu6_10 layout-component text-serif-m layout-normal text-serif-m layout-padded\">\u2013 S\u00e5 det er litt kjedelig at Spr\u00e5kr\u00e5det ikke tilr\u00e5der det, sier hun til VG. <\/p>\n<p class=\"_paragraph_1994c_4 _paragraph_xtcu6_10 layout-component text-serif-m layout-normal text-serif-m layout-padded\">\u2013 Har det dukket opp noen rare navneforslag i prosessen?<\/p>\n<p class=\"_paragraph_1994c_4 _paragraph_xtcu6_10 layout-component text-serif-m layout-normal text-serif-m layout-padded\">\u2013 Ja, Moskv\u00e5g\u00f8y og Moskv\u00e5g, blant annet, sier Jonny Finstad, ordf\u00f8rer i Vestv\u00e5g\u00f8y.<\/p>\n<p class=\"_paragraph_1994c_4 _paragraph_xtcu6_10 layout-component text-serif-m layout-normal text-serif-m layout-padded\">Men den klare vinneren m\u00e5 v\u00e6re forslaget ordf\u00f8rer Vidar Thom Benjaminsen i V\u00e5gan kom over:<\/p>\n<p class=\"_paragraph_1994c_4 _paragraph_xtcu6_10 layout-component text-serif-m layout-normal text-serif-m layout-padded\">\u2013 Jeg s\u00e5 i et kommentarfelt at noen hadde hatt det litt artig. Ved sammensl\u00e5ing av Moskenes, Vestv\u00e5g\u00f8y og Flakstad var det Fleksnes kommune som ble foresl\u00e5tt! <\/p>\n","protected":false},"excerpt":{"rendered":"Moskenes, Vestv\u00e5g\u00f8y og eventuelt Flakstad skal sl\u00e5s sammen til \u00e8n kommune. De \u00f8nsker \u00e5 hete Lofoten kommune, noe&hellip;\n","protected":false},"author":2,"featured_media":51963,"comment_status":"","ping_status":"","sticky":false,"template":"","format":"standard","meta":{"footnotes":""},"categories":[5],"tags":[20,21,24,25,15,19,7951,22,23,803,17,18,3026,13,30,28,29,14,16,26,27],"class_list":{"0":"post-51962","1":"post","2":"type-post","3":"status-publish","4":"format-standard","5":"has-post-thumbnail","7":"category-overskrifter","8":"tag-breaking-news","9":"tag-breakingnews","10":"tag-featured-news","11":"tag-featurednews","12":"tag-headlines","13":"tag-hovedoppslag","14":"tag-kommunesammenslaing","15":"tag-latest-news","16":"tag-latestnews","17":"tag-lofoten","18":"tag-main-news","19":"tag-mainnews","20":"tag-navn","21":"tag-news","22":"tag-no","23":"tag-norge","24":"tag-norway","25":"tag-nyheter","26":"tag-overskrifter","27":"tag-top-stories","28":"tag-topstories"},"share_on_mastodon":{"url":"","error":""},"_links":{"self":[{"href":"https:\/\/www.europesays.com\/no\/wp-json\/wp\/v2\/posts\/51962","targetHints":{"allow":["GET"]}}],"collection":[{"href":"https:\/\/www.europesays.com\/no\/wp-json\/wp\/v2\/posts"}],"about":[{"href":"https:\/\/www.europesays.com\/no\/wp-json\/wp\/v2\/types\/post"}],"author":[{"embeddable":true,"href":"https:\/\/www.europesays.com\/no\/wp-json\/wp\/v2\/users\/2"}],"replies":[{"embeddable":true,"href":"https:\/\/www.europesays.com\/no\/wp-json\/wp\/v2\/comments?post=51962"}],"version-history":[{"count":0,"href":"https:\/\/www.europesays.com\/no\/wp-json\/wp\/v2\/posts\/51962\/revisions"}],"wp:featuredmedia":[{"embeddable":true,"href":"https:\/\/www.europesays.com\/no\/wp-json\/wp\/v2\/media\/51963"}],"wp:attachment":[{"href":"https:\/\/www.europesays.com\/no\/wp-json\/wp\/v2\/media?parent=51962"}],"wp:term":[{"taxonomy":"category","embeddable":true,"href":"https:\/\/www.europesays.com\/no\/wp-json\/wp\/v2\/categories?post=51962"},{"taxonomy":"post_tag","embeddable":true,"href":"https:\/\/www.europesays.com\/no\/wp-json\/wp\/v2\/tags?post=51962"}],"curies":[{"name":"wp","href":"https:\/\/api.w.org\/{rel}","templated":true}]}}