{"id":51970,"date":"2025-10-03T19:06:09","date_gmt":"2025-10-03T19:06:09","guid":{"rendered":"https:\/\/www.europesays.com\/no\/51970\/"},"modified":"2025-10-03T19:06:09","modified_gmt":"2025-10-03T19:06:09","slug":"vaeret-drammen-advarer-for-ekstremvaeret-treffer-skaff-deg-en-beredskapsvenn","status":"publish","type":"post","link":"https:\/\/www.europesays.com\/no\/51970\/","title":{"rendered":"V\u00e6ret, Drammen | Advarer f\u00f8r ekstremv\u00e6ret treffer: \u2013 Skaff deg en beredskapsvenn"},"content":{"rendered":"\n<p><b>DRAMMEN: <\/b>Uv\u00e6ret \u00abAmy\u00bb ventes inn over S\u00f8r-Norge i helga. S\u00f8r\u00f8st politidistrikt gikk fredag ut med <a href=\"https:\/\/www.dt.no\/fa-siste-nytt-om-ekstremvaret-amy\/s\/5-57-2704786?p=lc-10287482-72024-drammenstidende\" rel=\"Follow nofollow noopener\" target=\"_blank\">oppfordringer i forbindelse med det ventede ekstremv\u00e6ret<\/a> og Vestfold interkommunale brannvesen (VIB) har g\u00e5tt ut med en<a href=\"https:\/\/www.dt.no\/fa-siste-nytt-om-ekstremvaret-amy\/s\/5-57-2704786?p=lc-10288439-72024-drammenstidende\" rel=\"Follow nofollow noopener\" target=\"_blank\"> lang advarsel p\u00e5 sine Facebook-sider<\/a>.<\/p>\n<p>Justis- og beredskapsminister Astri Aas-Hansen (Ap) advarer ogs\u00e5 f\u00f8r ekstremv\u00e6ret inntreffer.<\/p>\n<p><b>\u2013 Ekstremv\u00e6ret Amy treffer S\u00f8r-Norge til helgen, og kan bli det kraftigste uv\u00e6ret p\u00e5 mange \u00e5r. Jeg f\u00f8lger situasjonen, og Justis- og beredskapsdepartementet er i dialog med ber\u00f8rte departement og aktuelle etater, sier justisministeren i en e-post til NTB.<\/b><\/p>\n<p>Videre skriver hun til NTB at vi i Norge har god beredskap til \u00e5 h\u00e5ndtere hendelser som dette, og at det ikke er uvanlig med mye vind og nedb\u00f8r her til lands. Likevel kan det v\u00e6re lurt \u00e5 v\u00e6re godt forberedt, r\u00e5der hun.<\/p>\n<p><b>\u2013 Lytt til myndighetenes r\u00e5d, sikre og rydd vekk l\u00f8se ting, se over egen beredskapslageret og hold deg gjerne inne. En venn er alltid kjekt \u00e5 ha, og myndighetene anbefaler alle \u00e5 ha en beredskapsvenn.<\/b><\/p>\n<p>  <a href=\"https:\/\/www.dt.no\/5-57-2705238\" class=\"related-teaser has-image default-story-teaser article--c-eRUmMG article--c-eRUmMG-jKCPdD-design-default\" rel=\"nofollow noopener\" target=\"_blank\"><\/p>\n<p>    <img decoding=\"async\" loading=\"lazy\"  src=\"https:\/\/www.europesays.com\/no\/wp-content\/uploads\/2025\/10\/Stor+bjrk+falt+over+telthuset+p+Bplassen++kranbil+mtte+til+for++fjerne+treet.bin\" alt=\"\" class=\"brick-c-cFOWSL\" style=\"\"\/><\/p>\n<p>\n            Les ogs\u00e5<\/p>\n<p>              Frar\u00e5der bes\u00f8k under ekstremv\u00e6ret: \u2013 \u00d8kt sannsynlighet for at tr\u00e6r vil knekke\n        <\/p>\n<p>  <\/a><br \/>\n  Kan sl\u00e5 flere rekorder<\/p>\n<p>Meteorologisk institutt har p\u00e5 sin side sendt ut hele fem farevarsler for drammensdistriktet i anledning ekstremv\u00e6ret.<\/p>\n<p>N\u00e5r \u00abAmy\u00bb inntreffer l\u00f8rdag, kan b\u00e5de <a href=\"https:\/\/www.dt.no\/fa-siste-nytt-om-ekstremvaret-amy\/s\/5-57-2704786?p=lc-10286545-72024-drammenstidende\" rel=\"Follow nofollow noopener\" target=\"_blank\">nedb\u00f8r og vind knuse tidligere rekorder<\/a> m\u00e5lt ved meteorologisk institutts m\u00e5lestasjoner p\u00e5 Berskog og Marienlyst.<\/p>\n<p>If\u00f8lge farevarselet for Drammen kan det lokalt komme 40\u201350 millimeter regn i l\u00f8pet av 12 timer. Prognosene fra Yr.no viser imidlertid at det kan bli s\u00e5 mye som 133 millimeter i l\u00f8pet av l\u00f8rdag.<\/p>\n<p>For vinden varsles det kraftige vindkast p\u00e5 25\u201332 meter per sekund fra s\u00f8r\u00f8st, som vil minke sist langs Oslofjorden. Det er like sterkt, og potensielt sterkere enn vindkast-rekorden fra Berskog i 2013.<\/p>\n<p><b>\u2013 Dette vil mange steder v\u00e6re blant de kraftigste hendelsene vi har opplevd de siste ti\u00e5rene, advarer Meteorologisk institutt.<\/b><\/p>\n<p>  <a href=\"https:\/\/www.dt.no\/5-57-2704887\" class=\"related-teaser has-image default-story-teaser article--c-eRUmMG article--c-eRUmMG-jKCPdD-design-default\" rel=\"nofollow noopener\" target=\"_blank\"><\/p>\n<p>    <img decoding=\"async\" loading=\"lazy\"  src=\"https:\/\/www.europesays.com\/no\/wp-content\/uploads\/2025\/10\/DSC_1181+RED.jpg\" alt=\"\" class=\"brick-c-cFOWSL\" style=\"\"\/><\/p>\n<p>\n            Les ogs\u00e5<\/p>\n<p>              Vil trosse ekstremv\u00e6ret\n        <\/p>\n<p>  <\/a><\/p>\n<p>  <a href=\"https:\/\/www.dt.no\/5-57-2704762\" class=\"related-teaser has-image default-story-teaser article--c-eRUmMG article--c-eRUmMG-jKCPdD-design-default\" rel=\"nofollow noopener\" target=\"_blank\"><\/p>\n<p>    <img decoding=\"async\" loading=\"lazy\"  src=\"https:\/\/www.europesays.com\/no\/wp-content\/uploads\/2025\/10\/5_57_1943033+20220713_125255.jpg\" alt=\"\" class=\"brick-c-cFOWSL\" style=\"\"\/><\/p>\n<p>\n            Les ogs\u00e5<\/p>\n<p>              Meteorologen med klar oppfordring \u2013 p\u00e5 dette tidspunktet blir det verst\n        <\/p>\n<p>  <\/a><\/p>\n<p>  <a href=\"https:\/\/www.dt.no\/5-57-2704338\" class=\"related-teaser default-story-teaser article--c-eRUmMG article--c-eRUmMG-jKCPdD-design-default article--c-eRUmMG-kpKLOW-cv\" rel=\"nofollow noopener\" target=\"_blank\"><\/p>\n<p>\n            Les ogs\u00e5<\/p>\n<p>              Blir truffet av ekstremv\u00e6r: \u2013 Kan bli kraftigste p\u00e5 25 \u00e5r\n        <\/p>\n<p>  <\/a><\/p>\n","protected":false},"excerpt":{"rendered":"DRAMMEN: Uv\u00e6ret \u00abAmy\u00bb ventes inn over S\u00f8r-Norge i helga. S\u00f8r\u00f8st politidistrikt gikk fredag ut med oppfordringer i forbindelse&hellip;\n","protected":false},"author":2,"featured_media":51971,"comment_status":"","ping_status":"","sticky":false,"template":"","format":"standard","meta":{"footnotes":""},"categories":[10],"tags":[36,20,21,427,7931,24,25,15,22,23,13,30,28,29,14,16,1510,26,27,387],"class_list":{"0":"post-51970","1":"post","2":"type-post","3":"status-publish","4":"format-standard","5":"has-post-thumbnail","7":"category-norge","8":"tag-art","9":"tag-breaking-news","10":"tag-breakingnews","11":"tag-drammen","12":"tag-ekstremvaeret-amy","13":"tag-featured-news","14":"tag-featurednews","15":"tag-headlines","16":"tag-latest-news","17":"tag-latestnews","18":"tag-news","19":"tag-no","20":"tag-norge","21":"tag-norway","22":"tag-nyheter","23":"tag-overskrifter","24":"tag-story","25":"tag-top-stories","26":"tag-topstories","27":"tag-vaeret"},"share_on_mastodon":{"url":"","error":""},"_links":{"self":[{"href":"https:\/\/www.europesays.com\/no\/wp-json\/wp\/v2\/posts\/51970","targetHints":{"allow":["GET"]}}],"collection":[{"href":"https:\/\/www.europesays.com\/no\/wp-json\/wp\/v2\/posts"}],"about":[{"href":"https:\/\/www.europesays.com\/no\/wp-json\/wp\/v2\/types\/post"}],"author":[{"embeddable":true,"href":"https:\/\/www.europesays.com\/no\/wp-json\/wp\/v2\/users\/2"}],"replies":[{"embeddable":true,"href":"https:\/\/www.europesays.com\/no\/wp-json\/wp\/v2\/comments?post=51970"}],"version-history":[{"count":0,"href":"https:\/\/www.europesays.com\/no\/wp-json\/wp\/v2\/posts\/51970\/revisions"}],"wp:featuredmedia":[{"embeddable":true,"href":"https:\/\/www.europesays.com\/no\/wp-json\/wp\/v2\/media\/51971"}],"wp:attachment":[{"href":"https:\/\/www.europesays.com\/no\/wp-json\/wp\/v2\/media?parent=51970"}],"wp:term":[{"taxonomy":"category","embeddable":true,"href":"https:\/\/www.europesays.com\/no\/wp-json\/wp\/v2\/categories?post=51970"},{"taxonomy":"post_tag","embeddable":true,"href":"https:\/\/www.europesays.com\/no\/wp-json\/wp\/v2\/tags?post=51970"}],"curies":[{"name":"wp","href":"https:\/\/api.w.org\/{rel}","templated":true}]}}