{"id":51989,"date":"2025-10-03T19:55:10","date_gmt":"2025-10-03T19:55:10","guid":{"rendered":"https:\/\/www.europesays.com\/no\/51989\/"},"modified":"2025-10-03T19:55:10","modified_gmt":"2025-10-03T19:55:10","slug":"roc-boyz-jobber-med-foxtrot-kontakt","status":"publish","type":"post","link":"https:\/\/www.europesays.com\/no\/51989\/","title":{"rendered":"Roc Boyz jobber med Foxtrot-kontakt"},"content":{"rendered":"<p>N\u00e5 er rapgruppa Roc Boyz fra B\u00e6rum i Marokko, der de if\u00f8lge et innlegg p\u00e5 Instagram spiller inn nytt album:<\/p>\n<p>\u00abVi hilser fra Marokko og vil si at vi slipper album 10. oktober\u00bb, meldte bandet nylig.<\/p>\n<p>Roc Boyz&#8217; manager Dennis Kiil (27) har opplyst til <a href=\"https:\/\/www.tv2.no\/nyheter\/innenriks\/siktet-i-oslo-kidnapping-sier-han-er-pa-tur-med-populaert-band\/18138408\/\" rel=\"nofollow noopener\" target=\"_blank\">TV 2<\/a> at det var en kjent musikkprofil fra Oslo som organiserte turen til Marokko.\u00a0<\/p>\n<p class=\"font-weight-bold m-font-weight-bold\" data-lab-font_weight=\"font-weight-bold\">Dagbladet kan i dag avsl\u00f8re at denne musikkprofilen n\u00e5 er internasjonalt etterlyst &#8211; og at han blir p\u00e5grepet om han forlater Marokko.\u00a0<\/p>\n<p class=\"font-weight-normal m-font-weight-normal\" data-lab-font_weight=\"font-weight-normal\">Mannen har if\u00f8lge Dagbladets kilder kontakter med <a href=\"https:\/\/www.dagbladet.no\/nyheter\/sporene-peker-mot-foxtrot\/83636050\" target=\"_blank\" rel=\"nofollow noopener\">det beryktede Foxtrot-nettverket<\/a>, som skal st\u00e5 bak flere voldsepisoder i Norge den siste tida.<\/p>\n<p>          <img loading=\"lazy\" decoding=\"async\" src=\"https:\/\/www.europesays.com\/no\/wp-content\/uploads\/2025\/10\/83667036.webp\" width=\"686\" height=\"995\" title=\"HILSER FRA MAROKKO: Her er Roc Boyz p\u00e5 plass i Marokko. Bildet ble postet p\u00e5 bandets egen Instagram-profil.\" alt=\"\" class=\"\" style=\"--aspect-ratio-image: 0.69; \"\/><\/p>\n<p>\n          HILSER FRA MAROKKO: Her er Roc Boyz p\u00e5 plass i Marokko. Bildet ble postet p\u00e5 bandets egen Instagram-profil.\n      <\/p>\n<p>Musikkprofilen driver et produksjonsselskap, og Dagbladet f\u00e5r opplyst at musikkprofilen ogs\u00e5 skal ha gjort DJ-jobber sammen med Roc Boyz og produsert musikk for dem tidligere.<\/p>\n<p>Verken bandmedlemmene Henrik Meinich (25), Kristoffer Brandshaug (26) og Morten Undheim Lutn\u00e6s (26), eller manager Dennis Kiil (27), har svart p\u00e5 sp\u00f8rsm\u00e5lene Dagbladet har sendt om musikkprofilen.<\/p>\n<p>Internasjonalt etterlyst\t<\/p>\n<p>If\u00f8lge politiet skal det beryktede svenske Foxtrot-nettverket st\u00e5 bak b\u00e5de et h\u00e5ndgranat-angrep og en kidnapping i Oslo, og en skyteepisode i Sarpsborg der et bolighus ble beskutt.<\/p>\n<p>Musikkprofilen er siktet i den Foxtrot-tilknyttede kidnappingssaken der en Oslo-mann ble bortf\u00f8rt, og familien if\u00f8lge <a href=\"https:\/\/www.vg.no\/nyheter\/i\/Gy481V\/opplysninger-til-vg-familien-fikk-trusselmelding\" rel=\"nofollow noopener\" target=\"_blank\">VG<\/a> ble fors\u00f8kt presset for 15-20 millioner kroner.<\/p>\n<p> Politiadvokat Sonika Sharma-Sundheim, som etterforsker kidnappingssaken, bekrefter overfor Dagbladet at en av de siktede i saken er internasjonalt etterlyst.<\/p>\n<p>Det er if\u00f8lge Dagbladets opplysninger musikkprofilen som n\u00e5 er i Marokko.\u00a0Marokko\u00a0har ingen\u00a0utleveringsavtale\u00a0med Norge. Dermed kan musikkprofilen g\u00e5 fritt rundt i landet\u00a0&#8211;\u00a0som i en \u00e5rrekke har v\u00e6rt\u00a0en trygg havn for\u00a0flere etterlyste norske narkokriminelle. <\/p>\n<p>        23 \u00e5r gamle Enes havnet midt i dramatikken da en det gikk av en granat i Pilestredet i Oslo tirsdag kveld.<\/p>\n<p>Krypterte meldinger\t<\/p>\n<p>Musikkprofilen har en rekke kriminelle koblinger.<\/p>\n<p>Han er selv d\u00f8mt blant annet d\u00f8mt til ett \u00e5r og to m\u00e5neders fengsel for grov ulovlig befatning med skytev\u00e5pen, etter en skyteepisode p\u00e5 Sagene i Oslo i 2018 der ogs\u00e5 broren hans var involvert.\u00a0<\/p>\n<p>I rettspapirer fra Oslo tingrett g\u00e5r det fram at musikkprofilen ogs\u00e5 har dukket opp i det s\u00e5kalte Sky ECC-materialet.<\/p>\n<p>Sky ECC var en kryptert meldingstjeneste som ble brukt av kriminelle til \u00e5 handle med narkotika og bestille grov kriminalitet, f\u00f8r tjenesten ble hacket av nederlandsk og fransk politi.<\/p>\n<p>Musikkprofilen er if\u00f8lge Dagbladets opplysninger ogs\u00e5 personlig venn av en etterlyst norsk mann som if\u00f8lge Kripos skal st\u00e5 bak import av flere hundrevis av kilo med kokain og hasj.\u00a0<\/p>\n<p>          <img loading=\"lazy\" decoding=\"async\" src=\"https:\/\/www.europesays.com\/no\/wp-content\/uploads\/2025\/10\/83667741.webp\" width=\"980\" height=\"1206\" title=\"HVITT PULVER: Her poserer Roc Boyz sammen med musikkprofilen - og det som ser ut som en pose med kokain. Foto: Instagram\" alt=\"\" class=\"\" style=\"--aspect-ratio-image: 0.81; \"\/><\/p>\n<p>\n          HVITT PULVER: Her poserer Roc Boyz sammen med musikkprofilen &#8211; og det som ser ut som en pose med kokain. Foto: Instagram\n      <\/p>\n<p>Rapper om kokain\t<\/p>\n<p>Der Roc Boyz kan kobles til akt\u00f8rer som st\u00e5r midt oppi kokainimport og gjengkrig, er selve stoffet kokain noe som har dukket opp i gruppas sangtekster.<\/p>\n<p class=\"font-weight-bold m-font-weight-bold\" data-lab-font_weight=\"font-weight-bold\"> \u00abVi tar cocaine og alt av drugs\u00bb, melder gruppa i l\u00e5ta \u00abCreem\u00bb, som i skrivende stund er spilt av 37 millioner ganger p\u00e5 Spotify.<\/p>\n<p>Da bandet opptr\u00e5dte p\u00e5 Stavernfestivalen i 2024 kastet de if\u00f8lge <a href=\"https:\/\/www.nrk.no\/vestfoldogtelemark\/kastet-ut-snifferor-til-kokain-pa-stavernfestivalen-1.16956519\" rel=\"nofollow noopener\" target=\"_blank\">NRK<\/a> ut sniffer\u00f8r &#8211; spesiallaget for \u00e5 snorte kokain &#8211; til publikum.<\/p>\n<p>&#8211; De var ikke bra nok. (&#8230;) Det var noen testkaniner som pr\u00f8vde dem, og s\u00e5 sa de at vi kan ikke selge noe som ikke funker, kommenterte Morten Undheim Lutn\u00e6s seinere til <a href=\"https:\/\/www.vg.no\/rampelys\/i\/4B4e4R\/roc-boyz-om-kokain-og-pornoskandalene-uskyldig-moro\" rel=\"nofollow noopener\" target=\"_blank\">VG<\/a>.<\/p>\n<p>        OSLO 23. SEPTEMBER: Det er meldt om en eksplosjon ved Pilestredet i Oslo sentrum tirsdag kveld. Senere gjennomf\u00f8rte politiet en kontrollert sprengning av det de omtaler som en h\u00e5ndgranat p\u00e5 stedet. Video: Marte Nyl\u00f8kken Helseth\/Dagbladet. Reporter: Christina H. Korneliussen<\/p>\n<p>Etterlyst\t<\/p>\n<p>Forsvarer Daniel Storrvik bekrefter at musikkprofilen er etterlyst av norsk politi, men understreker at han ikke er p\u00e5 r\u00f8mmen.<\/p>\n<p class=\"font-weight-bold m-font-weight-bold\" data-lab-font_weight=\"font-weight-bold\">&#8211; Han sier at han er i utlandet p\u00e5 jobb og at han ikke unndrar seg straffeforf\u00f8lgning. Han var der da politiet kontaktet ham og har planlagt \u00e5 komme hjem igjen. Han vil da snakke med politiet, sier Storrvik til Dagbladet.<\/p>\n<p>Forsvareren har ingen kommentar til Dagbladets opplysninger om koblingen til Foxtrot eller andre kriminelle. Musikkprofilen selv har ikke svart p\u00e5 henvendelser fra Dagbladet.<\/p>\n<p>        BISLETT, OSLO: Granatangrepet i Pilestredet p\u00e5 Bislett i Oslo 23. september kan, if\u00f8lge flere av Dagbladets kilder, knyttes til det beryktede, svenske Foxtrot-nettverket. Video: Marte Nyl\u00f8kken Helseth\/Dagbladet\/NTB\/Tips<\/p>\n<p>Internasjonalt etterlyst\t<\/p>\n<p>Politiadvokat Sonika Sharma-Sundheim henviser til forsvarer Daniel Storrvik for sp\u00f8rsm\u00e5l om hans koblinger i det kriminelle milj\u00f8et.<\/p>\n<p>Musikkprofilen er ikke siktet i granatsaken.<\/p>\n<p>&#8211; Det er to parallelle etterforskninger. Vi har et godt samarbeid internt om disse sakene, sier Sharma-Sundheim. <\/p>\n<p>Dagbladet har s\u00f8kt b\u00e5de Roc Boyz og manager Dennis Kiil p\u00e5 telefon, p\u00e5 sms og p\u00e5 WhatsApp. Ingen av meldingene er besvart.\u00a0<\/p>\n<p>En gang tok bandmedlem Morten Lutn\u00e6s telefonen. Han la p\u00e5 da han h\u00f8rte hvem som ringte.<\/p>\n","protected":false},"excerpt":{"rendered":"N\u00e5 er rapgruppa Roc Boyz fra B\u00e6rum i Marokko, der de if\u00f8lge et innlegg p\u00e5 Instagram spiller inn&hellip;\n","protected":false},"author":2,"featured_media":51990,"comment_status":"","ping_status":"","sticky":false,"template":"","format":"standard","meta":{"footnotes":""},"categories":[10],"tags":[20,21,24,25,7185,15,2539,983,22,23,13,30,28,29,14,16,3614,26,27],"class_list":{"0":"post-51989","1":"post","2":"type-post","3":"status-publish","4":"format-standard","5":"has-post-thumbnail","7":"category-norge","8":"tag-breaking-news","9":"tag-breakingnews","10":"tag-featured-news","11":"tag-featurednews","12":"tag-foxtrot","13":"tag-headlines","14":"tag-innenriks","15":"tag-krim","16":"tag-latest-news","17":"tag-latestnews","18":"tag-news","19":"tag-no","20":"tag-norge","21":"tag-norway","22":"tag-nyheter","23":"tag-overskrifter","24":"tag-roc-boyz","25":"tag-top-stories","26":"tag-topstories"},"share_on_mastodon":{"url":"","error":""},"_links":{"self":[{"href":"https:\/\/www.europesays.com\/no\/wp-json\/wp\/v2\/posts\/51989","targetHints":{"allow":["GET"]}}],"collection":[{"href":"https:\/\/www.europesays.com\/no\/wp-json\/wp\/v2\/posts"}],"about":[{"href":"https:\/\/www.europesays.com\/no\/wp-json\/wp\/v2\/types\/post"}],"author":[{"embeddable":true,"href":"https:\/\/www.europesays.com\/no\/wp-json\/wp\/v2\/users\/2"}],"replies":[{"embeddable":true,"href":"https:\/\/www.europesays.com\/no\/wp-json\/wp\/v2\/comments?post=51989"}],"version-history":[{"count":0,"href":"https:\/\/www.europesays.com\/no\/wp-json\/wp\/v2\/posts\/51989\/revisions"}],"wp:featuredmedia":[{"embeddable":true,"href":"https:\/\/www.europesays.com\/no\/wp-json\/wp\/v2\/media\/51990"}],"wp:attachment":[{"href":"https:\/\/www.europesays.com\/no\/wp-json\/wp\/v2\/media?parent=51989"}],"wp:term":[{"taxonomy":"category","embeddable":true,"href":"https:\/\/www.europesays.com\/no\/wp-json\/wp\/v2\/categories?post=51989"},{"taxonomy":"post_tag","embeddable":true,"href":"https:\/\/www.europesays.com\/no\/wp-json\/wp\/v2\/tags?post=51989"}],"curies":[{"name":"wp","href":"https:\/\/api.w.org\/{rel}","templated":true}]}}